{"id":8569,"date":"2016-06-24T09:37:40","date_gmt":"2016-06-24T07:37:40","guid":{"rendered":"https:\/\/www.websupport.sk\/blog\/?p=8569"},"modified":"2025-03-11T21:06:51","modified_gmt":"2025-03-11T20:06:51","slug":"ktore-slovenske-mesto-ma-najkrajsiu-stranku","status":"publish","type":"post","link":"https:\/\/www.websupport.sk\/blog\/2016\/06\/ktore-slovenske-mesto-ma-najkrajsiu-stranku\/","title":{"rendered":"Ktor\u00e9 slovensk\u00e9 mesto m\u00e1 najkraj\u0161iu str\u00e1nku"},"content":{"rendered":"<span class=\"span-reading-time rt-reading-time\" style=\"display: block;\"><span class=\"rt-label rt-prefix\"><b>Doba \u010d\u00edtania:<\/b><\/span> <span class=\"rt-time\"> 4<\/span> <span class=\"rt-label rt-postfix\">min.<\/span><\/span><p>Hlavn\u00fdm \u00fa\u010delom mestskej webovej str\u00e1nky by mala by\u0165 informovanos\u0165 obyvate\u013eov a n\u00e1v\u0161tevn\u00edkov mesta. Preto m\u00f4\u017ee znie\u0165 nadpis \u010dl\u00e1nku\u00a0ako celkom nerelevantn\u00fd. Webov\u00e1 str\u00e1nka by mala tie\u017e sp\u013a\u0148a\u0165 ur\u010dit\u00e9<span class=\"s1\">\u00a0<a href=\"http:\/\/www.informatizacia.sk\/standardy-is-vs\/596s\" target=\"_blank\">\u0161tandardy<\/a>, preto\u017ee by mala sl\u00fa\u017ei\u0165 \u00faplne ka\u017ed\u00e9mu ob\u010danovi.\u00a0<\/span>Pravdou v\u0161ak je, \u017ee preh\u013eadnos\u0165 str\u00e1nky, dizajn a pou\u017eite\u013enos\u0165 \u00fazko s\u00favisia so samotnou funk\u010dnos\u0165ou a doh\u013eadate\u013enos\u0165ou inform\u00e1ci\u00ed.<\/p>\n<p>Str\u00e1nky slovensk\u00fdch miest s\u00fa absol\u00fatne zastaral\u00e9, nereflektuj\u00fa s\u00fa\u010dasn\u00e9 potreby a sp\u00f4soby spr\u00e1vania sa pou\u017e\u00edvate\u013eov na webe.\u00a0Vybra\u0165 najkraj\u0161iu str\u00e1nku spomedzi desiatok archaick\u00fdch &#8222;dev\u00e4\u0165desiatkov\u00fdch&#8220; webov preto nebolo v\u00f4bec jednoduch\u00e9. Na\u0161li sme v\u0161ak zop\u00e1r v\u00fdnimiek, za ktor\u00e9 sa mest\u00e1 nemusia hanbi\u0165 &#8211; i ke\u010f k ide\u00e1lu maj\u00fa e\u0161te st\u00e1le \u010faleko.<\/p>\n<h2><a href=\"http:\/\/www.skalica.sk\/\" target=\"_blank\">8. Skalica<\/a><\/h2>\n<p><a href=\"https:\/\/www.websupport.sk\/blogoads\/sites\/2\/2016\/06\/skalica.jpg\"><img loading=\"lazy\" decoding=\"async\" class=\"aligncenter size-full wp-image-8570\" src=\"https:\/\/www.websupport.sk\/blogoads\/sites\/2\/2016\/06\/skalica.jpg\" alt=\"Skalica\" width=\"800\" height=\"530\" srcset=\"https:\/\/www.websupport.sk\/blog\/app\/uploads\/sites\/2\/2016\/06\/skalica.jpg 800w, https:\/\/www.websupport.sk\/blog\/app\/uploads\/sites\/2\/2016\/06\/skalica-300x199.jpg 300w, https:\/\/www.websupport.sk\/blog\/app\/uploads\/sites\/2\/2016\/06\/skalica-768x509.jpg 768w\" sizes=\"auto, (max-width: 800px) 100vw, 800px\" \/><\/a><\/p>\n<p>Skalica je jedno z najkraj\u0161\u00edch slovensk\u00fdch miest, no webov\u00e1 str\u00e1nka a\u017e tak pekne toto mesto nereprezentuje. <a href=\"http:\/\/www.skalica.sk\/\" target=\"_blank\">Webka<\/a> m\u00e1 s\u00edce po obsahovej str\u00e1nke v\u0161etko, \u010do m\u00e1 mestsk\u00fd web ma\u0165, no absentuje vizu\u00e1lna peknota,\u00a0prepojenia na soci\u00e1lne siete (Facebook, Youtube, Tripadvisor, Istagram), \u010di preh\u013ead kult\u00farnych podujat\u00ed.<\/p>\n<p><a href=\"https:\/\/www.websupport.sk\/blogoads\/sites\/2\/2016\/06\/snimka-obrazovky-2016-06-22-o-11.03.28.png\"><img loading=\"lazy\" decoding=\"async\" class=\"aligncenter size-full wp-image-8575\" src=\"https:\/\/www.websupport.sk\/blogoads\/sites\/2\/2016\/06\/snimka-obrazovky-2016-06-22-o-11.03.28.png\" alt=\"Sni\u0301mka obrazovky 2016-06-22 o\u00a011.03.28\" width=\"1127\" height=\"68\" srcset=\"https:\/\/www.websupport.sk\/blog\/app\/uploads\/sites\/2\/2016\/06\/snimka-obrazovky-2016-06-22-o-11.03.28.png 1127w, https:\/\/www.websupport.sk\/blog\/app\/uploads\/sites\/2\/2016\/06\/snimka-obrazovky-2016-06-22-o-11.03.28-300x18.png 300w, https:\/\/www.websupport.sk\/blog\/app\/uploads\/sites\/2\/2016\/06\/snimka-obrazovky-2016-06-22-o-11.03.28-768x46.png 768w, https:\/\/www.websupport.sk\/blog\/app\/uploads\/sites\/2\/2016\/06\/snimka-obrazovky-2016-06-22-o-11.03.28-1024x62.png 1024w\" sizes=\"auto, (max-width: 1127px) 100vw, 1127px\" \/><\/a><\/p>\n<h2>7. Pie\u0161\u0165any<\/h2>\n<p><a href=\"https:\/\/www.websupport.sk\/blogoads\/sites\/2\/2016\/06\/piestany.jpg\"><img loading=\"lazy\" decoding=\"async\" class=\"aligncenter size-full wp-image-8573\" src=\"https:\/\/www.websupport.sk\/blogoads\/sites\/2\/2016\/06\/piestany.jpg\" alt=\"piestany\" width=\"900\" height=\"600\" srcset=\"https:\/\/www.websupport.sk\/blog\/app\/uploads\/sites\/2\/2016\/06\/piestany.jpg 900w, https:\/\/www.websupport.sk\/blog\/app\/uploads\/sites\/2\/2016\/06\/piestany-300x200.jpg 300w, https:\/\/www.websupport.sk\/blog\/app\/uploads\/sites\/2\/2016\/06\/piestany-768x512.jpg 768w\" sizes=\"auto, (max-width: 900px) 100vw, 900px\" \/><\/a><\/p>\n<p>Na pie\u0161\u0165anskej\u00a0<a href=\"http:\/\/www.piestany.sk\/\" target=\"_blank\">str\u00e1nke<\/a>\u00a0nech\u00fdbaj\u00fa prepojenia na soci\u00e1lne siete, no dizajn webu je z\u00fafalo zastaral\u00fd. Ako vyk\u00fapen\u00ed sa budete c\u00edti\u0165, ked n\u00e1hodou kliknete na\u00a0sekciu &#8222;\u0160portov\u00e9 a kult\u00farne podujatia&#8220;, ktor\u00e1 v\u00e1s hod\u00ed na\u00a0ve\u013emi pekn\u00fa, plne responz\u00edvnu str\u00e1nku <a href=\"http:\/\/www.pic-piestany.sk\/\" target=\"_blank\">Pie\u0161\u0165ansk\u00e9ho informa\u010dn\u00e9ho centra<\/a>.<\/p>\n<p><a href=\"https:\/\/www.websupport.sk\/blogoads\/sites\/2\/2016\/06\/snimka-obrazovky-2016-06-22-o-11.06.47.png\"><img loading=\"lazy\" decoding=\"async\" class=\"aligncenter size-full wp-image-8576\" src=\"https:\/\/www.websupport.sk\/blogoads\/sites\/2\/2016\/06\/snimka-obrazovky-2016-06-22-o-11.06.47.png\" alt=\"Sni\u0301mka obrazovky 2016-06-22 o\u00a011.06.47\" width=\"1129\" height=\"69\" srcset=\"https:\/\/www.websupport.sk\/blog\/app\/uploads\/sites\/2\/2016\/06\/snimka-obrazovky-2016-06-22-o-11.06.47.png 1129w, https:\/\/www.websupport.sk\/blog\/app\/uploads\/sites\/2\/2016\/06\/snimka-obrazovky-2016-06-22-o-11.06.47-300x18.png 300w, https:\/\/www.websupport.sk\/blog\/app\/uploads\/sites\/2\/2016\/06\/snimka-obrazovky-2016-06-22-o-11.06.47-768x47.png 768w, https:\/\/www.websupport.sk\/blog\/app\/uploads\/sites\/2\/2016\/06\/snimka-obrazovky-2016-06-22-o-11.06.47-1024x63.png 1024w\" sizes=\"auto, (max-width: 1129px) 100vw, 1129px\" \/><\/a><\/p>\n<h2>6. Modra<\/h2>\n<p><a href=\"https:\/\/www.websupport.sk\/blogoads\/sites\/2\/2016\/06\/image.jpeg\"><img loading=\"lazy\" decoding=\"async\" class=\"aligncenter wp-image-8574\" src=\"https:\/\/www.websupport.sk\/blogoads\/sites\/2\/2016\/06\/image.jpeg\" alt=\"Modra\" width=\"900\" height=\"600\" srcset=\"https:\/\/www.websupport.sk\/blog\/app\/uploads\/sites\/2\/2016\/06\/image.jpeg 1334w, https:\/\/www.websupport.sk\/blog\/app\/uploads\/sites\/2\/2016\/06\/image-300x200.jpeg 300w, https:\/\/www.websupport.sk\/blog\/app\/uploads\/sites\/2\/2016\/06\/image-768x512.jpeg 768w, https:\/\/www.websupport.sk\/blog\/app\/uploads\/sites\/2\/2016\/06\/image-1024x683.jpeg 1024w, https:\/\/www.websupport.sk\/blog\/app\/uploads\/sites\/2\/2016\/06\/image-1200x801.jpeg 1200w\" sizes=\"auto, (max-width: 900px) 100vw, 900px\" \/><\/a><\/p>\n<p><a href=\"https:\/\/www.modra.sk\/\" target=\"_blank\">Str\u00e1nka<\/a> Modry je na tom podobne, ako Pie\u0161\u0165any. Dizajn webu p\u00f4sob\u00ed ve\u013emi strnuto a od modern\u00e9ho, pou\u017e\u00edvate\u013esky pohodln\u00e9ho webu m\u00e1 e\u0161te st\u00e1le \u010faleko. V ka\u017edom pr\u00edpade, \u0161trukt\u00fara webu nie je zl\u00e1, len by to chcelo men\u0161\u00ed facelifting.<\/p>\n<p><img loading=\"lazy\" decoding=\"async\" class=\"aligncenter size-full wp-image-8575\" src=\"https:\/\/www.websupport.sk\/blogoads\/sites\/2\/2016\/06\/snimka-obrazovky-2016-06-22-o-11.03.28.png\" alt=\"Sni\u0301mka obrazovky 2016-06-22 o\u00a011.03.28\" width=\"1127\" height=\"68\" srcset=\"https:\/\/www.websupport.sk\/blog\/app\/uploads\/sites\/2\/2016\/06\/snimka-obrazovky-2016-06-22-o-11.03.28.png 1127w, https:\/\/www.websupport.sk\/blog\/app\/uploads\/sites\/2\/2016\/06\/snimka-obrazovky-2016-06-22-o-11.03.28-300x18.png 300w, https:\/\/www.websupport.sk\/blog\/app\/uploads\/sites\/2\/2016\/06\/snimka-obrazovky-2016-06-22-o-11.03.28-768x46.png 768w, https:\/\/www.websupport.sk\/blog\/app\/uploads\/sites\/2\/2016\/06\/snimka-obrazovky-2016-06-22-o-11.03.28-1024x62.png 1024w\" sizes=\"auto, (max-width: 1127px) 100vw, 1127px\" \/><\/p>\n<h2>5. Nitra<\/h2>\n<p><a href=\"https:\/\/www.websupport.sk\/blogoads\/sites\/2\/2016\/06\/mesto-nitra.jpeg\"><img loading=\"lazy\" decoding=\"async\" class=\"aligncenter wp-image-8577\" src=\"https:\/\/www.websupport.sk\/blogoads\/sites\/2\/2016\/06\/mesto-nitra.jpeg\" alt=\"mesto-nitra\" width=\"900\" height=\"675\" srcset=\"https:\/\/www.websupport.sk\/blog\/app\/uploads\/sites\/2\/2016\/06\/mesto-nitra.jpeg 2592w, https:\/\/www.websupport.sk\/blog\/app\/uploads\/sites\/2\/2016\/06\/mesto-nitra-300x225.jpeg 300w, https:\/\/www.websupport.sk\/blog\/app\/uploads\/sites\/2\/2016\/06\/mesto-nitra-768x576.jpeg 768w, https:\/\/www.websupport.sk\/blog\/app\/uploads\/sites\/2\/2016\/06\/mesto-nitra-1024x768.jpeg 1024w, https:\/\/www.websupport.sk\/blog\/app\/uploads\/sites\/2\/2016\/06\/mesto-nitra-1200x900.jpeg 1200w\" sizes=\"auto, (max-width: 900px) 100vw, 900px\" \/><\/a><\/p>\n<p>Ofici\u00e1lnej\u00a0<a href=\"https:\/\/www.nitra.sk\/\" target=\"_blank\">str\u00e1nke<\/a>\u00a0Nitry nech\u00fdbaj\u00fa prepojenia na soci\u00e1lne siete (i ke\u010f by padlo vhod target=&#8220;_blank&#8220;), m\u00e1 celkom fajn\u00a0kalend\u00e1r podujat\u00ed, a vlastne v\u0161etko je celkom preh\u013eadn\u00e9. Ch\u00fdba v\u0161ak\u00a0reprezentat\u00edvnej\u0161\u00ed vizu\u00e1l, modern\u00e9 prvky webu, zauj\u00edmav\u00e9 funkcie a vyhyt\u00e1vky pre obyvate\u013eov a turistov. Inak,\u00a0Nitra m\u00e1 celkom zauj\u00edmav\u00fd &#8222;neidentifikovate\u013en\u00fd&#8220; favicon, v\u0161imli ste si?<\/p>\n<p><a href=\"https:\/\/www.websupport.sk\/blogoads\/sites\/2\/2016\/06\/snimka-obrazovky-2016-06-22-o-11.03.28-1.png\"><img loading=\"lazy\" decoding=\"async\" class=\"aligncenter size-full wp-image-8578\" src=\"https:\/\/www.websupport.sk\/blogoads\/sites\/2\/2016\/06\/snimka-obrazovky-2016-06-22-o-11.03.28-1.png\" alt=\"Sni\u0301mka obrazovky 2016-06-22 o\u00a011.03.28\" width=\"1127\" height=\"68\" srcset=\"https:\/\/www.websupport.sk\/blog\/app\/uploads\/sites\/2\/2016\/06\/snimka-obrazovky-2016-06-22-o-11.03.28-1.png 1127w, https:\/\/www.websupport.sk\/blog\/app\/uploads\/sites\/2\/2016\/06\/snimka-obrazovky-2016-06-22-o-11.03.28-1-300x18.png 300w, https:\/\/www.websupport.sk\/blog\/app\/uploads\/sites\/2\/2016\/06\/snimka-obrazovky-2016-06-22-o-11.03.28-1-768x46.png 768w, https:\/\/www.websupport.sk\/blog\/app\/uploads\/sites\/2\/2016\/06\/snimka-obrazovky-2016-06-22-o-11.03.28-1-1024x62.png 1024w\" sizes=\"auto, (max-width: 1127px) 100vw, 1127px\" \/><\/a><\/p>\n<h2>4.\u00a0Martin<\/h2>\n<p><a href=\"https:\/\/www.websupport.sk\/blogoads\/sites\/2\/2016\/06\/martin.jpeg\"><img loading=\"lazy\" decoding=\"async\" class=\"aligncenter wp-image-8579\" src=\"https:\/\/www.websupport.sk\/blogoads\/sites\/2\/2016\/06\/martin.jpeg\" alt=\"martin\" width=\"900\" height=\"495\" srcset=\"https:\/\/www.websupport.sk\/blog\/app\/uploads\/sites\/2\/2016\/06\/martin.jpeg 1580w, https:\/\/www.websupport.sk\/blog\/app\/uploads\/sites\/2\/2016\/06\/martin-300x165.jpeg 300w, https:\/\/www.websupport.sk\/blog\/app\/uploads\/sites\/2\/2016\/06\/martin-768x422.jpeg 768w, https:\/\/www.websupport.sk\/blog\/app\/uploads\/sites\/2\/2016\/06\/martin-1024x563.jpeg 1024w, https:\/\/www.websupport.sk\/blog\/app\/uploads\/sites\/2\/2016\/06\/martin-1200x660.jpeg 1200w\" sizes=\"auto, (max-width: 900px) 100vw, 900px\" \/><\/a><\/p>\n<p><a href=\"http:\/\/martin.sk\/\" target=\"_blank\">Str\u00e1nka<\/a> Martina pon\u00faka super mo\u017enos\u0165\u00a0viru\u00e1lnej prehliadky, n\u00e1jdete tu aj interakt\u00edvne rozdelen\u00fa mapku mestsk\u00fdch \u010dast\u00ed, prepojenia na soci\u00e1lne siete vr\u00e1tane YouTube.<\/p>\n<p><a href=\"https:\/\/www.websupport.sk\/blogoads\/sites\/2\/2016\/06\/snimka-obrazovky-2016-06-22-o-11.03.28-1.png\"><img loading=\"lazy\" decoding=\"async\" class=\"aligncenter size-full wp-image-8578\" src=\"https:\/\/www.websupport.sk\/blogoads\/sites\/2\/2016\/06\/snimka-obrazovky-2016-06-22-o-11.03.28-1.png\" alt=\"Sni\u0301mka obrazovky 2016-06-22 o\u00a011.03.28\" width=\"1127\" height=\"68\" srcset=\"https:\/\/www.websupport.sk\/blog\/app\/uploads\/sites\/2\/2016\/06\/snimka-obrazovky-2016-06-22-o-11.03.28-1.png 1127w, https:\/\/www.websupport.sk\/blog\/app\/uploads\/sites\/2\/2016\/06\/snimka-obrazovky-2016-06-22-o-11.03.28-1-300x18.png 300w, https:\/\/www.websupport.sk\/blog\/app\/uploads\/sites\/2\/2016\/06\/snimka-obrazovky-2016-06-22-o-11.03.28-1-768x46.png 768w, https:\/\/www.websupport.sk\/blog\/app\/uploads\/sites\/2\/2016\/06\/snimka-obrazovky-2016-06-22-o-11.03.28-1-1024x62.png 1024w\" sizes=\"auto, (max-width: 1127px) 100vw, 1127px\" \/><\/a><\/p>\n<h2>3.\u00a0Dunajsk\u00e1 Streda<\/h2>\n<p><a href=\"https:\/\/www.websupport.sk\/blogoads\/sites\/2\/2016\/06\/03-dunajskastreda-big-image.jpg\"><img loading=\"lazy\" decoding=\"async\" class=\"aligncenter wp-image-8580\" src=\"https:\/\/www.websupport.sk\/blogoads\/sites\/2\/2016\/06\/03-dunajskastreda-big-image.jpg\" alt=\"03-dunajskastreda-big-image\" width=\"900\" height=\"602\" srcset=\"https:\/\/www.websupport.sk\/blog\/app\/uploads\/sites\/2\/2016\/06\/03-dunajskastreda-big-image.jpg 600w, https:\/\/www.websupport.sk\/blog\/app\/uploads\/sites\/2\/2016\/06\/03-dunajskastreda-big-image-300x201.jpg 300w\" sizes=\"auto, (max-width: 900px) 100vw, 900px\" \/><\/a><\/p>\n<p>Pri <a href=\"http:\/\/www.dunstreda.sk\/\" target=\"_blank\">str\u00e1nke<\/a> Dunajskej Stredy m\u00f4\u017eme s pokojn\u00fdm svedom\u00edm nap\u00edsa\u0165, \u017ee ide\u00a0o modern\u00fd a reprezrentat\u00edvny web. Rozhodne sa nie je za \u010do hanbi\u0165. Na str\u00e1nke sa objavuj\u00fa r\u00f4zne u\u017eito\u010dn\u00e9 pluginy, dizajn je modern\u00fd a ve\u013emi milo p\u00f4sob\u00ed aj sekcia &#8222;Nap\u00ed\u0161te n\u00e1m&#8220;. Parodoxom v\u0161ak je, \u017ee na str\u00e1nka nie je pr\u00edli\u0161 &#8222;mobile friendly&#8220; a u\u017e v\u00f4bec nie je responz\u00edvna.<\/p>\n<p><a href=\"https:\/\/www.websupport.sk\/blogoads\/sites\/2\/2016\/06\/snimka-obrazovky-2016-06-22-o-11.49.37.png\"><img loading=\"lazy\" decoding=\"async\" class=\"aligncenter size-full wp-image-8581\" src=\"https:\/\/www.websupport.sk\/blogoads\/sites\/2\/2016\/06\/snimka-obrazovky-2016-06-22-o-11.49.37.png\" alt=\"Sni\u0301mka obrazovky 2016-06-22 o\u00a011.49.37\" width=\"2254\" height=\"138\" srcset=\"https:\/\/www.websupport.sk\/blog\/app\/uploads\/sites\/2\/2016\/06\/snimka-obrazovky-2016-06-22-o-11.49.37.png 2254w, https:\/\/www.websupport.sk\/blog\/app\/uploads\/sites\/2\/2016\/06\/snimka-obrazovky-2016-06-22-o-11.49.37-300x18.png 300w, https:\/\/www.websupport.sk\/blog\/app\/uploads\/sites\/2\/2016\/06\/snimka-obrazovky-2016-06-22-o-11.49.37-768x47.png 768w, https:\/\/www.websupport.sk\/blog\/app\/uploads\/sites\/2\/2016\/06\/snimka-obrazovky-2016-06-22-o-11.49.37-1024x63.png 1024w, https:\/\/www.websupport.sk\/blog\/app\/uploads\/sites\/2\/2016\/06\/snimka-obrazovky-2016-06-22-o-11.49.37-1200x73.png 1200w\" sizes=\"auto, (max-width: 2254px) 100vw, 2254px\" \/><\/a><\/p>\n<h2>2.\u00a0Ro\u017e\u0148ava<\/h2>\n<p><a href=\"https:\/\/www.websupport.sk\/blogoads\/sites\/2\/2016\/06\/1209243_10151704428623702_187631384_n.jpg\"><img loading=\"lazy\" decoding=\"async\" class=\"aligncenter size-full wp-image-8582\" src=\"https:\/\/www.websupport.sk\/blogoads\/sites\/2\/2016\/06\/1209243_10151704428623702_187631384_n.jpg\" alt=\"1209243_10151704428623702_187631384_n\" width=\"820\" height=\"549\" srcset=\"https:\/\/www.websupport.sk\/blog\/app\/uploads\/sites\/2\/2016\/06\/1209243_10151704428623702_187631384_n.jpg 820w, https:\/\/www.websupport.sk\/blog\/app\/uploads\/sites\/2\/2016\/06\/1209243_10151704428623702_187631384_n-300x201.jpg 300w, https:\/\/www.websupport.sk\/blog\/app\/uploads\/sites\/2\/2016\/06\/1209243_10151704428623702_187631384_n-768x514.jpg 768w\" sizes=\"auto, (max-width: 820px) 100vw, 820px\" \/><\/a><\/p>\n<p><a href=\"http:\/\/www.roznava.sk\/\" target=\"_blank\">Webka<\/a> Ro\u017e\u0148avy p\u00f4sob\u00ed s\u00edce trochu infantilne, no po dlh\u0161om preklik\u00e1van\u00ed zist\u00edte, \u017ee je celkom preh\u013eadn\u00e1, n\u00e1jdete na nej v\u0161etko d\u00f4le\u017eit\u00e9 a so zvy\u0161kom mestsk\u00fdch webov, ktor\u00e9 sa do zoznamu nedostali, sa ned\u00e1 v r\u00e1mci pou\u017eite\u013enosti absol\u00fatne porovn\u00e1va\u0165. Je responz\u00edvna, prepojen\u00e1 so soci\u00e1lnymi m\u00e9diami a pon\u00faka sekciu pre podnikate\u013eov.<\/p>\n<p><a href=\"https:\/\/www.websupport.sk\/blogoads\/sites\/2\/2016\/06\/snimka-obrazovky-2016-06-22-o-11.03.28-1.png\"><img loading=\"lazy\" decoding=\"async\" class=\"aligncenter size-full wp-image-8578\" src=\"https:\/\/www.websupport.sk\/blogoads\/sites\/2\/2016\/06\/snimka-obrazovky-2016-06-22-o-11.03.28-1.png\" alt=\"Sni\u0301mka obrazovky 2016-06-22 o\u00a011.03.28\" width=\"1127\" height=\"68\" srcset=\"https:\/\/www.websupport.sk\/blog\/app\/uploads\/sites\/2\/2016\/06\/snimka-obrazovky-2016-06-22-o-11.03.28-1.png 1127w, https:\/\/www.websupport.sk\/blog\/app\/uploads\/sites\/2\/2016\/06\/snimka-obrazovky-2016-06-22-o-11.03.28-1-300x18.png 300w, https:\/\/www.websupport.sk\/blog\/app\/uploads\/sites\/2\/2016\/06\/snimka-obrazovky-2016-06-22-o-11.03.28-1-768x46.png 768w, https:\/\/www.websupport.sk\/blog\/app\/uploads\/sites\/2\/2016\/06\/snimka-obrazovky-2016-06-22-o-11.03.28-1-1024x62.png 1024w\" sizes=\"auto, (max-width: 1127px) 100vw, 1127px\" \/><\/a><\/p>\n<h2>1.\u00a0\u0160a\u013ea<\/h2>\n<p><a href=\"https:\/\/www.websupport.sk\/blogoads\/sites\/2\/2016\/06\/sala.jpg\"><img loading=\"lazy\" decoding=\"async\" class=\"aligncenter wp-image-8583\" src=\"https:\/\/www.websupport.sk\/blogoads\/sites\/2\/2016\/06\/sala.jpg\" alt=\"sala\" width=\"800\" height=\"533\" srcset=\"https:\/\/www.websupport.sk\/blog\/app\/uploads\/sites\/2\/2016\/06\/sala.jpg 600w, https:\/\/www.websupport.sk\/blog\/app\/uploads\/sites\/2\/2016\/06\/sala-300x200.jpg 300w\" sizes=\"auto, (max-width: 800px) 100vw, 800px\" \/><\/a><\/p>\n<p>Najkraj\u0161iu <a href=\"http:\/\/www.sala.sk\/\" target=\"_blank\">str\u00e1nku<\/a> m\u00e1 \u0160a\u013ea. Webka m\u00e1 jednoduch\u00fd, modern\u00fd a preh\u013eadn\u00fd vizu\u00e1l, je responz\u00edvna (i ke\u010f aj t\u00e1 m\u00e1 svoje muchy) a prepojen\u00e1 so soci\u00e1lnymi sie\u0165ami (aj pri logine).<\/p>\n<p><a href=\"https:\/\/www.websupport.sk\/blogoads\/sites\/2\/2016\/06\/snimka-obrazovky-2016-06-22-o-11.03.28-1.png\"><img loading=\"lazy\" decoding=\"async\" class=\"aligncenter size-full wp-image-8578\" src=\"https:\/\/www.websupport.sk\/blogoads\/sites\/2\/2016\/06\/snimka-obrazovky-2016-06-22-o-11.03.28-1.png\" alt=\"Sni\u0301mka obrazovky 2016-06-22 o\u00a011.03.28\" width=\"1127\" height=\"68\" srcset=\"https:\/\/www.websupport.sk\/blog\/app\/uploads\/sites\/2\/2016\/06\/snimka-obrazovky-2016-06-22-o-11.03.28-1.png 1127w, https:\/\/www.websupport.sk\/blog\/app\/uploads\/sites\/2\/2016\/06\/snimka-obrazovky-2016-06-22-o-11.03.28-1-300x18.png 300w, https:\/\/www.websupport.sk\/blog\/app\/uploads\/sites\/2\/2016\/06\/snimka-obrazovky-2016-06-22-o-11.03.28-1-768x46.png 768w, https:\/\/www.websupport.sk\/blog\/app\/uploads\/sites\/2\/2016\/06\/snimka-obrazovky-2016-06-22-o-11.03.28-1-1024x62.png 1024w\" sizes=\"auto, (max-width: 1127px) 100vw, 1127px\" \/><\/a><\/p>\n<p>Je n\u00e1m \u00faplne jasn\u00e9, \u017ee obce maj\u00fa hlboko do ka(p)sy pri online prezent\u00e1cii, no zop\u00e1r v\u00fdnimiek sme predsa len na\u0161li. Nech s\u00fa d\u00f4kazom toho, \u017ee sa to d\u00e1 a z\u00e1rove\u0148 v\u00fdzvou pre mestsk\u00e9 \u00farady a mal\u00e9 a kreat\u00edvne \u0161t\u00fadi\u00e1, ktor\u00e9 v spolo\u010dnej kooper\u00e1cii dok\u00e1\u017eu vyk\u00fazli\u0165 na\u0161im mest\u00e1m skvel\u00fa\u00a0online prezent\u00e1ciu.<\/p>\n","protected":false},"excerpt":{"rendered":"<p>Hlavn\u00fdm \u00fa\u010delom mestskej webovej str\u00e1nky by mala by\u0165 informovanos\u0165 obyvate\u013eov a n\u00e1v\u0161tevn\u00edkov mesta. Preto m\u00f4\u017ee znie\u0165 nadpis \u010dl\u00e1nku\u00a0ako celkom nerelevantn\u00fd. Webov\u00e1 str\u00e1nka by mala tie\u017e sp\u013a\u0148a\u0165 ur\u010dit\u00e9\u00a0\u0161tandardy, preto\u017ee by mala sl\u00fa\u017ei\u0165 \u00faplne ka\u017ed\u00e9mu ob\u010danovi.\u00a0Pravdou v\u0161ak je, \u017ee preh\u013eadnos\u0165 str\u00e1nky, dizajn a pou\u017eite\u013enos\u0165 \u00fazko s\u00favisia so samotnou funk\u010dnos\u0165ou a doh\u013eadate\u013enos\u0165ou inform\u00e1ci\u00ed. Str\u00e1nky slovensk\u00fdch miest s\u00fa absol\u00fatne [&hellip;]<\/p>\n","protected":false},"author":85,"featured_media":8596,"comment_status":"open","ping_status":"open","sticky":false,"template":"","format":"standard","meta":{"footnotes":""},"categories":[6,10],"tags":[116,502,717,775,779,822,956,962],"class_list":["post-8569","post","type-post","status-publish","format-standard","has-post-thumbnail","hentry","category-ostatne","category-vzdelavanie-2","tag-blog","tag-mesta-a-stranky","tag-responzivne-mestske-stranky","tag-slovenske-mesta","tag-slovensko","tag-stranky-na-slovensku","tag-websupport","tag-weby-slovenska"],"yoast_head":"<!-- This site is optimized with the Yoast SEO plugin v27.4 - https:\/\/yoast.com\/product\/yoast-seo-wordpress\/ -->\n<title>Ktor\u00e9 slovensk\u00e9 mesto m\u00e1 najkraj\u0161iu str\u00e1nku - Websupport blog<\/title>\n<meta name=\"robots\" content=\"index, follow, max-snippet:-1, max-image-preview:large, max-video-preview:-1\" \/>\n<link rel=\"canonical\" href=\"https:\/\/www.websupport.sk\/blog\/2016\/06\/ktore-slovenske-mesto-ma-najkrajsiu-stranku\/\" \/>\n<meta property=\"og:locale\" content=\"sk_SK\" \/>\n<meta property=\"og:type\" content=\"article\" \/>\n<meta property=\"og:title\" content=\"Ktor\u00e9 slovensk\u00e9 mesto m\u00e1 najkraj\u0161iu str\u00e1nku - Websupport blog\" \/>\n<meta property=\"og:description\" content=\"Hlavn\u00fdm \u00fa\u010delom mestskej webovej str\u00e1nky by mala by\u0165 informovanos\u0165 obyvate\u013eov a n\u00e1v\u0161tevn\u00edkov mesta. Preto m\u00f4\u017ee znie\u0165 nadpis \u010dl\u00e1nku\u00a0ako celkom nerelevantn\u00fd. Webov\u00e1 str\u00e1nka by mala tie\u017e sp\u013a\u0148a\u0165 ur\u010dit\u00e9\u00a0\u0161tandardy, preto\u017ee by mala sl\u00fa\u017ei\u0165 \u00faplne ka\u017ed\u00e9mu ob\u010danovi.\u00a0Pravdou v\u0161ak je, \u017ee preh\u013eadnos\u0165 str\u00e1nky, dizajn a pou\u017eite\u013enos\u0165 \u00fazko s\u00favisia so samotnou funk\u010dnos\u0165ou a doh\u013eadate\u013enos\u0165ou inform\u00e1ci\u00ed. Str\u00e1nky slovensk\u00fdch miest s\u00fa absol\u00fatne [&hellip;]\" \/>\n<meta property=\"og:url\" content=\"https:\/\/www.websupport.sk\/blog\/2016\/06\/ktore-slovenske-mesto-ma-najkrajsiu-stranku\/\" \/>\n<meta property=\"og:site_name\" content=\"Websupport blog\" \/>\n<meta property=\"article:author\" content=\"https:\/\/www.facebook.com\/galgan\" \/>\n<meta property=\"article:published_time\" content=\"2016-06-24T07:37:40+00:00\" \/>\n<meta property=\"article:modified_time\" content=\"2025-03-11T20:06:51+00:00\" \/>\n<meta property=\"og:image\" content=\"https:\/\/www.websupport.sk\/blog\/app\/uploads\/sites\/2\/2016\/06\/thumb-1.png\" \/>\n\t<meta property=\"og:image:width\" content=\"580\" \/>\n\t<meta property=\"og:image:height\" content=\"760\" \/>\n\t<meta property=\"og:image:type\" content=\"image\/png\" \/>\n<meta name=\"author\" content=\"Richard \u010cerm\u00e1k\" \/>\n<meta name=\"twitter:card\" content=\"summary_large_image\" \/>\n<meta name=\"twitter:label1\" content=\"Autor\" \/>\n\t<meta name=\"twitter:data1\" content=\"Richard \u010cerm\u00e1k\" \/>\n\t<meta name=\"twitter:label2\" content=\"Predpokladan\u00fd \u010das \u010d\u00edtania\" \/>\n\t<meta name=\"twitter:data2\" content=\"3 min\u00faty\" \/>\n<script type=\"application\/ld+json\" class=\"yoast-schema-graph\">{\"@context\":\"https:\\\/\\\/schema.org\",\"@graph\":[{\"@type\":\"Article\",\"@id\":\"https:\\\/\\\/www.websupport.sk\\\/blog\\\/2016\\\/06\\\/ktore-slovenske-mesto-ma-najkrajsiu-stranku\\\/#article\",\"isPartOf\":{\"@id\":\"https:\\\/\\\/www.websupport.sk\\\/blog\\\/2016\\\/06\\\/ktore-slovenske-mesto-ma-najkrajsiu-stranku\\\/\"},\"author\":{\"name\":\"Richard \u010cerm\u00e1k\",\"@id\":\"https:\\\/\\\/www.websupport.sk\\\/blog\\\/#\\\/schema\\\/person\\\/c5007b5829a2d6df7a223d5c714ab217\"},\"headline\":\"Ktor\u00e9 slovensk\u00e9 mesto m\u00e1 najkraj\u0161iu str\u00e1nku\",\"datePublished\":\"2016-06-24T07:37:40+00:00\",\"dateModified\":\"2025-03-11T20:06:51+00:00\",\"mainEntityOfPage\":{\"@id\":\"https:\\\/\\\/www.websupport.sk\\\/blog\\\/2016\\\/06\\\/ktore-slovenske-mesto-ma-najkrajsiu-stranku\\\/\"},\"wordCount\":682,\"commentCount\":4,\"publisher\":{\"@id\":\"https:\\\/\\\/www.websupport.sk\\\/blog\\\/#organization\"},\"image\":{\"@id\":\"https:\\\/\\\/www.websupport.sk\\\/blog\\\/2016\\\/06\\\/ktore-slovenske-mesto-ma-najkrajsiu-stranku\\\/#primaryimage\"},\"thumbnailUrl\":\"https:\\\/\\\/www.websupport.sk\\\/blog\\\/app\\\/uploads\\\/sites\\\/2\\\/2016\\\/06\\\/thumb-1.png\",\"keywords\":[\"blog\",\"mesta a stranky\",\"responzivne mestske stranky\",\"slovenske mesta\",\"slovensko\",\"stranky na slovensku\",\"websupport\",\"weby slovenska\"],\"articleSection\":[\"Ostatn\u00e9\",\"Vzdel\u00e1vanie\"],\"inLanguage\":\"sk-SK\",\"potentialAction\":[{\"@type\":\"CommentAction\",\"name\":\"Comment\",\"target\":[\"https:\\\/\\\/www.websupport.sk\\\/blog\\\/2016\\\/06\\\/ktore-slovenske-mesto-ma-najkrajsiu-stranku\\\/#respond\"]}]},{\"@type\":\"WebPage\",\"@id\":\"https:\\\/\\\/www.websupport.sk\\\/blog\\\/2016\\\/06\\\/ktore-slovenske-mesto-ma-najkrajsiu-stranku\\\/\",\"url\":\"https:\\\/\\\/www.websupport.sk\\\/blog\\\/2016\\\/06\\\/ktore-slovenske-mesto-ma-najkrajsiu-stranku\\\/\",\"name\":\"Ktor\u00e9 slovensk\u00e9 mesto m\u00e1 najkraj\u0161iu str\u00e1nku - Websupport blog\",\"isPartOf\":{\"@id\":\"https:\\\/\\\/www.websupport.sk\\\/blog\\\/#website\"},\"primaryImageOfPage\":{\"@id\":\"https:\\\/\\\/www.websupport.sk\\\/blog\\\/2016\\\/06\\\/ktore-slovenske-mesto-ma-najkrajsiu-stranku\\\/#primaryimage\"},\"image\":{\"@id\":\"https:\\\/\\\/www.websupport.sk\\\/blog\\\/2016\\\/06\\\/ktore-slovenske-mesto-ma-najkrajsiu-stranku\\\/#primaryimage\"},\"thumbnailUrl\":\"https:\\\/\\\/www.websupport.sk\\\/blog\\\/app\\\/uploads\\\/sites\\\/2\\\/2016\\\/06\\\/thumb-1.png\",\"datePublished\":\"2016-06-24T07:37:40+00:00\",\"dateModified\":\"2025-03-11T20:06:51+00:00\",\"breadcrumb\":{\"@id\":\"https:\\\/\\\/www.websupport.sk\\\/blog\\\/2016\\\/06\\\/ktore-slovenske-mesto-ma-najkrajsiu-stranku\\\/#breadcrumb\"},\"inLanguage\":\"sk-SK\",\"potentialAction\":[{\"@type\":\"ReadAction\",\"target\":[\"https:\\\/\\\/www.websupport.sk\\\/blog\\\/2016\\\/06\\\/ktore-slovenske-mesto-ma-najkrajsiu-stranku\\\/\"]}]},{\"@type\":\"ImageObject\",\"inLanguage\":\"sk-SK\",\"@id\":\"https:\\\/\\\/www.websupport.sk\\\/blog\\\/2016\\\/06\\\/ktore-slovenske-mesto-ma-najkrajsiu-stranku\\\/#primaryimage\",\"url\":\"https:\\\/\\\/www.websupport.sk\\\/blog\\\/app\\\/uploads\\\/sites\\\/2\\\/2016\\\/06\\\/thumb-1.png\",\"contentUrl\":\"https:\\\/\\\/www.websupport.sk\\\/blog\\\/app\\\/uploads\\\/sites\\\/2\\\/2016\\\/06\\\/thumb-1.png\",\"width\":580,\"height\":760},{\"@type\":\"BreadcrumbList\",\"@id\":\"https:\\\/\\\/www.websupport.sk\\\/blog\\\/2016\\\/06\\\/ktore-slovenske-mesto-ma-najkrajsiu-stranku\\\/#breadcrumb\",\"itemListElement\":[{\"@type\":\"ListItem\",\"position\":1,\"name\":\"Home\",\"item\":\"https:\\\/\\\/www.websupport.sk\\\/blog\\\/\"},{\"@type\":\"ListItem\",\"position\":2,\"name\":\"Ktor\u00e9 slovensk\u00e9 mesto m\u00e1 najkraj\u0161iu str\u00e1nku\"}]},{\"@type\":\"WebSite\",\"@id\":\"https:\\\/\\\/www.websupport.sk\\\/blog\\\/#website\",\"url\":\"https:\\\/\\\/www.websupport.sk\\\/blog\\\/\",\"name\":\"Websupport blog\",\"description\":\"Websupport blog\",\"publisher\":{\"@id\":\"https:\\\/\\\/www.websupport.sk\\\/blog\\\/#organization\"},\"potentialAction\":[{\"@type\":\"SearchAction\",\"target\":{\"@type\":\"EntryPoint\",\"urlTemplate\":\"https:\\\/\\\/www.websupport.sk\\\/blog\\\/?s={search_term_string}\"},\"query-input\":{\"@type\":\"PropertyValueSpecification\",\"valueRequired\":true,\"valueName\":\"search_term_string\"}}],\"inLanguage\":\"sk-SK\"},{\"@type\":\"Organization\",\"@id\":\"https:\\\/\\\/www.websupport.sk\\\/blog\\\/#organization\",\"name\":\"Websupport\",\"url\":\"https:\\\/\\\/www.websupport.sk\\\/blog\\\/\",\"logo\":{\"@type\":\"ImageObject\",\"inLanguage\":\"sk-SK\",\"@id\":\"https:\\\/\\\/www.websupport.sk\\\/blog\\\/#\\\/schema\\\/logo\\\/image\\\/\",\"url\":\"https:\\\/\\\/www.websupport.sk\\\/blog\\\/app\\\/uploads\\\/sites\\\/2\\\/2021\\\/08\\\/websupport-logo.svg\",\"contentUrl\":\"https:\\\/\\\/www.websupport.sk\\\/blog\\\/app\\\/uploads\\\/sites\\\/2\\\/2021\\\/08\\\/websupport-logo.svg\",\"width\":153,\"height\":48,\"caption\":\"Websupport\"},\"image\":{\"@id\":\"https:\\\/\\\/www.websupport.sk\\\/blog\\\/#\\\/schema\\\/logo\\\/image\\\/\"}},{\"@type\":\"Person\",\"@id\":\"https:\\\/\\\/www.websupport.sk\\\/blog\\\/#\\\/schema\\\/person\\\/c5007b5829a2d6df7a223d5c714ab217\",\"name\":\"Richard \u010cerm\u00e1k\",\"image\":{\"@type\":\"ImageObject\",\"inLanguage\":\"sk-SK\",\"@id\":\"https:\\\/\\\/secure.gravatar.com\\\/avatar\\\/69bb230a5d8ccf988f4d1761dbfb4d5687bfc7e3eae26e2b7c1888200e64b1be?s=96&d=mm&r=g\",\"url\":\"https:\\\/\\\/secure.gravatar.com\\\/avatar\\\/69bb230a5d8ccf988f4d1761dbfb4d5687bfc7e3eae26e2b7c1888200e64b1be?s=96&d=mm&r=g\",\"contentUrl\":\"https:\\\/\\\/secure.gravatar.com\\\/avatar\\\/69bb230a5d8ccf988f4d1761dbfb4d5687bfc7e3eae26e2b7c1888200e64b1be?s=96&d=mm&r=g\",\"caption\":\"Richard \u010cerm\u00e1k\"},\"description\":\"Riadi brandov\u00fa \u010das\u0165 slovensk\u00e9ho Websupportu, tvor\u00ed obsahov\u00e9 strat\u00e9gie, partnersk\u00e9 a sponzoringov\u00e9 aktivity, zastre\u0161uje komunik\u00e1ciu firmy.\",\"sameAs\":[\"https:\\\/\\\/www.facebook.com\\\/galgan\",\"https:\\\/\\\/www.instagram.com\\\/richardcermak\\\/\",\"https:\\\/\\\/www.linkedin.com\\\/in\\\/richard-ermk-9a11474b\\\/#snip=false\",\"https:\\\/\\\/soundcloud.com\\\/websupport_sk\"],\"url\":\"https:\\\/\\\/www.websupport.sk\\\/blog\\\/author\\\/richard\\\/\"}]}<\/script>\n<!-- \/ Yoast SEO plugin. -->","yoast_head_json":{"title":"Ktor\u00e9 slovensk\u00e9 mesto m\u00e1 najkraj\u0161iu str\u00e1nku - Websupport blog","robots":{"index":"index","follow":"follow","max-snippet":"max-snippet:-1","max-image-preview":"max-image-preview:large","max-video-preview":"max-video-preview:-1"},"canonical":"https:\/\/www.websupport.sk\/blog\/2016\/06\/ktore-slovenske-mesto-ma-najkrajsiu-stranku\/","og_locale":"sk_SK","og_type":"article","og_title":"Ktor\u00e9 slovensk\u00e9 mesto m\u00e1 najkraj\u0161iu str\u00e1nku - Websupport blog","og_description":"Hlavn\u00fdm \u00fa\u010delom mestskej webovej str\u00e1nky by mala by\u0165 informovanos\u0165 obyvate\u013eov a n\u00e1v\u0161tevn\u00edkov mesta. Preto m\u00f4\u017ee znie\u0165 nadpis \u010dl\u00e1nku\u00a0ako celkom nerelevantn\u00fd. Webov\u00e1 str\u00e1nka by mala tie\u017e sp\u013a\u0148a\u0165 ur\u010dit\u00e9\u00a0\u0161tandardy, preto\u017ee by mala sl\u00fa\u017ei\u0165 \u00faplne ka\u017ed\u00e9mu ob\u010danovi.\u00a0Pravdou v\u0161ak je, \u017ee preh\u013eadnos\u0165 str\u00e1nky, dizajn a pou\u017eite\u013enos\u0165 \u00fazko s\u00favisia so samotnou funk\u010dnos\u0165ou a doh\u013eadate\u013enos\u0165ou inform\u00e1ci\u00ed. Str\u00e1nky slovensk\u00fdch miest s\u00fa absol\u00fatne [&hellip;]","og_url":"https:\/\/www.websupport.sk\/blog\/2016\/06\/ktore-slovenske-mesto-ma-najkrajsiu-stranku\/","og_site_name":"Websupport blog","article_author":"https:\/\/www.facebook.com\/galgan","article_published_time":"2016-06-24T07:37:40+00:00","article_modified_time":"2025-03-11T20:06:51+00:00","og_image":[{"width":580,"height":760,"url":"https:\/\/www.websupport.sk\/blog\/app\/uploads\/sites\/2\/2016\/06\/thumb-1.png","type":"image\/png"}],"author":"Richard \u010cerm\u00e1k","twitter_card":"summary_large_image","twitter_misc":{"Autor":"Richard \u010cerm\u00e1k","Predpokladan\u00fd \u010das \u010d\u00edtania":"3 min\u00faty"},"schema":{"@context":"https:\/\/schema.org","@graph":[{"@type":"Article","@id":"https:\/\/www.websupport.sk\/blog\/2016\/06\/ktore-slovenske-mesto-ma-najkrajsiu-stranku\/#article","isPartOf":{"@id":"https:\/\/www.websupport.sk\/blog\/2016\/06\/ktore-slovenske-mesto-ma-najkrajsiu-stranku\/"},"author":{"name":"Richard \u010cerm\u00e1k","@id":"https:\/\/www.websupport.sk\/blog\/#\/schema\/person\/c5007b5829a2d6df7a223d5c714ab217"},"headline":"Ktor\u00e9 slovensk\u00e9 mesto m\u00e1 najkraj\u0161iu str\u00e1nku","datePublished":"2016-06-24T07:37:40+00:00","dateModified":"2025-03-11T20:06:51+00:00","mainEntityOfPage":{"@id":"https:\/\/www.websupport.sk\/blog\/2016\/06\/ktore-slovenske-mesto-ma-najkrajsiu-stranku\/"},"wordCount":682,"commentCount":4,"publisher":{"@id":"https:\/\/www.websupport.sk\/blog\/#organization"},"image":{"@id":"https:\/\/www.websupport.sk\/blog\/2016\/06\/ktore-slovenske-mesto-ma-najkrajsiu-stranku\/#primaryimage"},"thumbnailUrl":"https:\/\/www.websupport.sk\/blog\/app\/uploads\/sites\/2\/2016\/06\/thumb-1.png","keywords":["blog","mesta a stranky","responzivne mestske stranky","slovenske mesta","slovensko","stranky na slovensku","websupport","weby slovenska"],"articleSection":["Ostatn\u00e9","Vzdel\u00e1vanie"],"inLanguage":"sk-SK","potentialAction":[{"@type":"CommentAction","name":"Comment","target":["https:\/\/www.websupport.sk\/blog\/2016\/06\/ktore-slovenske-mesto-ma-najkrajsiu-stranku\/#respond"]}]},{"@type":"WebPage","@id":"https:\/\/www.websupport.sk\/blog\/2016\/06\/ktore-slovenske-mesto-ma-najkrajsiu-stranku\/","url":"https:\/\/www.websupport.sk\/blog\/2016\/06\/ktore-slovenske-mesto-ma-najkrajsiu-stranku\/","name":"Ktor\u00e9 slovensk\u00e9 mesto m\u00e1 najkraj\u0161iu str\u00e1nku - Websupport blog","isPartOf":{"@id":"https:\/\/www.websupport.sk\/blog\/#website"},"primaryImageOfPage":{"@id":"https:\/\/www.websupport.sk\/blog\/2016\/06\/ktore-slovenske-mesto-ma-najkrajsiu-stranku\/#primaryimage"},"image":{"@id":"https:\/\/www.websupport.sk\/blog\/2016\/06\/ktore-slovenske-mesto-ma-najkrajsiu-stranku\/#primaryimage"},"thumbnailUrl":"https:\/\/www.websupport.sk\/blog\/app\/uploads\/sites\/2\/2016\/06\/thumb-1.png","datePublished":"2016-06-24T07:37:40+00:00","dateModified":"2025-03-11T20:06:51+00:00","breadcrumb":{"@id":"https:\/\/www.websupport.sk\/blog\/2016\/06\/ktore-slovenske-mesto-ma-najkrajsiu-stranku\/#breadcrumb"},"inLanguage":"sk-SK","potentialAction":[{"@type":"ReadAction","target":["https:\/\/www.websupport.sk\/blog\/2016\/06\/ktore-slovenske-mesto-ma-najkrajsiu-stranku\/"]}]},{"@type":"ImageObject","inLanguage":"sk-SK","@id":"https:\/\/www.websupport.sk\/blog\/2016\/06\/ktore-slovenske-mesto-ma-najkrajsiu-stranku\/#primaryimage","url":"https:\/\/www.websupport.sk\/blog\/app\/uploads\/sites\/2\/2016\/06\/thumb-1.png","contentUrl":"https:\/\/www.websupport.sk\/blog\/app\/uploads\/sites\/2\/2016\/06\/thumb-1.png","width":580,"height":760},{"@type":"BreadcrumbList","@id":"https:\/\/www.websupport.sk\/blog\/2016\/06\/ktore-slovenske-mesto-ma-najkrajsiu-stranku\/#breadcrumb","itemListElement":[{"@type":"ListItem","position":1,"name":"Home","item":"https:\/\/www.websupport.sk\/blog\/"},{"@type":"ListItem","position":2,"name":"Ktor\u00e9 slovensk\u00e9 mesto m\u00e1 najkraj\u0161iu str\u00e1nku"}]},{"@type":"WebSite","@id":"https:\/\/www.websupport.sk\/blog\/#website","url":"https:\/\/www.websupport.sk\/blog\/","name":"Websupport blog","description":"Websupport blog","publisher":{"@id":"https:\/\/www.websupport.sk\/blog\/#organization"},"potentialAction":[{"@type":"SearchAction","target":{"@type":"EntryPoint","urlTemplate":"https:\/\/www.websupport.sk\/blog\/?s={search_term_string}"},"query-input":{"@type":"PropertyValueSpecification","valueRequired":true,"valueName":"search_term_string"}}],"inLanguage":"sk-SK"},{"@type":"Organization","@id":"https:\/\/www.websupport.sk\/blog\/#organization","name":"Websupport","url":"https:\/\/www.websupport.sk\/blog\/","logo":{"@type":"ImageObject","inLanguage":"sk-SK","@id":"https:\/\/www.websupport.sk\/blog\/#\/schema\/logo\/image\/","url":"https:\/\/www.websupport.sk\/blog\/app\/uploads\/sites\/2\/2021\/08\/websupport-logo.svg","contentUrl":"https:\/\/www.websupport.sk\/blog\/app\/uploads\/sites\/2\/2021\/08\/websupport-logo.svg","width":153,"height":48,"caption":"Websupport"},"image":{"@id":"https:\/\/www.websupport.sk\/blog\/#\/schema\/logo\/image\/"}},{"@type":"Person","@id":"https:\/\/www.websupport.sk\/blog\/#\/schema\/person\/c5007b5829a2d6df7a223d5c714ab217","name":"Richard \u010cerm\u00e1k","image":{"@type":"ImageObject","inLanguage":"sk-SK","@id":"https:\/\/secure.gravatar.com\/avatar\/69bb230a5d8ccf988f4d1761dbfb4d5687bfc7e3eae26e2b7c1888200e64b1be?s=96&d=mm&r=g","url":"https:\/\/secure.gravatar.com\/avatar\/69bb230a5d8ccf988f4d1761dbfb4d5687bfc7e3eae26e2b7c1888200e64b1be?s=96&d=mm&r=g","contentUrl":"https:\/\/secure.gravatar.com\/avatar\/69bb230a5d8ccf988f4d1761dbfb4d5687bfc7e3eae26e2b7c1888200e64b1be?s=96&d=mm&r=g","caption":"Richard \u010cerm\u00e1k"},"description":"Riadi brandov\u00fa \u010das\u0165 slovensk\u00e9ho Websupportu, tvor\u00ed obsahov\u00e9 strat\u00e9gie, partnersk\u00e9 a sponzoringov\u00e9 aktivity, zastre\u0161uje komunik\u00e1ciu firmy.","sameAs":["https:\/\/www.facebook.com\/galgan","https:\/\/www.instagram.com\/richardcermak\/","https:\/\/www.linkedin.com\/in\/richard-ermk-9a11474b\/#snip=false","https:\/\/soundcloud.com\/websupport_sk"],"url":"https:\/\/www.websupport.sk\/blog\/author\/richard\/"}]}},"_links":{"self":[{"href":"https:\/\/www.websupport.sk\/blog\/wp-json\/wp\/v2\/posts\/8569","targetHints":{"allow":["GET"]}}],"collection":[{"href":"https:\/\/www.websupport.sk\/blog\/wp-json\/wp\/v2\/posts"}],"about":[{"href":"https:\/\/www.websupport.sk\/blog\/wp-json\/wp\/v2\/types\/post"}],"author":[{"embeddable":true,"href":"https:\/\/www.websupport.sk\/blog\/wp-json\/wp\/v2\/users\/85"}],"replies":[{"embeddable":true,"href":"https:\/\/www.websupport.sk\/blog\/wp-json\/wp\/v2\/comments?post=8569"}],"version-history":[{"count":1,"href":"https:\/\/www.websupport.sk\/blog\/wp-json\/wp\/v2\/posts\/8569\/revisions"}],"predecessor-version":[{"id":34074,"href":"https:\/\/www.websupport.sk\/blog\/wp-json\/wp\/v2\/posts\/8569\/revisions\/34074"}],"wp:featuredmedia":[{"embeddable":true,"href":"https:\/\/www.websupport.sk\/blog\/wp-json\/wp\/v2\/media\/8596"}],"wp:attachment":[{"href":"https:\/\/www.websupport.sk\/blog\/wp-json\/wp\/v2\/media?parent=8569"}],"wp:term":[{"taxonomy":"category","embeddable":true,"href":"https:\/\/www.websupport.sk\/blog\/wp-json\/wp\/v2\/categories?post=8569"},{"taxonomy":"post_tag","embeddable":true,"href":"https:\/\/www.websupport.sk\/blog\/wp-json\/wp\/v2\/tags?post=8569"}],"curies":[{"name":"wp","href":"https:\/\/api.w.org\/{rel}","templated":true}]}}