{"id":6838,"date":"2015-10-08T16:01:46","date_gmt":"2015-10-08T14:01:46","guid":{"rendered":"https:\/\/www.websupport.sk\/blog\/?p=6838"},"modified":"2025-03-11T21:06:33","modified_gmt":"2025-03-11T20:06:33","slug":"predstavujeme-noveho-sefa-websupportu","status":"publish","type":"post","link":"https:\/\/www.websupport.sk\/blog\/2015\/10\/predstavujeme-noveho-sefa-websupportu\/","title":{"rendered":"Nov\u00e1 posila do WS &#8211; CEO"},"content":{"rendered":"<span class=\"span-reading-time rt-reading-time\" style=\"display: block;\"><span class=\"rt-label rt-prefix\"><b>Doba \u010d\u00edtania:<\/b><\/span> <span class=\"rt-time\"> 2<\/span> <span class=\"rt-label rt-postfix\">min.<\/span><\/span><p>V poslednom \u010dase som sa venoval viacer\u00fdm startupom a firm\u00e1m. V\u017edy ma to \u0165ahalo do nov\u00fdch a nov\u00fdch dobrodru\u017estiev. Vo WebSupporte som vykon\u00e1val u\u017e viac strategicko &#8211; leadersk\u00fa poz\u00edciu, ako denno denn\u00fa mana\u017e\u00e9rsku pr\u00e1cu, ktor\u00e1 tu potom ch\u00fdbala. Vn\u00edmal som to ako jeden z probl\u00e9mov vo firme. CEO proste mus\u00ed by\u0165 na 100% oddan\u00fd\u00a0jednej veci. Po dlhom prem\u00fd\u0161\u013ean\u00ed a h\u013eadan\u00ed sp\u00f4sobov ako tento probl\u00e9m najlep\u0161ie vyrie\u0161i\u0165 sa to podarilo.<\/p>\n<p>U\u017e od augusta m\u00e1me vo veden\u00ed firmy ve\u013ek\u00fa posilu. Je n\u00edm <a href=\"https:\/\/sk.linkedin.com\/in\/jancifra\" target=\"_blank\">J\u00e1n Cifra<\/a>, ktor\u00fd <strong>sa stal pred p\u00e1r mesiacmi nov\u00fdm CEO<\/strong>. M\u00e1 rozsiahle sk\u00fasenosti z oblasti technol\u00f3gi\u00ed a mana\u017ementu, 2\u00a0roky p\u00f4sobil ako riadite\u013e v spolo\u010dnosti Axasoft. Po\u010das \u0161t\u00fadia MBA na Vlerick Leuven-Gent Management School v Belgicku pracoval pre ING Belgium. Jeho poslednou zast\u00e1vkou pred WebSupportom bolo Piano Media, kde p\u00f4sobil ako finan\u010dn\u00fd riadite\u013e a z\u00e1rove\u0148 business developer zodpovedn\u00fd za komunik\u00e1ciu s vydavate\u013emi z eur\u00f3pskych kraj\u00edn.<\/p>\n<figure id=\"attachment_6865\" aria-describedby=\"caption-attachment-6865\" style=\"width: 606px\" class=\"wp-caption aligncenter\"><img loading=\"lazy\" decoding=\"async\" class=\"wp-image-6865 size-full\" src=\"https:\/\/www.websupport.sk\/blogoads\/sites\/2\/2015\/10\/wigflip-saywhat-11.jpg\" alt=\"jan-cifra-websupport\" width=\"606\" height=\"343\" srcset=\"https:\/\/www.websupport.sk\/blog\/app\/uploads\/sites\/2\/2015\/10\/wigflip-saywhat-11.jpg 606w, https:\/\/www.websupport.sk\/blog\/app\/uploads\/sites\/2\/2015\/10\/wigflip-saywhat-11-300x170.jpg 300w\" sizes=\"auto, (max-width: 606px) 100vw, 606px\" \/><figcaption id=\"caption-attachment-6865\" class=\"wp-caption-text\">Zdroj: Datalan IT Forum 2015<\/figcaption><\/figure>\n<p>U\u017e na z\u00e1klade sk\u00fasenost\u00ed z prv\u00fdch mesiacov som r\u00e1d, \u017ee sa mi podarilo z\u00edska\u0165 lep\u0161ieho CEO ako som ja (a to som neveril, \u017ee niekedy nap\u00ed\u0161em :).\u00a0Som presved\u010den\u00fd, \u017ee spolu so skvel\u00fdm teamom \u013eud\u00ed posunie firmu do e\u0161te lep\u0161\u00edch levelov. Ke\u010f vid\u00edm v\u0161etky pl\u00e1ny, timelinu a tasky ktor\u00e9 s\u00fa pred nami, m\u00e1m st\u00e1le to nad\u0161enie, \u017ee by som najrad\u0161ej preto\u010dil \u010das do bud\u00facna aby som u\u017e videl v\u00fdsledok. Nikdy som nemal lep\u0161\u00ed pocit z teamu vo WebSupporte, ako teraz.<\/p>\n<p>Cel\u00e1 firma aktu\u00e1lne <a href=\"https:\/\/www.websupport.sk\/blog\/2015\/09\/velka-skuska-kvality-websupportu\/\" target=\"_blank\">prech\u00e1dza ve\u013ekou sk\u00fa\u0161kou<\/a>, ke\u010f\u017ee za\u017eila obrovsk\u00fd rast, na ktor\u00fd bolo \u0165a\u017ek\u00e9 sa pripravi\u0165. V s\u00fa\u010dasnosti sa na pozad\u00ed vykon\u00e1vaj\u00fa ve\u013ek\u00e9 technologick\u00e9 zmeny, ktor\u00e9 krok po kroku rie\u0161ia v\u0161etky probl\u00e9my s n\u00e1ro\u010dnou implement\u00e1ciou staronovej infra\u0161trukt\u00fary. Ak v\u00e1s zauj\u00edmaj\u00fa detaily, pre\u010d\u00edtajte si o nich v mojom <a href=\"https:\/\/www.websupport.sk\/blog\/2015\/09\/velka-skuska-kvality-websupportu\/\" target=\"_blank\">poslednom blogposte<\/a>.<\/p>\n<p>Z WebSupportu samozrejme neodch\u00e1dzam. Budem robi\u0165 presne to, \u010do posledn\u00e9 roky. Teraz u\u017e ofici\u00e1lne z poz\u00edcie \u0161\u00e9fa boardu. Spoluvytv\u00e1ra\u0165 strat\u00e9giu a v\u00edziu, kam to m\u00e1 cel\u00e9 smerova\u0165 a nech\u00e1va\u0165 lep\u0161\u00edm \u013eudom ako som ja, aby sa realizovali.\u00a0Budem &#8222;drivova\u0165&#8220; \u010fal\u0161\u00ed rozvoj a na\u010falej nebudem\u00a0s ni\u010d\u00edm spokojn\u00fd :).<\/p>\n<p>Aj v\u010faka tejto zmene bude WS lep\u0161\u00ed ako predt\u00fdm a o tom je na\u0161a filozofia &#8211; st\u00e1le sa zlep\u0161ova\u0165.<\/p>\n<h3><\/h3>\n","protected":false},"excerpt":{"rendered":"<p>V poslednom \u010dase som sa venoval viacer\u00fdm startupom a firm\u00e1m. V\u017edy ma to \u0165ahalo do nov\u00fdch a nov\u00fdch dobrodru\u017estiev. Vo WebSupporte som vykon\u00e1val u\u017e viac strategicko &#8211; leadersk\u00fa poz\u00edciu, ako denno denn\u00fa mana\u017e\u00e9rsku pr\u00e1cu, ktor\u00e1 tu potom ch\u00fdbala. Vn\u00edmal som to ako jeden z probl\u00e9mov vo firme. CEO proste mus\u00ed by\u0165 na 100% oddan\u00fd\u00a0jednej veci. [&hellip;]<\/p>\n","protected":false},"author":23,"featured_media":6857,"comment_status":"open","ping_status":"open","sticky":false,"template":"","format":"standard","meta":{"footnotes":""},"categories":[2,5,9,11],"tags":[139,388,485,506,581,582,721,840,956],"class_list":["post-6838","post","type-post","status-publish","format-standard","has-post-thumbnail","hentry","category-business","category-novinky","category-tlacove-spravy","category-zakulisie","tag-ceo","tag-jan-cifra","tag-mba","tag-michal-truban","tag-novinky-2","tag-novy-riaditel","tag-riaditel","tag-technologie","tag-websupport"],"yoast_head":"<!-- This site is optimized with the Yoast SEO plugin v27.4 - https:\/\/yoast.com\/product\/yoast-seo-wordpress\/ -->\n<title>Nov\u00e1 posila do WS - CEO - Websupport blog<\/title>\n<meta name=\"robots\" content=\"index, follow, max-snippet:-1, max-image-preview:large, max-video-preview:-1\" \/>\n<link rel=\"canonical\" href=\"https:\/\/www.websupport.sk\/blog\/2015\/10\/predstavujeme-noveho-sefa-websupportu\/\" \/>\n<meta property=\"og:locale\" content=\"sk_SK\" \/>\n<meta property=\"og:type\" content=\"article\" \/>\n<meta property=\"og:title\" content=\"Nov\u00e1 posila do WS - CEO - Websupport blog\" \/>\n<meta property=\"og:description\" content=\"V poslednom \u010dase som sa venoval viacer\u00fdm startupom a firm\u00e1m. V\u017edy ma to \u0165ahalo do nov\u00fdch a nov\u00fdch dobrodru\u017estiev. Vo WebSupporte som vykon\u00e1val u\u017e viac strategicko &#8211; leadersk\u00fa poz\u00edciu, ako denno denn\u00fa mana\u017e\u00e9rsku pr\u00e1cu, ktor\u00e1 tu potom ch\u00fdbala. Vn\u00edmal som to ako jeden z probl\u00e9mov vo firme. CEO proste mus\u00ed by\u0165 na 100% oddan\u00fd\u00a0jednej veci. [&hellip;]\" \/>\n<meta property=\"og:url\" content=\"https:\/\/www.websupport.sk\/blog\/2015\/10\/predstavujeme-noveho-sefa-websupportu\/\" \/>\n<meta property=\"og:site_name\" content=\"Websupport blog\" \/>\n<meta property=\"article:published_time\" content=\"2015-10-08T14:01:46+00:00\" \/>\n<meta property=\"article:modified_time\" content=\"2025-03-11T20:06:33+00:00\" \/>\n<meta property=\"og:image\" content=\"https:\/\/www.websupport.sk\/blog\/app\/uploads\/sites\/2\/2015\/10\/blog_small.png\" \/>\n\t<meta property=\"og:image:width\" content=\"290\" \/>\n\t<meta property=\"og:image:height\" content=\"380\" \/>\n\t<meta property=\"og:image:type\" content=\"image\/png\" \/>\n<meta name=\"author\" content=\"Michal Truban\" \/>\n<meta name=\"twitter:card\" content=\"summary_large_image\" \/>\n<meta name=\"twitter:label1\" content=\"Autor\" \/>\n\t<meta name=\"twitter:data1\" content=\"Michal Truban\" \/>\n\t<meta name=\"twitter:label2\" content=\"Predpokladan\u00fd \u010das \u010d\u00edtania\" \/>\n\t<meta name=\"twitter:data2\" content=\"2 min\u00faty\" \/>\n<script type=\"application\/ld+json\" class=\"yoast-schema-graph\">{\"@context\":\"https:\\\/\\\/schema.org\",\"@graph\":[{\"@type\":\"Article\",\"@id\":\"https:\\\/\\\/www.websupport.sk\\\/blog\\\/2015\\\/10\\\/predstavujeme-noveho-sefa-websupportu\\\/#article\",\"isPartOf\":{\"@id\":\"https:\\\/\\\/www.websupport.sk\\\/blog\\\/2015\\\/10\\\/predstavujeme-noveho-sefa-websupportu\\\/\"},\"author\":{\"name\":\"Michal Truban\",\"@id\":\"https:\\\/\\\/www.websupport.sk\\\/blog\\\/#\\\/schema\\\/person\\\/98e0b3d0faed9284e8b92063e20b85d5\"},\"headline\":\"Nov\u00e1 posila do WS &#8211; CEO\",\"datePublished\":\"2015-10-08T14:01:46+00:00\",\"dateModified\":\"2025-03-11T20:06:33+00:00\",\"mainEntityOfPage\":{\"@id\":\"https:\\\/\\\/www.websupport.sk\\\/blog\\\/2015\\\/10\\\/predstavujeme-noveho-sefa-websupportu\\\/\"},\"wordCount\":452,\"commentCount\":17,\"publisher\":{\"@id\":\"https:\\\/\\\/www.websupport.sk\\\/blog\\\/#organization\"},\"image\":{\"@id\":\"https:\\\/\\\/www.websupport.sk\\\/blog\\\/2015\\\/10\\\/predstavujeme-noveho-sefa-websupportu\\\/#primaryimage\"},\"thumbnailUrl\":\"https:\\\/\\\/www.websupport.sk\\\/blog\\\/app\\\/uploads\\\/sites\\\/2\\\/2015\\\/10\\\/blog_small.png\",\"keywords\":[\"ceo\",\"jan cifra\",\"mba\",\"michal truban\",\"novinky\",\"novy riaditel\",\"riaditel\",\"technologie\",\"websupport\"],\"articleSection\":[\"Business\",\"Novinky\",\"Tla\u010dov\u00e9 spr\u00e1vy\",\"Z\u00e1kulisie\"],\"inLanguage\":\"sk-SK\",\"potentialAction\":[{\"@type\":\"CommentAction\",\"name\":\"Comment\",\"target\":[\"https:\\\/\\\/www.websupport.sk\\\/blog\\\/2015\\\/10\\\/predstavujeme-noveho-sefa-websupportu\\\/#respond\"]}]},{\"@type\":\"WebPage\",\"@id\":\"https:\\\/\\\/www.websupport.sk\\\/blog\\\/2015\\\/10\\\/predstavujeme-noveho-sefa-websupportu\\\/\",\"url\":\"https:\\\/\\\/www.websupport.sk\\\/blog\\\/2015\\\/10\\\/predstavujeme-noveho-sefa-websupportu\\\/\",\"name\":\"Nov\u00e1 posila do WS - CEO - Websupport blog\",\"isPartOf\":{\"@id\":\"https:\\\/\\\/www.websupport.sk\\\/blog\\\/#website\"},\"primaryImageOfPage\":{\"@id\":\"https:\\\/\\\/www.websupport.sk\\\/blog\\\/2015\\\/10\\\/predstavujeme-noveho-sefa-websupportu\\\/#primaryimage\"},\"image\":{\"@id\":\"https:\\\/\\\/www.websupport.sk\\\/blog\\\/2015\\\/10\\\/predstavujeme-noveho-sefa-websupportu\\\/#primaryimage\"},\"thumbnailUrl\":\"https:\\\/\\\/www.websupport.sk\\\/blog\\\/app\\\/uploads\\\/sites\\\/2\\\/2015\\\/10\\\/blog_small.png\",\"datePublished\":\"2015-10-08T14:01:46+00:00\",\"dateModified\":\"2025-03-11T20:06:33+00:00\",\"breadcrumb\":{\"@id\":\"https:\\\/\\\/www.websupport.sk\\\/blog\\\/2015\\\/10\\\/predstavujeme-noveho-sefa-websupportu\\\/#breadcrumb\"},\"inLanguage\":\"sk-SK\",\"potentialAction\":[{\"@type\":\"ReadAction\",\"target\":[\"https:\\\/\\\/www.websupport.sk\\\/blog\\\/2015\\\/10\\\/predstavujeme-noveho-sefa-websupportu\\\/\"]}]},{\"@type\":\"ImageObject\",\"inLanguage\":\"sk-SK\",\"@id\":\"https:\\\/\\\/www.websupport.sk\\\/blog\\\/2015\\\/10\\\/predstavujeme-noveho-sefa-websupportu\\\/#primaryimage\",\"url\":\"https:\\\/\\\/www.websupport.sk\\\/blog\\\/app\\\/uploads\\\/sites\\\/2\\\/2015\\\/10\\\/blog_small.png\",\"contentUrl\":\"https:\\\/\\\/www.websupport.sk\\\/blog\\\/app\\\/uploads\\\/sites\\\/2\\\/2015\\\/10\\\/blog_small.png\",\"width\":290,\"height\":380},{\"@type\":\"BreadcrumbList\",\"@id\":\"https:\\\/\\\/www.websupport.sk\\\/blog\\\/2015\\\/10\\\/predstavujeme-noveho-sefa-websupportu\\\/#breadcrumb\",\"itemListElement\":[{\"@type\":\"ListItem\",\"position\":1,\"name\":\"Home\",\"item\":\"https:\\\/\\\/www.websupport.sk\\\/blog\\\/\"},{\"@type\":\"ListItem\",\"position\":2,\"name\":\"Nov\u00e1 posila do WS &#8211; CEO\"}]},{\"@type\":\"WebSite\",\"@id\":\"https:\\\/\\\/www.websupport.sk\\\/blog\\\/#website\",\"url\":\"https:\\\/\\\/www.websupport.sk\\\/blog\\\/\",\"name\":\"Websupport blog\",\"description\":\"Websupport blog\",\"publisher\":{\"@id\":\"https:\\\/\\\/www.websupport.sk\\\/blog\\\/#organization\"},\"potentialAction\":[{\"@type\":\"SearchAction\",\"target\":{\"@type\":\"EntryPoint\",\"urlTemplate\":\"https:\\\/\\\/www.websupport.sk\\\/blog\\\/?s={search_term_string}\"},\"query-input\":{\"@type\":\"PropertyValueSpecification\",\"valueRequired\":true,\"valueName\":\"search_term_string\"}}],\"inLanguage\":\"sk-SK\"},{\"@type\":\"Organization\",\"@id\":\"https:\\\/\\\/www.websupport.sk\\\/blog\\\/#organization\",\"name\":\"Websupport\",\"url\":\"https:\\\/\\\/www.websupport.sk\\\/blog\\\/\",\"logo\":{\"@type\":\"ImageObject\",\"inLanguage\":\"sk-SK\",\"@id\":\"https:\\\/\\\/www.websupport.sk\\\/blog\\\/#\\\/schema\\\/logo\\\/image\\\/\",\"url\":\"https:\\\/\\\/www.websupport.sk\\\/blog\\\/app\\\/uploads\\\/sites\\\/2\\\/2021\\\/08\\\/websupport-logo.svg\",\"contentUrl\":\"https:\\\/\\\/www.websupport.sk\\\/blog\\\/app\\\/uploads\\\/sites\\\/2\\\/2021\\\/08\\\/websupport-logo.svg\",\"width\":153,\"height\":48,\"caption\":\"Websupport\"},\"image\":{\"@id\":\"https:\\\/\\\/www.websupport.sk\\\/blog\\\/#\\\/schema\\\/logo\\\/image\\\/\"}},{\"@type\":\"Person\",\"@id\":\"https:\\\/\\\/www.websupport.sk\\\/blog\\\/#\\\/schema\\\/person\\\/98e0b3d0faed9284e8b92063e20b85d5\",\"name\":\"Michal Truban\",\"image\":{\"@type\":\"ImageObject\",\"inLanguage\":\"sk-SK\",\"@id\":\"https:\\\/\\\/secure.gravatar.com\\\/avatar\\\/02c7521f8fbeff86905aecdc6f9e26a460230e4690f497081fdca64a201afb58?s=96&d=mm&r=g\",\"url\":\"https:\\\/\\\/secure.gravatar.com\\\/avatar\\\/02c7521f8fbeff86905aecdc6f9e26a460230e4690f497081fdca64a201afb58?s=96&d=mm&r=g\",\"contentUrl\":\"https:\\\/\\\/secure.gravatar.com\\\/avatar\\\/02c7521f8fbeff86905aecdc6f9e26a460230e4690f497081fdca64a201afb58?s=96&d=mm&r=g\",\"caption\":\"Michal Truban\"},\"description\":\"Michal vedie naj\u00faspe\u0161nej\u0161\u00ed slovensk\u00fd webhosting u\u017e viac ne\u017e 10 rokov. N\u00e1\u0161 NBA (No Business Administration) je skvel\u00fdm pr\u00edkladom toho, \u017ee poctiv\u00e9 podnikanie sa d\u00e1 robi\u0165 aj v tenisk\u00e1ch a bez zbyto\u010dn\u00fdch formal\u00edt. Podnikanie je pre neho sp\u00f4sob, ako zlep\u0161ova\u0165 svet okolo seba. Podporuje startupov\u00fa komunitu. Miluje \u0161port a ned\u00e1vno zvl\u00e1dol svoj prv\u00fd triatlon.\",\"sameAs\":[\"http:\\\/\\\/websupport.sk\"],\"url\":\"https:\\\/\\\/www.websupport.sk\\\/blog\\\/author\\\/michal-truban\\\/\"}]}<\/script>\n<!-- \/ Yoast SEO plugin. -->","yoast_head_json":{"title":"Nov\u00e1 posila do WS - CEO - Websupport blog","robots":{"index":"index","follow":"follow","max-snippet":"max-snippet:-1","max-image-preview":"max-image-preview:large","max-video-preview":"max-video-preview:-1"},"canonical":"https:\/\/www.websupport.sk\/blog\/2015\/10\/predstavujeme-noveho-sefa-websupportu\/","og_locale":"sk_SK","og_type":"article","og_title":"Nov\u00e1 posila do WS - CEO - Websupport blog","og_description":"V poslednom \u010dase som sa venoval viacer\u00fdm startupom a firm\u00e1m. V\u017edy ma to \u0165ahalo do nov\u00fdch a nov\u00fdch dobrodru\u017estiev. Vo WebSupporte som vykon\u00e1val u\u017e viac strategicko &#8211; leadersk\u00fa poz\u00edciu, ako denno denn\u00fa mana\u017e\u00e9rsku pr\u00e1cu, ktor\u00e1 tu potom ch\u00fdbala. Vn\u00edmal som to ako jeden z probl\u00e9mov vo firme. CEO proste mus\u00ed by\u0165 na 100% oddan\u00fd\u00a0jednej veci. [&hellip;]","og_url":"https:\/\/www.websupport.sk\/blog\/2015\/10\/predstavujeme-noveho-sefa-websupportu\/","og_site_name":"Websupport blog","article_published_time":"2015-10-08T14:01:46+00:00","article_modified_time":"2025-03-11T20:06:33+00:00","og_image":[{"width":290,"height":380,"url":"https:\/\/www.websupport.sk\/blog\/app\/uploads\/sites\/2\/2015\/10\/blog_small.png","type":"image\/png"}],"author":"Michal Truban","twitter_card":"summary_large_image","twitter_misc":{"Autor":"Michal Truban","Predpokladan\u00fd \u010das \u010d\u00edtania":"2 min\u00faty"},"schema":{"@context":"https:\/\/schema.org","@graph":[{"@type":"Article","@id":"https:\/\/www.websupport.sk\/blog\/2015\/10\/predstavujeme-noveho-sefa-websupportu\/#article","isPartOf":{"@id":"https:\/\/www.websupport.sk\/blog\/2015\/10\/predstavujeme-noveho-sefa-websupportu\/"},"author":{"name":"Michal Truban","@id":"https:\/\/www.websupport.sk\/blog\/#\/schema\/person\/98e0b3d0faed9284e8b92063e20b85d5"},"headline":"Nov\u00e1 posila do WS &#8211; CEO","datePublished":"2015-10-08T14:01:46+00:00","dateModified":"2025-03-11T20:06:33+00:00","mainEntityOfPage":{"@id":"https:\/\/www.websupport.sk\/blog\/2015\/10\/predstavujeme-noveho-sefa-websupportu\/"},"wordCount":452,"commentCount":17,"publisher":{"@id":"https:\/\/www.websupport.sk\/blog\/#organization"},"image":{"@id":"https:\/\/www.websupport.sk\/blog\/2015\/10\/predstavujeme-noveho-sefa-websupportu\/#primaryimage"},"thumbnailUrl":"https:\/\/www.websupport.sk\/blog\/app\/uploads\/sites\/2\/2015\/10\/blog_small.png","keywords":["ceo","jan cifra","mba","michal truban","novinky","novy riaditel","riaditel","technologie","websupport"],"articleSection":["Business","Novinky","Tla\u010dov\u00e9 spr\u00e1vy","Z\u00e1kulisie"],"inLanguage":"sk-SK","potentialAction":[{"@type":"CommentAction","name":"Comment","target":["https:\/\/www.websupport.sk\/blog\/2015\/10\/predstavujeme-noveho-sefa-websupportu\/#respond"]}]},{"@type":"WebPage","@id":"https:\/\/www.websupport.sk\/blog\/2015\/10\/predstavujeme-noveho-sefa-websupportu\/","url":"https:\/\/www.websupport.sk\/blog\/2015\/10\/predstavujeme-noveho-sefa-websupportu\/","name":"Nov\u00e1 posila do WS - CEO - Websupport blog","isPartOf":{"@id":"https:\/\/www.websupport.sk\/blog\/#website"},"primaryImageOfPage":{"@id":"https:\/\/www.websupport.sk\/blog\/2015\/10\/predstavujeme-noveho-sefa-websupportu\/#primaryimage"},"image":{"@id":"https:\/\/www.websupport.sk\/blog\/2015\/10\/predstavujeme-noveho-sefa-websupportu\/#primaryimage"},"thumbnailUrl":"https:\/\/www.websupport.sk\/blog\/app\/uploads\/sites\/2\/2015\/10\/blog_small.png","datePublished":"2015-10-08T14:01:46+00:00","dateModified":"2025-03-11T20:06:33+00:00","breadcrumb":{"@id":"https:\/\/www.websupport.sk\/blog\/2015\/10\/predstavujeme-noveho-sefa-websupportu\/#breadcrumb"},"inLanguage":"sk-SK","potentialAction":[{"@type":"ReadAction","target":["https:\/\/www.websupport.sk\/blog\/2015\/10\/predstavujeme-noveho-sefa-websupportu\/"]}]},{"@type":"ImageObject","inLanguage":"sk-SK","@id":"https:\/\/www.websupport.sk\/blog\/2015\/10\/predstavujeme-noveho-sefa-websupportu\/#primaryimage","url":"https:\/\/www.websupport.sk\/blog\/app\/uploads\/sites\/2\/2015\/10\/blog_small.png","contentUrl":"https:\/\/www.websupport.sk\/blog\/app\/uploads\/sites\/2\/2015\/10\/blog_small.png","width":290,"height":380},{"@type":"BreadcrumbList","@id":"https:\/\/www.websupport.sk\/blog\/2015\/10\/predstavujeme-noveho-sefa-websupportu\/#breadcrumb","itemListElement":[{"@type":"ListItem","position":1,"name":"Home","item":"https:\/\/www.websupport.sk\/blog\/"},{"@type":"ListItem","position":2,"name":"Nov\u00e1 posila do WS &#8211; CEO"}]},{"@type":"WebSite","@id":"https:\/\/www.websupport.sk\/blog\/#website","url":"https:\/\/www.websupport.sk\/blog\/","name":"Websupport blog","description":"Websupport blog","publisher":{"@id":"https:\/\/www.websupport.sk\/blog\/#organization"},"potentialAction":[{"@type":"SearchAction","target":{"@type":"EntryPoint","urlTemplate":"https:\/\/www.websupport.sk\/blog\/?s={search_term_string}"},"query-input":{"@type":"PropertyValueSpecification","valueRequired":true,"valueName":"search_term_string"}}],"inLanguage":"sk-SK"},{"@type":"Organization","@id":"https:\/\/www.websupport.sk\/blog\/#organization","name":"Websupport","url":"https:\/\/www.websupport.sk\/blog\/","logo":{"@type":"ImageObject","inLanguage":"sk-SK","@id":"https:\/\/www.websupport.sk\/blog\/#\/schema\/logo\/image\/","url":"https:\/\/www.websupport.sk\/blog\/app\/uploads\/sites\/2\/2021\/08\/websupport-logo.svg","contentUrl":"https:\/\/www.websupport.sk\/blog\/app\/uploads\/sites\/2\/2021\/08\/websupport-logo.svg","width":153,"height":48,"caption":"Websupport"},"image":{"@id":"https:\/\/www.websupport.sk\/blog\/#\/schema\/logo\/image\/"}},{"@type":"Person","@id":"https:\/\/www.websupport.sk\/blog\/#\/schema\/person\/98e0b3d0faed9284e8b92063e20b85d5","name":"Michal Truban","image":{"@type":"ImageObject","inLanguage":"sk-SK","@id":"https:\/\/secure.gravatar.com\/avatar\/02c7521f8fbeff86905aecdc6f9e26a460230e4690f497081fdca64a201afb58?s=96&d=mm&r=g","url":"https:\/\/secure.gravatar.com\/avatar\/02c7521f8fbeff86905aecdc6f9e26a460230e4690f497081fdca64a201afb58?s=96&d=mm&r=g","contentUrl":"https:\/\/secure.gravatar.com\/avatar\/02c7521f8fbeff86905aecdc6f9e26a460230e4690f497081fdca64a201afb58?s=96&d=mm&r=g","caption":"Michal Truban"},"description":"Michal vedie naj\u00faspe\u0161nej\u0161\u00ed slovensk\u00fd webhosting u\u017e viac ne\u017e 10 rokov. N\u00e1\u0161 NBA (No Business Administration) je skvel\u00fdm pr\u00edkladom toho, \u017ee poctiv\u00e9 podnikanie sa d\u00e1 robi\u0165 aj v tenisk\u00e1ch a bez zbyto\u010dn\u00fdch formal\u00edt. Podnikanie je pre neho sp\u00f4sob, ako zlep\u0161ova\u0165 svet okolo seba. Podporuje startupov\u00fa komunitu. Miluje \u0161port a ned\u00e1vno zvl\u00e1dol svoj prv\u00fd triatlon.","sameAs":["http:\/\/websupport.sk"],"url":"https:\/\/www.websupport.sk\/blog\/author\/michal-truban\/"}]}},"_links":{"self":[{"href":"https:\/\/www.websupport.sk\/blog\/wp-json\/wp\/v2\/posts\/6838","targetHints":{"allow":["GET"]}}],"collection":[{"href":"https:\/\/www.websupport.sk\/blog\/wp-json\/wp\/v2\/posts"}],"about":[{"href":"https:\/\/www.websupport.sk\/blog\/wp-json\/wp\/v2\/types\/post"}],"author":[{"embeddable":true,"href":"https:\/\/www.websupport.sk\/blog\/wp-json\/wp\/v2\/users\/23"}],"replies":[{"embeddable":true,"href":"https:\/\/www.websupport.sk\/blog\/wp-json\/wp\/v2\/comments?post=6838"}],"version-history":[{"count":1,"href":"https:\/\/www.websupport.sk\/blog\/wp-json\/wp\/v2\/posts\/6838\/revisions"}],"predecessor-version":[{"id":33849,"href":"https:\/\/www.websupport.sk\/blog\/wp-json\/wp\/v2\/posts\/6838\/revisions\/33849"}],"wp:featuredmedia":[{"embeddable":true,"href":"https:\/\/www.websupport.sk\/blog\/wp-json\/wp\/v2\/media\/6857"}],"wp:attachment":[{"href":"https:\/\/www.websupport.sk\/blog\/wp-json\/wp\/v2\/media?parent=6838"}],"wp:term":[{"taxonomy":"category","embeddable":true,"href":"https:\/\/www.websupport.sk\/blog\/wp-json\/wp\/v2\/categories?post=6838"},{"taxonomy":"post_tag","embeddable":true,"href":"https:\/\/www.websupport.sk\/blog\/wp-json\/wp\/v2\/tags?post=6838"}],"curies":[{"name":"wp","href":"https:\/\/api.w.org\/{rel}","templated":true}]}}