{"id":5308,"date":"2014-07-16T11:01:31","date_gmt":"2014-07-16T09:01:31","guid":{"rendered":"http:\/\/blog.websupport.sk\/?p=5308"},"modified":"2025-03-11T21:06:25","modified_gmt":"2025-03-11T20:06:25","slug":"tedx-bratislava-je-vynimocna-konferencia","status":"publish","type":"post","link":"https:\/\/www.websupport.sk\/blog\/2014\/07\/tedx-bratislava-je-vynimocna-konferencia\/","title":{"rendered":"TEDx Bratislava je v\u00fdnimo\u010dn\u00e1 konferencia"},"content":{"rendered":"<span class=\"span-reading-time rt-reading-time\" style=\"display: block;\"><span class=\"rt-label rt-prefix\"><b>Doba \u010d\u00edtania:<\/b><\/span> <span class=\"rt-time\"> 3<\/span> <span class=\"rt-label rt-postfix\">min.<\/span><\/span><p>Slovensk\u00e1 verzia celosvetovo zn\u00e1mej konferencie <a href=\"http:\/\/www.tedxbratislava.sk\/2014\" title=\"TEDx\" target=\"_blank\">TEDx<\/a> si z\u00edskava st\u00e1le v\u00e4\u010d\u0161iu ob\u013eubu a tento rok sa jej z\u00fa\u010dastnili op\u00e4\u0165 aj zamestnanci WebSupportu. Tentokr\u00e1t sa na TEDx vybrali piati kolegovia, ktor\u00ed sa podelili o svoje dojmy. <!--more--><\/p>\n<p><strong>\u013dubo\u0161 \u013dahk\u00fd<\/strong> (Product Owner)<\/p>\n<p>Bol to m\u00f4j druh\u00fd TEDx Bratislava, no prv\u00fd v nov\u00fdch priestoroch. Nech je Nov\u00e1 budova SND, ak\u00e1 chce, TEDx-u Bratislava neuverite\u013ene sved\u010d\u00ed. Mysl\u00edm, \u017ee ako jedin\u00e9 podujatie v nej dok\u00e1\u017ee vyu\u017ei\u0165 cel\u00fd jej priestor na 100%. Networkovan\u00edm vonku, aktivitami vn\u00fatri a predn\u00e1\u0161kami v s\u00e1le. \u00dapln\u00fd luxus. <\/p>\n<p>Hne\u010f \u00favodn\u00e1 predn\u00e1\u0161ka o nepo\u010duj\u00facich bola pre m\u0148a absol\u00fatnym stelesnen\u00edm TED-u. Uk\u00e1zala mi \u0161pecifick\u00fd svet, ktor\u00fd som len registroval, z tak\u00e9ho zauj\u00edmav\u00e9ho poh\u013eadu, \u017ee si to zrejme nav\u017edy zapam\u00e4t\u00e1m. To sa podarilo e\u0161te aj pani Zore B\u00fatorovej, ktor\u00e1 ma prim\u00e4la inak pozera\u0165 na d\u00f4chodok a d\u00f4chodcov; Jarovi Vinarsk\u00e9mu, ktor\u00fd ma presved\u010dil, \u017ee tanec m\u00e1 mnoho pod\u00f4b; a projektu Rekonstrukce st\u00e1tu, ktor\u00fd ma pobavil svojou pascou na politikov. Z\u00e1vere\u010dn\u00e1 predn\u00e1\u0161ka o splnen\u00ed sna cestou na Ju\u017en\u00fd p\u00f3l bola fakt t\u00fdm vyt\u00fa\u017een\u00fdm zlat\u00fdm klincom. Neostalo mi ni\u010d in\u00e9, ako prida\u0165 sa k standing ovation. \u0160peci\u00e1lne dobr\u00fd pocit som mal z publika. Sr\u0161ala z neho zvedavos\u0165, dobr\u00e1 n\u00e1lada a v\u017edy podr\u017ealo nerv\u00f3znych sp\u00edkrov \u010di s technikou sa tr\u00e1piacich organiz\u00e1torov. Je tu medzi nami mnoho dobr\u00fdch \u013eud\u00ed, minim\u00e1lne za s\u00e1lu<br \/>\nSND, a to je super!<\/p>\n<p><strong>\u0160imon \u0160ipl\u00e1k<\/strong> (Junior Marketing Analyst)<\/p>\n<p>Pokia\u013e si dobre pam\u00e4t\u00e1m, tak tento TEDx bol druh\u00fd kr\u00e1t v SND a organiz\u00e1cia bola tradi\u010dne na dobrej \u00farovni, i ke\u010f im tro\u0161ku utiekol za\u010diatok, ktor\u00fd sa posunul cca. o 20 min\u00fat. Ve\u013emi sa mi p\u00e1\u010dili aktivity mimo hlavn\u00fa s\u00e1lu a mysl\u00edm si, \u017ee boli najlep\u0161ie a najzauj\u00edmavej\u0161ie za posledn\u00e9 3 roky. Najviac som si vychutn\u00e1val aktivitku od Pixel Federation, kde si mohli \u013eudia vysk\u00fa\u0161a\u0165 Oculus. Bola to dos\u0165 pecka a riadne v\u00e1m to oblblo zmysly. Som zvedav\u00fd, \u010do vymyslia na bud\u00faci rok, aby sa prekonali.<\/p>\n<p><strong>Eva Janto\u0161\u00edkov\u00e1<\/strong> (HR manager)<\/p>\n<p>Ve\u013emi sa mi p\u00e1\u010dilo. Konferencia, kde \u010das plynie pr\u00edjemn\u00fdm tempom a m\u00e1te pocit, \u017ee cel\u00fd de\u0148 m\u00e1 48 hod\u00edn. Na konci d\u0148a v\u0161ak v\u00f4bec nie ste unaven\u00ed, lebo program naozaj zaujal a m\u00e1te pocit, \u017ee ste ho vyu\u017eili maxim\u00e1lne u\u017eito\u010dne. Dok\u00e1\u017eete si v\u0161etko naplno u\u017e\u00edva\u0165 a v\u0161etko st\u00edhate. Je to tak\u00e1 in\u00e1 Pohoda. Doteraz mi najviac doznieva posunkov\u00e1 re\u010d, Aero Auto, Plamienok, Exped\u00cdcia na Ju\u017en\u00fd p\u00f3l a zauj\u00edmav\u00e9 info o tom, ako budeme raz najstar\u0161ou gener\u00e1ciou v Eur\u00f3pe.<\/p>\n<p><strong>Mari\u00e1n Ivan<\/strong> (Sales Manager)<\/p>\n<p>Bol to m\u00f4j prv\u00fd TEDx, tak\u017ee m\u00f4\u017eem porovn\u00e1va\u0165 len s klasick\u00fdm, nie nez\u00e1visl\u00fdm TEDom. Hoci viacer\u00e9 t\u00e9my boli zauj\u00edmav\u00e9, ch\u00fdbali mi kvalitnej\u0161ie prezenta\u010dn\u00e9 schopnosti prezentuj\u00facich. T. j. to \u010do, maj\u00fa najm\u00e4 v USA spravidla zvl\u00e1dnut\u00e9 \u00faplne bezkonkuren\u010dne. Ale mysl\u00edm, \u017ee toto sa u\u017e postupne zlep\u0161uje :). Aby som aj pochv\u00e1lil, tak sa mi p\u00e1\u010dila pestros\u0165 t\u00e9m a aj fakt, \u017ee sa u n\u00e1s n\u00e1jdu ve\u013emi zauj\u00edmav\u00e9 n\u00e1pady a \u0161ikovn\u00ed \u013eudia. Len potrebujeme nabra\u0165 v\u00e4\u010d\u0161ie sebavedomie a schopnosti &#8222;sa preda\u0165&#8220;. Ver\u00edm, \u017ee bud\u00faci ro\u010dn\u00edk bude e\u0161te lep\u0161\u00ed.<\/p>\n","protected":false},"excerpt":{"rendered":"<p>Slovensk\u00e1 verzia celosvetovo zn\u00e1mej konferencie TEDx si z\u00edskava st\u00e1le v\u00e4\u010d\u0161iu ob\u013eubu a tento rok sa jej z\u00fa\u010dastnili op\u00e4\u0165 aj zamestnanci WebSupportu. Tentokr\u00e1t sa na TEDx vybrali piati kolegovia, ktor\u00ed sa podelili o svoje dojmy.<\/p>\n","protected":false},"author":85,"featured_media":5578,"comment_status":"open","ping_status":"open","sticky":false,"template":"","format":"standard","meta":{"footnotes":""},"categories":[10,11],"tags":[842,956],"class_list":["post-5308","post","type-post","status-publish","format-standard","has-post-thumbnail","hentry","category-vzdelavanie-2","category-zakulisie","tag-tedx-2","tag-websupport"],"yoast_head":"<!-- This site is optimized with the Yoast SEO plugin v27.4 - https:\/\/yoast.com\/product\/yoast-seo-wordpress\/ -->\n<title>TEDx Bratislava je v\u00fdnimo\u010dn\u00e1 konferencia - Websupport blog<\/title>\n<meta name=\"robots\" content=\"index, follow, max-snippet:-1, max-image-preview:large, max-video-preview:-1\" \/>\n<link rel=\"canonical\" href=\"https:\/\/www.websupport.sk\/blog\/2014\/07\/tedx-bratislava-je-vynimocna-konferencia\/\" \/>\n<meta property=\"og:locale\" content=\"sk_SK\" \/>\n<meta property=\"og:type\" content=\"article\" \/>\n<meta property=\"og:title\" content=\"TEDx Bratislava je v\u00fdnimo\u010dn\u00e1 konferencia - Websupport blog\" \/>\n<meta property=\"og:description\" content=\"Slovensk\u00e1 verzia celosvetovo zn\u00e1mej konferencie TEDx si z\u00edskava st\u00e1le v\u00e4\u010d\u0161iu ob\u013eubu a tento rok sa jej z\u00fa\u010dastnili op\u00e4\u0165 aj zamestnanci WebSupportu. Tentokr\u00e1t sa na TEDx vybrali piati kolegovia, ktor\u00ed sa podelili o svoje dojmy.\" \/>\n<meta property=\"og:url\" content=\"https:\/\/www.websupport.sk\/blog\/2014\/07\/tedx-bratislava-je-vynimocna-konferencia\/\" \/>\n<meta property=\"og:site_name\" content=\"Websupport blog\" \/>\n<meta property=\"article:author\" content=\"https:\/\/www.facebook.com\/galgan\" \/>\n<meta property=\"article:published_time\" content=\"2014-07-16T09:01:31+00:00\" \/>\n<meta property=\"article:modified_time\" content=\"2025-03-11T20:06:25+00:00\" \/>\n<meta property=\"og:image\" content=\"https:\/\/www.websupport.sk\/blog\/app\/uploads\/sites\/2\/2015\/01\/cervena_4.png\" \/>\n\t<meta property=\"og:image:width\" content=\"290\" \/>\n\t<meta property=\"og:image:height\" content=\"200\" \/>\n\t<meta property=\"og:image:type\" content=\"image\/png\" \/>\n<meta name=\"author\" content=\"Richard \u010cerm\u00e1k\" \/>\n<meta name=\"twitter:card\" content=\"summary_large_image\" \/>\n<meta name=\"twitter:label1\" content=\"Autor\" \/>\n\t<meta name=\"twitter:data1\" content=\"Richard \u010cerm\u00e1k\" \/>\n\t<meta name=\"twitter:label2\" content=\"Predpokladan\u00fd \u010das \u010d\u00edtania\" \/>\n\t<meta name=\"twitter:data2\" content=\"3 min\u00faty\" \/>\n<script type=\"application\/ld+json\" class=\"yoast-schema-graph\">{\"@context\":\"https:\\\/\\\/schema.org\",\"@graph\":[{\"@type\":\"Article\",\"@id\":\"https:\\\/\\\/www.websupport.sk\\\/blog\\\/2014\\\/07\\\/tedx-bratislava-je-vynimocna-konferencia\\\/#article\",\"isPartOf\":{\"@id\":\"https:\\\/\\\/www.websupport.sk\\\/blog\\\/2014\\\/07\\\/tedx-bratislava-je-vynimocna-konferencia\\\/\"},\"author\":{\"name\":\"Richard \u010cerm\u00e1k\",\"@id\":\"https:\\\/\\\/www.websupport.sk\\\/blog\\\/#\\\/schema\\\/person\\\/c5007b5829a2d6df7a223d5c714ab217\"},\"headline\":\"TEDx Bratislava je v\u00fdnimo\u010dn\u00e1 konferencia\",\"datePublished\":\"2014-07-16T09:01:31+00:00\",\"dateModified\":\"2025-03-11T20:06:25+00:00\",\"mainEntityOfPage\":{\"@id\":\"https:\\\/\\\/www.websupport.sk\\\/blog\\\/2014\\\/07\\\/tedx-bratislava-je-vynimocna-konferencia\\\/\"},\"wordCount\":620,\"commentCount\":1,\"publisher\":{\"@id\":\"https:\\\/\\\/www.websupport.sk\\\/blog\\\/#organization\"},\"image\":{\"@id\":\"https:\\\/\\\/www.websupport.sk\\\/blog\\\/2014\\\/07\\\/tedx-bratislava-je-vynimocna-konferencia\\\/#primaryimage\"},\"thumbnailUrl\":\"https:\\\/\\\/www.websupport.sk\\\/blog\\\/app\\\/uploads\\\/sites\\\/2\\\/2015\\\/01\\\/cervena_4.png\",\"keywords\":[\"tedx\",\"websupport\"],\"articleSection\":[\"Vzdel\u00e1vanie\",\"Z\u00e1kulisie\"],\"inLanguage\":\"sk-SK\",\"potentialAction\":[{\"@type\":\"CommentAction\",\"name\":\"Comment\",\"target\":[\"https:\\\/\\\/www.websupport.sk\\\/blog\\\/2014\\\/07\\\/tedx-bratislava-je-vynimocna-konferencia\\\/#respond\"]}]},{\"@type\":\"WebPage\",\"@id\":\"https:\\\/\\\/www.websupport.sk\\\/blog\\\/2014\\\/07\\\/tedx-bratislava-je-vynimocna-konferencia\\\/\",\"url\":\"https:\\\/\\\/www.websupport.sk\\\/blog\\\/2014\\\/07\\\/tedx-bratislava-je-vynimocna-konferencia\\\/\",\"name\":\"TEDx Bratislava je v\u00fdnimo\u010dn\u00e1 konferencia - Websupport blog\",\"isPartOf\":{\"@id\":\"https:\\\/\\\/www.websupport.sk\\\/blog\\\/#website\"},\"primaryImageOfPage\":{\"@id\":\"https:\\\/\\\/www.websupport.sk\\\/blog\\\/2014\\\/07\\\/tedx-bratislava-je-vynimocna-konferencia\\\/#primaryimage\"},\"image\":{\"@id\":\"https:\\\/\\\/www.websupport.sk\\\/blog\\\/2014\\\/07\\\/tedx-bratislava-je-vynimocna-konferencia\\\/#primaryimage\"},\"thumbnailUrl\":\"https:\\\/\\\/www.websupport.sk\\\/blog\\\/app\\\/uploads\\\/sites\\\/2\\\/2015\\\/01\\\/cervena_4.png\",\"datePublished\":\"2014-07-16T09:01:31+00:00\",\"dateModified\":\"2025-03-11T20:06:25+00:00\",\"breadcrumb\":{\"@id\":\"https:\\\/\\\/www.websupport.sk\\\/blog\\\/2014\\\/07\\\/tedx-bratislava-je-vynimocna-konferencia\\\/#breadcrumb\"},\"inLanguage\":\"sk-SK\",\"potentialAction\":[{\"@type\":\"ReadAction\",\"target\":[\"https:\\\/\\\/www.websupport.sk\\\/blog\\\/2014\\\/07\\\/tedx-bratislava-je-vynimocna-konferencia\\\/\"]}]},{\"@type\":\"ImageObject\",\"inLanguage\":\"sk-SK\",\"@id\":\"https:\\\/\\\/www.websupport.sk\\\/blog\\\/2014\\\/07\\\/tedx-bratislava-je-vynimocna-konferencia\\\/#primaryimage\",\"url\":\"https:\\\/\\\/www.websupport.sk\\\/blog\\\/app\\\/uploads\\\/sites\\\/2\\\/2015\\\/01\\\/cervena_4.png\",\"contentUrl\":\"https:\\\/\\\/www.websupport.sk\\\/blog\\\/app\\\/uploads\\\/sites\\\/2\\\/2015\\\/01\\\/cervena_4.png\",\"width\":290,\"height\":200},{\"@type\":\"BreadcrumbList\",\"@id\":\"https:\\\/\\\/www.websupport.sk\\\/blog\\\/2014\\\/07\\\/tedx-bratislava-je-vynimocna-konferencia\\\/#breadcrumb\",\"itemListElement\":[{\"@type\":\"ListItem\",\"position\":1,\"name\":\"Home\",\"item\":\"https:\\\/\\\/www.websupport.sk\\\/blog\\\/\"},{\"@type\":\"ListItem\",\"position\":2,\"name\":\"TEDx Bratislava je v\u00fdnimo\u010dn\u00e1 konferencia\"}]},{\"@type\":\"WebSite\",\"@id\":\"https:\\\/\\\/www.websupport.sk\\\/blog\\\/#website\",\"url\":\"https:\\\/\\\/www.websupport.sk\\\/blog\\\/\",\"name\":\"Websupport blog\",\"description\":\"Websupport blog\",\"publisher\":{\"@id\":\"https:\\\/\\\/www.websupport.sk\\\/blog\\\/#organization\"},\"potentialAction\":[{\"@type\":\"SearchAction\",\"target\":{\"@type\":\"EntryPoint\",\"urlTemplate\":\"https:\\\/\\\/www.websupport.sk\\\/blog\\\/?s={search_term_string}\"},\"query-input\":{\"@type\":\"PropertyValueSpecification\",\"valueRequired\":true,\"valueName\":\"search_term_string\"}}],\"inLanguage\":\"sk-SK\"},{\"@type\":\"Organization\",\"@id\":\"https:\\\/\\\/www.websupport.sk\\\/blog\\\/#organization\",\"name\":\"Websupport\",\"url\":\"https:\\\/\\\/www.websupport.sk\\\/blog\\\/\",\"logo\":{\"@type\":\"ImageObject\",\"inLanguage\":\"sk-SK\",\"@id\":\"https:\\\/\\\/www.websupport.sk\\\/blog\\\/#\\\/schema\\\/logo\\\/image\\\/\",\"url\":\"https:\\\/\\\/www.websupport.sk\\\/blog\\\/app\\\/uploads\\\/sites\\\/2\\\/2021\\\/08\\\/websupport-logo.svg\",\"contentUrl\":\"https:\\\/\\\/www.websupport.sk\\\/blog\\\/app\\\/uploads\\\/sites\\\/2\\\/2021\\\/08\\\/websupport-logo.svg\",\"width\":153,\"height\":48,\"caption\":\"Websupport\"},\"image\":{\"@id\":\"https:\\\/\\\/www.websupport.sk\\\/blog\\\/#\\\/schema\\\/logo\\\/image\\\/\"}},{\"@type\":\"Person\",\"@id\":\"https:\\\/\\\/www.websupport.sk\\\/blog\\\/#\\\/schema\\\/person\\\/c5007b5829a2d6df7a223d5c714ab217\",\"name\":\"Richard \u010cerm\u00e1k\",\"image\":{\"@type\":\"ImageObject\",\"inLanguage\":\"sk-SK\",\"@id\":\"https:\\\/\\\/secure.gravatar.com\\\/avatar\\\/69bb230a5d8ccf988f4d1761dbfb4d5687bfc7e3eae26e2b7c1888200e64b1be?s=96&d=mm&r=g\",\"url\":\"https:\\\/\\\/secure.gravatar.com\\\/avatar\\\/69bb230a5d8ccf988f4d1761dbfb4d5687bfc7e3eae26e2b7c1888200e64b1be?s=96&d=mm&r=g\",\"contentUrl\":\"https:\\\/\\\/secure.gravatar.com\\\/avatar\\\/69bb230a5d8ccf988f4d1761dbfb4d5687bfc7e3eae26e2b7c1888200e64b1be?s=96&d=mm&r=g\",\"caption\":\"Richard \u010cerm\u00e1k\"},\"description\":\"Riadi brandov\u00fa \u010das\u0165 slovensk\u00e9ho Websupportu, tvor\u00ed obsahov\u00e9 strat\u00e9gie, partnersk\u00e9 a sponzoringov\u00e9 aktivity, zastre\u0161uje komunik\u00e1ciu firmy.\",\"sameAs\":[\"https:\\\/\\\/www.facebook.com\\\/galgan\",\"https:\\\/\\\/www.instagram.com\\\/richardcermak\\\/\",\"https:\\\/\\\/www.linkedin.com\\\/in\\\/richard-ermk-9a11474b\\\/#snip=false\",\"https:\\\/\\\/soundcloud.com\\\/websupport_sk\"],\"url\":\"https:\\\/\\\/www.websupport.sk\\\/blog\\\/author\\\/richard\\\/\"}]}<\/script>\n<!-- \/ Yoast SEO plugin. -->","yoast_head_json":{"title":"TEDx Bratislava je v\u00fdnimo\u010dn\u00e1 konferencia - Websupport blog","robots":{"index":"index","follow":"follow","max-snippet":"max-snippet:-1","max-image-preview":"max-image-preview:large","max-video-preview":"max-video-preview:-1"},"canonical":"https:\/\/www.websupport.sk\/blog\/2014\/07\/tedx-bratislava-je-vynimocna-konferencia\/","og_locale":"sk_SK","og_type":"article","og_title":"TEDx Bratislava je v\u00fdnimo\u010dn\u00e1 konferencia - Websupport blog","og_description":"Slovensk\u00e1 verzia celosvetovo zn\u00e1mej konferencie TEDx si z\u00edskava st\u00e1le v\u00e4\u010d\u0161iu ob\u013eubu a tento rok sa jej z\u00fa\u010dastnili op\u00e4\u0165 aj zamestnanci WebSupportu. Tentokr\u00e1t sa na TEDx vybrali piati kolegovia, ktor\u00ed sa podelili o svoje dojmy.","og_url":"https:\/\/www.websupport.sk\/blog\/2014\/07\/tedx-bratislava-je-vynimocna-konferencia\/","og_site_name":"Websupport blog","article_author":"https:\/\/www.facebook.com\/galgan","article_published_time":"2014-07-16T09:01:31+00:00","article_modified_time":"2025-03-11T20:06:25+00:00","og_image":[{"width":290,"height":200,"url":"https:\/\/www.websupport.sk\/blog\/app\/uploads\/sites\/2\/2015\/01\/cervena_4.png","type":"image\/png"}],"author":"Richard \u010cerm\u00e1k","twitter_card":"summary_large_image","twitter_misc":{"Autor":"Richard \u010cerm\u00e1k","Predpokladan\u00fd \u010das \u010d\u00edtania":"3 min\u00faty"},"schema":{"@context":"https:\/\/schema.org","@graph":[{"@type":"Article","@id":"https:\/\/www.websupport.sk\/blog\/2014\/07\/tedx-bratislava-je-vynimocna-konferencia\/#article","isPartOf":{"@id":"https:\/\/www.websupport.sk\/blog\/2014\/07\/tedx-bratislava-je-vynimocna-konferencia\/"},"author":{"name":"Richard \u010cerm\u00e1k","@id":"https:\/\/www.websupport.sk\/blog\/#\/schema\/person\/c5007b5829a2d6df7a223d5c714ab217"},"headline":"TEDx Bratislava je v\u00fdnimo\u010dn\u00e1 konferencia","datePublished":"2014-07-16T09:01:31+00:00","dateModified":"2025-03-11T20:06:25+00:00","mainEntityOfPage":{"@id":"https:\/\/www.websupport.sk\/blog\/2014\/07\/tedx-bratislava-je-vynimocna-konferencia\/"},"wordCount":620,"commentCount":1,"publisher":{"@id":"https:\/\/www.websupport.sk\/blog\/#organization"},"image":{"@id":"https:\/\/www.websupport.sk\/blog\/2014\/07\/tedx-bratislava-je-vynimocna-konferencia\/#primaryimage"},"thumbnailUrl":"https:\/\/www.websupport.sk\/blog\/app\/uploads\/sites\/2\/2015\/01\/cervena_4.png","keywords":["tedx","websupport"],"articleSection":["Vzdel\u00e1vanie","Z\u00e1kulisie"],"inLanguage":"sk-SK","potentialAction":[{"@type":"CommentAction","name":"Comment","target":["https:\/\/www.websupport.sk\/blog\/2014\/07\/tedx-bratislava-je-vynimocna-konferencia\/#respond"]}]},{"@type":"WebPage","@id":"https:\/\/www.websupport.sk\/blog\/2014\/07\/tedx-bratislava-je-vynimocna-konferencia\/","url":"https:\/\/www.websupport.sk\/blog\/2014\/07\/tedx-bratislava-je-vynimocna-konferencia\/","name":"TEDx Bratislava je v\u00fdnimo\u010dn\u00e1 konferencia - Websupport blog","isPartOf":{"@id":"https:\/\/www.websupport.sk\/blog\/#website"},"primaryImageOfPage":{"@id":"https:\/\/www.websupport.sk\/blog\/2014\/07\/tedx-bratislava-je-vynimocna-konferencia\/#primaryimage"},"image":{"@id":"https:\/\/www.websupport.sk\/blog\/2014\/07\/tedx-bratislava-je-vynimocna-konferencia\/#primaryimage"},"thumbnailUrl":"https:\/\/www.websupport.sk\/blog\/app\/uploads\/sites\/2\/2015\/01\/cervena_4.png","datePublished":"2014-07-16T09:01:31+00:00","dateModified":"2025-03-11T20:06:25+00:00","breadcrumb":{"@id":"https:\/\/www.websupport.sk\/blog\/2014\/07\/tedx-bratislava-je-vynimocna-konferencia\/#breadcrumb"},"inLanguage":"sk-SK","potentialAction":[{"@type":"ReadAction","target":["https:\/\/www.websupport.sk\/blog\/2014\/07\/tedx-bratislava-je-vynimocna-konferencia\/"]}]},{"@type":"ImageObject","inLanguage":"sk-SK","@id":"https:\/\/www.websupport.sk\/blog\/2014\/07\/tedx-bratislava-je-vynimocna-konferencia\/#primaryimage","url":"https:\/\/www.websupport.sk\/blog\/app\/uploads\/sites\/2\/2015\/01\/cervena_4.png","contentUrl":"https:\/\/www.websupport.sk\/blog\/app\/uploads\/sites\/2\/2015\/01\/cervena_4.png","width":290,"height":200},{"@type":"BreadcrumbList","@id":"https:\/\/www.websupport.sk\/blog\/2014\/07\/tedx-bratislava-je-vynimocna-konferencia\/#breadcrumb","itemListElement":[{"@type":"ListItem","position":1,"name":"Home","item":"https:\/\/www.websupport.sk\/blog\/"},{"@type":"ListItem","position":2,"name":"TEDx Bratislava je v\u00fdnimo\u010dn\u00e1 konferencia"}]},{"@type":"WebSite","@id":"https:\/\/www.websupport.sk\/blog\/#website","url":"https:\/\/www.websupport.sk\/blog\/","name":"Websupport blog","description":"Websupport blog","publisher":{"@id":"https:\/\/www.websupport.sk\/blog\/#organization"},"potentialAction":[{"@type":"SearchAction","target":{"@type":"EntryPoint","urlTemplate":"https:\/\/www.websupport.sk\/blog\/?s={search_term_string}"},"query-input":{"@type":"PropertyValueSpecification","valueRequired":true,"valueName":"search_term_string"}}],"inLanguage":"sk-SK"},{"@type":"Organization","@id":"https:\/\/www.websupport.sk\/blog\/#organization","name":"Websupport","url":"https:\/\/www.websupport.sk\/blog\/","logo":{"@type":"ImageObject","inLanguage":"sk-SK","@id":"https:\/\/www.websupport.sk\/blog\/#\/schema\/logo\/image\/","url":"https:\/\/www.websupport.sk\/blog\/app\/uploads\/sites\/2\/2021\/08\/websupport-logo.svg","contentUrl":"https:\/\/www.websupport.sk\/blog\/app\/uploads\/sites\/2\/2021\/08\/websupport-logo.svg","width":153,"height":48,"caption":"Websupport"},"image":{"@id":"https:\/\/www.websupport.sk\/blog\/#\/schema\/logo\/image\/"}},{"@type":"Person","@id":"https:\/\/www.websupport.sk\/blog\/#\/schema\/person\/c5007b5829a2d6df7a223d5c714ab217","name":"Richard \u010cerm\u00e1k","image":{"@type":"ImageObject","inLanguage":"sk-SK","@id":"https:\/\/secure.gravatar.com\/avatar\/69bb230a5d8ccf988f4d1761dbfb4d5687bfc7e3eae26e2b7c1888200e64b1be?s=96&d=mm&r=g","url":"https:\/\/secure.gravatar.com\/avatar\/69bb230a5d8ccf988f4d1761dbfb4d5687bfc7e3eae26e2b7c1888200e64b1be?s=96&d=mm&r=g","contentUrl":"https:\/\/secure.gravatar.com\/avatar\/69bb230a5d8ccf988f4d1761dbfb4d5687bfc7e3eae26e2b7c1888200e64b1be?s=96&d=mm&r=g","caption":"Richard \u010cerm\u00e1k"},"description":"Riadi brandov\u00fa \u010das\u0165 slovensk\u00e9ho Websupportu, tvor\u00ed obsahov\u00e9 strat\u00e9gie, partnersk\u00e9 a sponzoringov\u00e9 aktivity, zastre\u0161uje komunik\u00e1ciu firmy.","sameAs":["https:\/\/www.facebook.com\/galgan","https:\/\/www.instagram.com\/richardcermak\/","https:\/\/www.linkedin.com\/in\/richard-ermk-9a11474b\/#snip=false","https:\/\/soundcloud.com\/websupport_sk"],"url":"https:\/\/www.websupport.sk\/blog\/author\/richard\/"}]}},"_links":{"self":[{"href":"https:\/\/www.websupport.sk\/blog\/wp-json\/wp\/v2\/posts\/5308","targetHints":{"allow":["GET"]}}],"collection":[{"href":"https:\/\/www.websupport.sk\/blog\/wp-json\/wp\/v2\/posts"}],"about":[{"href":"https:\/\/www.websupport.sk\/blog\/wp-json\/wp\/v2\/types\/post"}],"author":[{"embeddable":true,"href":"https:\/\/www.websupport.sk\/blog\/wp-json\/wp\/v2\/users\/85"}],"replies":[{"embeddable":true,"href":"https:\/\/www.websupport.sk\/blog\/wp-json\/wp\/v2\/comments?post=5308"}],"version-history":[{"count":1,"href":"https:\/\/www.websupport.sk\/blog\/wp-json\/wp\/v2\/posts\/5308\/revisions"}],"predecessor-version":[{"id":33717,"href":"https:\/\/www.websupport.sk\/blog\/wp-json\/wp\/v2\/posts\/5308\/revisions\/33717"}],"wp:featuredmedia":[{"embeddable":true,"href":"https:\/\/www.websupport.sk\/blog\/wp-json\/wp\/v2\/media\/5578"}],"wp:attachment":[{"href":"https:\/\/www.websupport.sk\/blog\/wp-json\/wp\/v2\/media?parent=5308"}],"wp:term":[{"taxonomy":"category","embeddable":true,"href":"https:\/\/www.websupport.sk\/blog\/wp-json\/wp\/v2\/categories?post=5308"},{"taxonomy":"post_tag","embeddable":true,"href":"https:\/\/www.websupport.sk\/blog\/wp-json\/wp\/v2\/tags?post=5308"}],"curies":[{"name":"wp","href":"https:\/\/api.w.org\/{rel}","templated":true}]}}