{"id":27011,"date":"2022-06-28T16:37:35","date_gmt":"2022-06-28T14:37:35","guid":{"rendered":"https:\/\/www.websupport.sk\/blog\/?p=27011"},"modified":"2025-03-11T21:08:11","modified_gmt":"2025-03-11T20:08:11","slug":"podporujeme-tedxbratislava-2022","status":"publish","type":"post","link":"https:\/\/www.websupport.sk\/blog\/2022\/06\/podporujeme-tedxbratislava-2022\/","title":{"rendered":"Podporujeme TEDxBratislava 2022"},"content":{"rendered":"<span class=\"span-reading-time rt-reading-time\" style=\"display: block;\"><span class=\"rt-label rt-prefix\"><b>Doba \u010d\u00edtania:<\/b><\/span> <span class=\"rt-time\"> 3<\/span> <span class=\"rt-label rt-postfix\">min.<\/span><\/span>\n<p><em><a href=\"http:\/\/www.tedxbratislava.sk\/\" target=\"_blank\" rel=\"noreferrer noopener\">TEDxBratislava<\/a>&nbsp;u\u017e tradi\u010dne prin\u00e1\u0161a top osobnosti&nbsp;zo Slovenska aj zo sveta, ktor\u00e9 s\u00fa v\u00fdnimo\u010dn\u00e9 svoj\u00edm talentom, skutkami \u010di zm\u00fd\u0161\u013ean\u00edm. Po\u010das jedn\u00e9ho d\u0148a in\u0161piruj\u00fa stovky div\u00e1kov priamo na podujat\u00ed a tis\u00edcky \u013eud\u00ed cez&nbsp;<a href=\"https:\/\/www.youtube.com\/user\/tedxbratislava\" target=\"_blank\" rel=\"noreferrer noopener\">vide\u00e1 na YouTube<\/a>. Ak potrebujete nakopn\u00fa\u0165 pozit\u00edvnou energiou, vyhra\u010fte&nbsp;si 2. j\u00fal pre&nbsp;<a href=\"http:\/\/www.tedxbratislava.sk\/\" target=\"_blank\" rel=\"noreferrer noopener\">TEDxBratislava<\/a>.<\/em><\/p>\n\n\n\n<p>Hlavnou t\u00e9mou <a href=\"https:\/\/www.tedxbratislava.sk\/dvanasty-rocnik-tedxbratislava-bude-hladat-vzialenych-blizkych\/\" target=\"_blank\" rel=\"noreferrer noopener\">12. ro\u010dn\u00edka<\/a> je <strong>h\u013eadanie hran\u00edc porozumenia a&nbsp;spolupatri\u010dnosti<\/strong>. Po dvoch rokoch sa multi\u017e\u00e1nrov\u00e1 konferencia kone\u010dne vracia na\u017eivo k&nbsp;svojim priaznivcom a&nbsp;tento rok ich priv\u00edta v&nbsp;priestoroch Divadla Pavla Orsz\u00e1gha Hviezdoslava na Laurinskej ulici v&nbsp;Bratislave. Osobn\u00e1 komunik\u00e1cia sp\u00edkrov s&nbsp;div\u00e1kmi je pre podujatie nenahradite\u013en\u00e1, av\u0161ak d\u00f4le\u017eit\u00fa \u00falohu v&nbsp;\u017eivote konferencie hr\u00e1 aj vlastn\u00fd web.<\/p>\n\n\n\n<h4 class=\"wp-block-heading\"><strong>V hlavnej \u00falohe: Web <\/strong><\/h4>\n\n\n\n<p>Cie\u013eom <a href=\"https:\/\/www.tedxbratislava.sk\/dvanasty-rocnik-tedxbratislava-bude-hladat-vzialenych-blizkych\/\">webstr\u00e1nky TEDxBratislava<\/a> je prinies\u0165 preh\u013eadn\u00fa <strong>\u0161trukt\u00faru obsahu<\/strong>, ktor\u00fd na podujatiach vznik\u00e1. Ako hovor\u00ed spoluorganiz\u00e1tor podujatia Jozef Pauli\u0161in, v&nbsp;porovnan\u00ed s&nbsp;obsahom na soci\u00e1lnych sie\u0165ach, kde ide najm\u00e4 o promovanie obsahu,  hlavnou \u00falohou webu je&nbsp;poskytovanie inform\u00e1ci\u00ed: <em>\u201eChceme na webe \u0161\u00edri\u0165 hlavne obsah z podujat\u00ed TEDxBratislava a jeho men\u0161\u00edch dc\u00e9rskych projektov. Ide hlavne o preh\u013eadn\u00fd zoznam a kategoriz\u00e1ciu vide\u00ed z podujat\u00ed a&nbsp;blogy.\u201c<\/em> <\/p>\n\n\n\n<p>Webstr\u00e1nka je d\u00f4le\u017eit\u00e1 pri komunik\u00e1cii s&nbsp;priaznivcami, dobrovo\u013en\u00edkmi aj n\u00e1v\u0161tevn\u00edkmi podujatia. Web sl\u00fa\u017ei na predstavenie samotn\u00e9ho konceptu TED a TEDx a&nbsp;stru\u010dn\u00e9 zozn\u00e1menie sa so sp\u00edkrami. Fan\u00fa\u0161ikova TEDx-u ur\u010dite ocenia mo\u017enos\u0165 pozrie\u0165 si predn\u00e1\u0161ky a&nbsp;vyst\u00fapenia host\u00ed z&nbsp;minul\u00fdch ro\u010dn\u00edkov konferencie. Str\u00e1nka im pon\u00faka hodnotn\u00fd arch\u00edv s obsahom z&nbsp;viac ako desiatich ro\u010dn\u00edkov podujatia.&nbsp;Funguje tie\u017e ako platforma predaja, prostredn\u00edctvom ktorej je mo\u017en\u00e9 zak\u00fapi\u0165 si vstupenky na aktu\u00e1lny ro\u010dn\u00edk konferencie alebo unik\u00e1tny merch.&nbsp;<\/p>\n\n\n\n<figure class=\"wp-block-image size-large\"><a href=\"https:\/\/digitalnauniverzita.sk\/?utm_source=web&amp;utm_medium=article&amp;utm_campaign=websupport&amp;utm_term=blog\" target=\"_blank\" rel=\"noopener\"><img loading=\"lazy\" decoding=\"async\" width=\"1100\" height=\"550\" src=\"https:\/\/www.websupport.sk\/blogoads\/sites\/2\/2021\/03\/banner_DU_websupport-1100x550.png\" alt=\"\" class=\"wp-image-22461\" srcset=\"https:\/\/www.websupport.sk\/blog\/app\/uploads\/sites\/2\/2021\/03\/banner_DU_websupport-1100x550.png 1100w, https:\/\/www.websupport.sk\/blog\/app\/uploads\/sites\/2\/2021\/03\/banner_DU_websupport-300x150.png 300w, https:\/\/www.websupport.sk\/blog\/app\/uploads\/sites\/2\/2021\/03\/banner_DU_websupport-768x384.png 768w, https:\/\/www.websupport.sk\/blog\/app\/uploads\/sites\/2\/2021\/03\/banner_DU_websupport-1200x600.png 1200w, https:\/\/www.websupport.sk\/blog\/app\/uploads\/sites\/2\/2021\/03\/banner_DU_websupport.png 1400w\" sizes=\"auto, (max-width: 1100px) 100vw, 1100px\" \/><\/a><\/figure>\n\n\n\n<h4 class=\"wp-block-heading\"><strong>TEDxBratislava podporujeme u\u017e od jeho za\u010diatku<\/strong><\/h4>\n\n\n\n<p>Mysl\u00edme si, \u017ee ka\u017ed\u00e9 mesto na Slovensku by malo ma\u0165 svoj TEDx.&nbsp;Ten <a href=\"https:\/\/www.tedxbratislava.sk\/\" target=\"_blank\" rel=\"noreferrer noopener\">bratislavsk\u00fd<\/a>&nbsp;podporujeme u\u017e od jeho vzniku. Podporu od n\u00e1s z\u00edskal aj tento rok vo forme hostingu zadarmo v&nbsp;r\u00e1mci programu Freeweb. <\/p>\n\n\n\n<p><em><em>\u201e<\/em>Freeweb je pre n\u00e1s ide\u00e1lna vo\u013eba, preto\u017ee n\u00e1m ako OZ eliminuje \u010das\u0165 re\u017eijn\u00fdch n\u00e1kladov. Z\u00e1rove\u0148, spolupr\u00e1ca s Websupportom a ich t\u00edmom podpory je bezprobl\u00e9mov\u00e1 a ve\u013emi r\u00fdchla v pr\u00edpade potreby rie\u0161enia probl\u00e9mov. Sme ve\u013emi radi, \u017ee pr\u00e1ve Websupport je na\u0161\u00edm partnerom,\u201c <\/em>vysvet\u013euje Jozef. <\/p>\n\n\n\n<p>K&nbsp;preh\u013eadnej a&nbsp;elegantnej webstr\u00e1nke pomohla tie\u017e spolupr\u00e1ca s&nbsp;extern\u00fdm partnerom pri vytv\u00e1ran\u00ed str\u00e1nky. <\/p>\n\n\n\n<p>Jozef Pauli\u0161in m\u00e1 radu aj pre ostatn\u00e9 ob\u010dianske zdru\u017eenia, ktor\u00e9 h\u013eadaj\u00fa sp\u00f4sob, ako za\u010da\u0165 s&nbsp;webom. Je jednoduch\u00e1 &#8211; uch\u00e1dza\u0165 sa o&nbsp;podporu v programe Freeweb: <em><em><em>\u201e<\/em><\/em>Pokia\u013e h\u013ead\u00e1te jednoduch\u00fd sp\u00f4sob, ako za\u010da\u0165 s webom pre v\u00e1\u0161 projekt, Websupport je skvelou vo\u013ebou.\u201c<\/em>&nbsp;<\/p>\n\n\n\n<h4 class=\"wp-block-heading\"><strong>Ak\u00e1 je bud\u00facnos\u0165 TEDxBratislava?<\/strong><\/h4>\n\n\n\n<p>Pl\u00e1nom do bud\u00facnosti je na\u010falej <strong>prin\u00e1\u0161a\u0165 a \u0161\u00edri\u0165 nov\u00e9 in\u0161pirat\u00edvne my\u0161lienky <\/strong>\u010do naj\u0161ir\u0161iemu publiku. V\u00a0TEDxBratislava v\u0161ak u\u017e uva\u017euj\u00fa aj nad <strong>redizajnom aktu\u00e1lneho webu<\/strong>, aby bol pre n\u00e1v\u0161tevn\u00edkov intuit\u00edvny a na\u0161li na \u0148om v\u0161etky podstatn\u00e9 inform\u00e1cie.\u00a0Nech\u00e1me sa prekvapi\u0165.<\/p>\n\n\n\n<p><em>Vypo\u010dujte si na z\u00e1ver podcast o kari\u00e9rnej slobode<\/em>:<\/p>\n\n\n\n<figure class=\"wp-block-embed is-type-rich is-provider-spotify wp-block-embed-spotify wp-embed-aspect-21-9 wp-has-aspect-ratio\"><div class=\"wp-block-embed__wrapper\">\n<iframe title=\"Spotify Embed: Kari\u00e9rna sloboda o\u010dami program\u00e1torky (Ba\u0161ka Klimek)\" style=\"border-radius: 12px\" width=\"100%\" height=\"152\" frameborder=\"0\" allowfullscreen allow=\"autoplay; clipboard-write; encrypted-media; fullscreen; picture-in-picture\" loading=\"lazy\" src=\"https:\/\/open.spotify.com\/embed\/episode\/34Qc2bXnVyTSnLOmp3NtG2?utm_source=oembed\"><\/iframe>\n<\/div><\/figure>\n","protected":false},"excerpt":{"rendered":"<p>TEDxBratislava&nbsp;u\u017e tradi\u010dne prin\u00e1\u0161a top osobnosti&nbsp;zo Slovenska aj zo sveta, ktor\u00e9 s\u00fa v\u00fdnimo\u010dn\u00e9 svoj\u00edm talentom, skutkami \u010di zm\u00fd\u0161\u013ean\u00edm. Po\u010das jedn\u00e9ho d\u0148a in\u0161piruj\u00fa stovky div\u00e1kov priamo na podujat\u00ed a tis\u00edcky \u013eud\u00ed cez&nbsp;vide\u00e1 na YouTube. Ak potrebujete nakopn\u00fa\u0165 pozit\u00edvnou energiou, vyhra\u010fte&nbsp;si 2. j\u00fal pre&nbsp;TEDxBratislava. Hlavnou t\u00e9mou 12. ro\u010dn\u00edka je h\u013eadanie hran\u00edc porozumenia a&nbsp;spolupatri\u010dnosti. Po dvoch rokoch sa multi\u017e\u00e1nrov\u00e1 [&hellip;]<\/p>\n","protected":false},"author":56,"featured_media":27059,"comment_status":"open","ping_status":"open","sticky":false,"template":"","format":"standard","meta":{"footnotes":""},"categories":[3,2855],"tags":[299,3665,2819,842],"class_list":["post-27011","post","type-post","status-publish","format-standard","has-post-thumbnail","hentry","category-freeweb","category-pouzivatel","tag-freeweb","tag-hosting-zadarmo","tag-obcianske-zdruzenie","tag-tedx-2"],"yoast_head":"<!-- This site is optimized with the Yoast SEO plugin v27.4 - https:\/\/yoast.com\/product\/yoast-seo-wordpress\/ -->\n<title>Podporujeme TEDxBratislava 2022 - Websupport blog<\/title>\n<meta name=\"robots\" content=\"index, follow, max-snippet:-1, max-image-preview:large, max-video-preview:-1\" \/>\n<link rel=\"canonical\" href=\"https:\/\/www.websupport.sk\/blog\/2022\/06\/podporujeme-tedxbratislava-2022\/\" \/>\n<meta property=\"og:locale\" content=\"sk_SK\" \/>\n<meta property=\"og:type\" content=\"article\" \/>\n<meta property=\"og:title\" content=\"Podporujeme TEDxBratislava 2022 - Websupport blog\" \/>\n<meta property=\"og:description\" content=\"TEDxBratislava&nbsp;u\u017e tradi\u010dne prin\u00e1\u0161a top osobnosti&nbsp;zo Slovenska aj zo sveta, ktor\u00e9 s\u00fa v\u00fdnimo\u010dn\u00e9 svoj\u00edm talentom, skutkami \u010di zm\u00fd\u0161\u013ean\u00edm. Po\u010das jedn\u00e9ho d\u0148a in\u0161piruj\u00fa stovky div\u00e1kov priamo na podujat\u00ed a tis\u00edcky \u013eud\u00ed cez&nbsp;vide\u00e1 na YouTube. Ak potrebujete nakopn\u00fa\u0165 pozit\u00edvnou energiou, vyhra\u010fte&nbsp;si 2. j\u00fal pre&nbsp;TEDxBratislava. Hlavnou t\u00e9mou 12. ro\u010dn\u00edka je h\u013eadanie hran\u00edc porozumenia a&nbsp;spolupatri\u010dnosti. Po dvoch rokoch sa multi\u017e\u00e1nrov\u00e1 [&hellip;]\" \/>\n<meta property=\"og:url\" content=\"https:\/\/www.websupport.sk\/blog\/2022\/06\/podporujeme-tedxbratislava-2022\/\" \/>\n<meta property=\"og:site_name\" content=\"Websupport blog\" \/>\n<meta property=\"article:published_time\" content=\"2022-06-28T14:37:35+00:00\" \/>\n<meta property=\"article:modified_time\" content=\"2025-03-11T20:08:11+00:00\" \/>\n<meta property=\"og:image\" content=\"https:\/\/www.websupport.sk\/blog\/app\/uploads\/sites\/2\/2022\/06\/Podporujeme-TEDxBratislava_1920x1080_TEXT.png\" \/>\n\t<meta property=\"og:image:width\" content=\"1920\" \/>\n\t<meta property=\"og:image:height\" content=\"1080\" \/>\n\t<meta property=\"og:image:type\" content=\"image\/png\" \/>\n<meta name=\"author\" content=\"Elena Bro\u010dkov\u00e1\" \/>\n<meta name=\"twitter:card\" content=\"summary_large_image\" \/>\n<meta name=\"twitter:label1\" content=\"Autor\" \/>\n\t<meta name=\"twitter:data1\" content=\"Elena Bro\u010dkov\u00e1\" \/>\n\t<meta name=\"twitter:label2\" content=\"Predpokladan\u00fd \u010das \u010d\u00edtania\" \/>\n\t<meta name=\"twitter:data2\" content=\"3 min\u00faty\" \/>\n<script type=\"application\/ld+json\" class=\"yoast-schema-graph\">{\"@context\":\"https:\\\/\\\/schema.org\",\"@graph\":[{\"@type\":\"Article\",\"@id\":\"https:\\\/\\\/www.websupport.sk\\\/blog\\\/2022\\\/06\\\/podporujeme-tedxbratislava-2022\\\/#article\",\"isPartOf\":{\"@id\":\"https:\\\/\\\/www.websupport.sk\\\/blog\\\/2022\\\/06\\\/podporujeme-tedxbratislava-2022\\\/\"},\"author\":{\"name\":\"Elena Bro\u010dkov\u00e1\",\"@id\":\"https:\\\/\\\/www.websupport.sk\\\/blog\\\/#\\\/schema\\\/person\\\/d556d3c5ec3cd2ad4eb0d99f26a239ae\"},\"headline\":\"Podporujeme TEDxBratislava 2022\",\"datePublished\":\"2022-06-28T14:37:35+00:00\",\"dateModified\":\"2025-03-11T20:08:11+00:00\",\"mainEntityOfPage\":{\"@id\":\"https:\\\/\\\/www.websupport.sk\\\/blog\\\/2022\\\/06\\\/podporujeme-tedxbratislava-2022\\\/\"},\"wordCount\":622,\"commentCount\":0,\"publisher\":{\"@id\":\"https:\\\/\\\/www.websupport.sk\\\/blog\\\/#organization\"},\"image\":{\"@id\":\"https:\\\/\\\/www.websupport.sk\\\/blog\\\/2022\\\/06\\\/podporujeme-tedxbratislava-2022\\\/#primaryimage\"},\"thumbnailUrl\":\"https:\\\/\\\/www.websupport.sk\\\/blog\\\/app\\\/uploads\\\/sites\\\/2\\\/2022\\\/06\\\/Podporujeme-TEDxBratislava_1920x1080.png\",\"keywords\":[\"Freeweb\",\"hosting zadarmo\",\"obcianske zdruzenie\",\"tedx\"],\"articleSection\":[\"Freeweb\",\"Pre pou\u017e\u00edvate\u013eov\"],\"inLanguage\":\"sk-SK\",\"potentialAction\":[{\"@type\":\"CommentAction\",\"name\":\"Comment\",\"target\":[\"https:\\\/\\\/www.websupport.sk\\\/blog\\\/2022\\\/06\\\/podporujeme-tedxbratislava-2022\\\/#respond\"]}]},{\"@type\":\"WebPage\",\"@id\":\"https:\\\/\\\/www.websupport.sk\\\/blog\\\/2022\\\/06\\\/podporujeme-tedxbratislava-2022\\\/\",\"url\":\"https:\\\/\\\/www.websupport.sk\\\/blog\\\/2022\\\/06\\\/podporujeme-tedxbratislava-2022\\\/\",\"name\":\"Podporujeme TEDxBratislava 2022 - Websupport blog\",\"isPartOf\":{\"@id\":\"https:\\\/\\\/www.websupport.sk\\\/blog\\\/#website\"},\"primaryImageOfPage\":{\"@id\":\"https:\\\/\\\/www.websupport.sk\\\/blog\\\/2022\\\/06\\\/podporujeme-tedxbratislava-2022\\\/#primaryimage\"},\"image\":{\"@id\":\"https:\\\/\\\/www.websupport.sk\\\/blog\\\/2022\\\/06\\\/podporujeme-tedxbratislava-2022\\\/#primaryimage\"},\"thumbnailUrl\":\"https:\\\/\\\/www.websupport.sk\\\/blog\\\/app\\\/uploads\\\/sites\\\/2\\\/2022\\\/06\\\/Podporujeme-TEDxBratislava_1920x1080.png\",\"datePublished\":\"2022-06-28T14:37:35+00:00\",\"dateModified\":\"2025-03-11T20:08:11+00:00\",\"breadcrumb\":{\"@id\":\"https:\\\/\\\/www.websupport.sk\\\/blog\\\/2022\\\/06\\\/podporujeme-tedxbratislava-2022\\\/#breadcrumb\"},\"inLanguage\":\"sk-SK\",\"potentialAction\":[{\"@type\":\"ReadAction\",\"target\":[\"https:\\\/\\\/www.websupport.sk\\\/blog\\\/2022\\\/06\\\/podporujeme-tedxbratislava-2022\\\/\"]}]},{\"@type\":\"ImageObject\",\"inLanguage\":\"sk-SK\",\"@id\":\"https:\\\/\\\/www.websupport.sk\\\/blog\\\/2022\\\/06\\\/podporujeme-tedxbratislava-2022\\\/#primaryimage\",\"url\":\"https:\\\/\\\/www.websupport.sk\\\/blog\\\/app\\\/uploads\\\/sites\\\/2\\\/2022\\\/06\\\/Podporujeme-TEDxBratislava_1920x1080.png\",\"contentUrl\":\"https:\\\/\\\/www.websupport.sk\\\/blog\\\/app\\\/uploads\\\/sites\\\/2\\\/2022\\\/06\\\/Podporujeme-TEDxBratislava_1920x1080.png\",\"width\":1920,\"height\":1080},{\"@type\":\"BreadcrumbList\",\"@id\":\"https:\\\/\\\/www.websupport.sk\\\/blog\\\/2022\\\/06\\\/podporujeme-tedxbratislava-2022\\\/#breadcrumb\",\"itemListElement\":[{\"@type\":\"ListItem\",\"position\":1,\"name\":\"Home\",\"item\":\"https:\\\/\\\/www.websupport.sk\\\/blog\\\/\"},{\"@type\":\"ListItem\",\"position\":2,\"name\":\"Podporujeme TEDxBratislava 2022\"}]},{\"@type\":\"WebSite\",\"@id\":\"https:\\\/\\\/www.websupport.sk\\\/blog\\\/#website\",\"url\":\"https:\\\/\\\/www.websupport.sk\\\/blog\\\/\",\"name\":\"Websupport blog\",\"description\":\"Websupport blog\",\"publisher\":{\"@id\":\"https:\\\/\\\/www.websupport.sk\\\/blog\\\/#organization\"},\"potentialAction\":[{\"@type\":\"SearchAction\",\"target\":{\"@type\":\"EntryPoint\",\"urlTemplate\":\"https:\\\/\\\/www.websupport.sk\\\/blog\\\/?s={search_term_string}\"},\"query-input\":{\"@type\":\"PropertyValueSpecification\",\"valueRequired\":true,\"valueName\":\"search_term_string\"}}],\"inLanguage\":\"sk-SK\"},{\"@type\":\"Organization\",\"@id\":\"https:\\\/\\\/www.websupport.sk\\\/blog\\\/#organization\",\"name\":\"Websupport\",\"url\":\"https:\\\/\\\/www.websupport.sk\\\/blog\\\/\",\"logo\":{\"@type\":\"ImageObject\",\"inLanguage\":\"sk-SK\",\"@id\":\"https:\\\/\\\/www.websupport.sk\\\/blog\\\/#\\\/schema\\\/logo\\\/image\\\/\",\"url\":\"https:\\\/\\\/www.websupport.sk\\\/blog\\\/app\\\/uploads\\\/sites\\\/2\\\/2021\\\/08\\\/websupport-logo.svg\",\"contentUrl\":\"https:\\\/\\\/www.websupport.sk\\\/blog\\\/app\\\/uploads\\\/sites\\\/2\\\/2021\\\/08\\\/websupport-logo.svg\",\"width\":153,\"height\":48,\"caption\":\"Websupport\"},\"image\":{\"@id\":\"https:\\\/\\\/www.websupport.sk\\\/blog\\\/#\\\/schema\\\/logo\\\/image\\\/\"}},{\"@type\":\"Person\",\"@id\":\"https:\\\/\\\/www.websupport.sk\\\/blog\\\/#\\\/schema\\\/person\\\/d556d3c5ec3cd2ad4eb0d99f26a239ae\",\"name\":\"Elena Bro\u010dkov\u00e1\",\"image\":{\"@type\":\"ImageObject\",\"inLanguage\":\"sk-SK\",\"@id\":\"https:\\\/\\\/secure.gravatar.com\\\/avatar\\\/a84039ff93f8a9d8506539fc98f3722855e178e2749631f5069c8057e0a2e0c2?s=96&d=mm&r=g\",\"url\":\"https:\\\/\\\/secure.gravatar.com\\\/avatar\\\/a84039ff93f8a9d8506539fc98f3722855e178e2749631f5069c8057e0a2e0c2?s=96&d=mm&r=g\",\"contentUrl\":\"https:\\\/\\\/secure.gravatar.com\\\/avatar\\\/a84039ff93f8a9d8506539fc98f3722855e178e2749631f5069c8057e0a2e0c2?s=96&d=mm&r=g\",\"caption\":\"Elena Bro\u010dkov\u00e1\"},\"description\":\"Rada \u010d\u00edta a e\u0161te rad\u0161ej p\u00ed\u0161e pr\u00edbehy. Venuje sa PR, copywritingu a tvorbe komunika\u010dn\u00fdch kampan\u00ed. Vo vo\u013enom \u010dase ju stretnete v pr\u00edrode s pali\u010dkami v ruk\u00e1ch (nordic walking), v kuchyni pri kv\u00e1skovan\u00ed alebo s ob\u013e\u00fabenou knihou v ruke. Motto: \\\"\u010clovek si ob\u010das mus\u00ed poradi\u0165 s\u00e1m.\\\" \u2013 Agatha Christie\",\"url\":\"https:\\\/\\\/www.websupport.sk\\\/blog\\\/author\\\/elena-brockova\\\/\"}]}<\/script>\n<!-- \/ Yoast SEO plugin. -->","yoast_head_json":{"title":"Podporujeme TEDxBratislava 2022 - Websupport blog","robots":{"index":"index","follow":"follow","max-snippet":"max-snippet:-1","max-image-preview":"max-image-preview:large","max-video-preview":"max-video-preview:-1"},"canonical":"https:\/\/www.websupport.sk\/blog\/2022\/06\/podporujeme-tedxbratislava-2022\/","og_locale":"sk_SK","og_type":"article","og_title":"Podporujeme TEDxBratislava 2022 - Websupport blog","og_description":"TEDxBratislava&nbsp;u\u017e tradi\u010dne prin\u00e1\u0161a top osobnosti&nbsp;zo Slovenska aj zo sveta, ktor\u00e9 s\u00fa v\u00fdnimo\u010dn\u00e9 svoj\u00edm talentom, skutkami \u010di zm\u00fd\u0161\u013ean\u00edm. Po\u010das jedn\u00e9ho d\u0148a in\u0161piruj\u00fa stovky div\u00e1kov priamo na podujat\u00ed a tis\u00edcky \u013eud\u00ed cez&nbsp;vide\u00e1 na YouTube. Ak potrebujete nakopn\u00fa\u0165 pozit\u00edvnou energiou, vyhra\u010fte&nbsp;si 2. j\u00fal pre&nbsp;TEDxBratislava. Hlavnou t\u00e9mou 12. ro\u010dn\u00edka je h\u013eadanie hran\u00edc porozumenia a&nbsp;spolupatri\u010dnosti. Po dvoch rokoch sa multi\u017e\u00e1nrov\u00e1 [&hellip;]","og_url":"https:\/\/www.websupport.sk\/blog\/2022\/06\/podporujeme-tedxbratislava-2022\/","og_site_name":"Websupport blog","article_published_time":"2022-06-28T14:37:35+00:00","article_modified_time":"2025-03-11T20:08:11+00:00","og_image":[{"width":1920,"height":1080,"url":"https:\/\/www.websupport.sk\/blog\/app\/uploads\/sites\/2\/2022\/06\/Podporujeme-TEDxBratislava_1920x1080_TEXT.png","type":"image\/png"}],"author":"Elena Bro\u010dkov\u00e1","twitter_card":"summary_large_image","twitter_misc":{"Autor":"Elena Bro\u010dkov\u00e1","Predpokladan\u00fd \u010das \u010d\u00edtania":"3 min\u00faty"},"schema":{"@context":"https:\/\/schema.org","@graph":[{"@type":"Article","@id":"https:\/\/www.websupport.sk\/blog\/2022\/06\/podporujeme-tedxbratislava-2022\/#article","isPartOf":{"@id":"https:\/\/www.websupport.sk\/blog\/2022\/06\/podporujeme-tedxbratislava-2022\/"},"author":{"name":"Elena Bro\u010dkov\u00e1","@id":"https:\/\/www.websupport.sk\/blog\/#\/schema\/person\/d556d3c5ec3cd2ad4eb0d99f26a239ae"},"headline":"Podporujeme TEDxBratislava 2022","datePublished":"2022-06-28T14:37:35+00:00","dateModified":"2025-03-11T20:08:11+00:00","mainEntityOfPage":{"@id":"https:\/\/www.websupport.sk\/blog\/2022\/06\/podporujeme-tedxbratislava-2022\/"},"wordCount":622,"commentCount":0,"publisher":{"@id":"https:\/\/www.websupport.sk\/blog\/#organization"},"image":{"@id":"https:\/\/www.websupport.sk\/blog\/2022\/06\/podporujeme-tedxbratislava-2022\/#primaryimage"},"thumbnailUrl":"https:\/\/www.websupport.sk\/blog\/app\/uploads\/sites\/2\/2022\/06\/Podporujeme-TEDxBratislava_1920x1080.png","keywords":["Freeweb","hosting zadarmo","obcianske zdruzenie","tedx"],"articleSection":["Freeweb","Pre pou\u017e\u00edvate\u013eov"],"inLanguage":"sk-SK","potentialAction":[{"@type":"CommentAction","name":"Comment","target":["https:\/\/www.websupport.sk\/blog\/2022\/06\/podporujeme-tedxbratislava-2022\/#respond"]}]},{"@type":"WebPage","@id":"https:\/\/www.websupport.sk\/blog\/2022\/06\/podporujeme-tedxbratislava-2022\/","url":"https:\/\/www.websupport.sk\/blog\/2022\/06\/podporujeme-tedxbratislava-2022\/","name":"Podporujeme TEDxBratislava 2022 - Websupport blog","isPartOf":{"@id":"https:\/\/www.websupport.sk\/blog\/#website"},"primaryImageOfPage":{"@id":"https:\/\/www.websupport.sk\/blog\/2022\/06\/podporujeme-tedxbratislava-2022\/#primaryimage"},"image":{"@id":"https:\/\/www.websupport.sk\/blog\/2022\/06\/podporujeme-tedxbratislava-2022\/#primaryimage"},"thumbnailUrl":"https:\/\/www.websupport.sk\/blog\/app\/uploads\/sites\/2\/2022\/06\/Podporujeme-TEDxBratislava_1920x1080.png","datePublished":"2022-06-28T14:37:35+00:00","dateModified":"2025-03-11T20:08:11+00:00","breadcrumb":{"@id":"https:\/\/www.websupport.sk\/blog\/2022\/06\/podporujeme-tedxbratislava-2022\/#breadcrumb"},"inLanguage":"sk-SK","potentialAction":[{"@type":"ReadAction","target":["https:\/\/www.websupport.sk\/blog\/2022\/06\/podporujeme-tedxbratislava-2022\/"]}]},{"@type":"ImageObject","inLanguage":"sk-SK","@id":"https:\/\/www.websupport.sk\/blog\/2022\/06\/podporujeme-tedxbratislava-2022\/#primaryimage","url":"https:\/\/www.websupport.sk\/blog\/app\/uploads\/sites\/2\/2022\/06\/Podporujeme-TEDxBratislava_1920x1080.png","contentUrl":"https:\/\/www.websupport.sk\/blog\/app\/uploads\/sites\/2\/2022\/06\/Podporujeme-TEDxBratislava_1920x1080.png","width":1920,"height":1080},{"@type":"BreadcrumbList","@id":"https:\/\/www.websupport.sk\/blog\/2022\/06\/podporujeme-tedxbratislava-2022\/#breadcrumb","itemListElement":[{"@type":"ListItem","position":1,"name":"Home","item":"https:\/\/www.websupport.sk\/blog\/"},{"@type":"ListItem","position":2,"name":"Podporujeme TEDxBratislava 2022"}]},{"@type":"WebSite","@id":"https:\/\/www.websupport.sk\/blog\/#website","url":"https:\/\/www.websupport.sk\/blog\/","name":"Websupport blog","description":"Websupport blog","publisher":{"@id":"https:\/\/www.websupport.sk\/blog\/#organization"},"potentialAction":[{"@type":"SearchAction","target":{"@type":"EntryPoint","urlTemplate":"https:\/\/www.websupport.sk\/blog\/?s={search_term_string}"},"query-input":{"@type":"PropertyValueSpecification","valueRequired":true,"valueName":"search_term_string"}}],"inLanguage":"sk-SK"},{"@type":"Organization","@id":"https:\/\/www.websupport.sk\/blog\/#organization","name":"Websupport","url":"https:\/\/www.websupport.sk\/blog\/","logo":{"@type":"ImageObject","inLanguage":"sk-SK","@id":"https:\/\/www.websupport.sk\/blog\/#\/schema\/logo\/image\/","url":"https:\/\/www.websupport.sk\/blog\/app\/uploads\/sites\/2\/2021\/08\/websupport-logo.svg","contentUrl":"https:\/\/www.websupport.sk\/blog\/app\/uploads\/sites\/2\/2021\/08\/websupport-logo.svg","width":153,"height":48,"caption":"Websupport"},"image":{"@id":"https:\/\/www.websupport.sk\/blog\/#\/schema\/logo\/image\/"}},{"@type":"Person","@id":"https:\/\/www.websupport.sk\/blog\/#\/schema\/person\/d556d3c5ec3cd2ad4eb0d99f26a239ae","name":"Elena Bro\u010dkov\u00e1","image":{"@type":"ImageObject","inLanguage":"sk-SK","@id":"https:\/\/secure.gravatar.com\/avatar\/a84039ff93f8a9d8506539fc98f3722855e178e2749631f5069c8057e0a2e0c2?s=96&d=mm&r=g","url":"https:\/\/secure.gravatar.com\/avatar\/a84039ff93f8a9d8506539fc98f3722855e178e2749631f5069c8057e0a2e0c2?s=96&d=mm&r=g","contentUrl":"https:\/\/secure.gravatar.com\/avatar\/a84039ff93f8a9d8506539fc98f3722855e178e2749631f5069c8057e0a2e0c2?s=96&d=mm&r=g","caption":"Elena Bro\u010dkov\u00e1"},"description":"Rada \u010d\u00edta a e\u0161te rad\u0161ej p\u00ed\u0161e pr\u00edbehy. Venuje sa PR, copywritingu a tvorbe komunika\u010dn\u00fdch kampan\u00ed. Vo vo\u013enom \u010dase ju stretnete v pr\u00edrode s pali\u010dkami v ruk\u00e1ch (nordic walking), v kuchyni pri kv\u00e1skovan\u00ed alebo s ob\u013e\u00fabenou knihou v ruke. Motto: \"\u010clovek si ob\u010das mus\u00ed poradi\u0165 s\u00e1m.\" \u2013 Agatha Christie","url":"https:\/\/www.websupport.sk\/blog\/author\/elena-brockova\/"}]}},"_links":{"self":[{"href":"https:\/\/www.websupport.sk\/blog\/wp-json\/wp\/v2\/posts\/27011","targetHints":{"allow":["GET"]}}],"collection":[{"href":"https:\/\/www.websupport.sk\/blog\/wp-json\/wp\/v2\/posts"}],"about":[{"href":"https:\/\/www.websupport.sk\/blog\/wp-json\/wp\/v2\/types\/post"}],"author":[{"embeddable":true,"href":"https:\/\/www.websupport.sk\/blog\/wp-json\/wp\/v2\/users\/56"}],"replies":[{"embeddable":true,"href":"https:\/\/www.websupport.sk\/blog\/wp-json\/wp\/v2\/comments?post=27011"}],"version-history":[{"count":5,"href":"https:\/\/www.websupport.sk\/blog\/wp-json\/wp\/v2\/posts\/27011\/revisions"}],"predecessor-version":[{"id":27071,"href":"https:\/\/www.websupport.sk\/blog\/wp-json\/wp\/v2\/posts\/27011\/revisions\/27071"}],"wp:featuredmedia":[{"embeddable":true,"href":"https:\/\/www.websupport.sk\/blog\/wp-json\/wp\/v2\/media\/27059"}],"wp:attachment":[{"href":"https:\/\/www.websupport.sk\/blog\/wp-json\/wp\/v2\/media?parent=27011"}],"wp:term":[{"taxonomy":"category","embeddable":true,"href":"https:\/\/www.websupport.sk\/blog\/wp-json\/wp\/v2\/categories?post=27011"},{"taxonomy":"post_tag","embeddable":true,"href":"https:\/\/www.websupport.sk\/blog\/wp-json\/wp\/v2\/tags?post=27011"}],"curies":[{"name":"wp","href":"https:\/\/api.w.org\/{rel}","templated":true}]}}