{"id":21279,"date":"2020-11-06T12:55:20","date_gmt":"2020-11-06T11:55:20","guid":{"rendered":"https:\/\/www.websupport.sk\/blog\/?p=21279"},"modified":"2025-03-11T21:07:52","modified_gmt":"2025-03-11T20:07:52","slug":"podcast-kubernetes-a-cloud-native-v-praxi-adam-hamsik","status":"publish","type":"post","link":"https:\/\/www.websupport.sk\/blog\/2020\/11\/podcast-kubernetes-a-cloud-native-v-praxi-adam-hamsik\/","title":{"rendered":"Kubernetes a Cloud native v praxi (Adam Ham\u0161\u00edk)"},"content":{"rendered":"<span class=\"span-reading-time rt-reading-time\" style=\"display: block;\"><span class=\"rt-label rt-prefix\"><b>Doba \u010d\u00edtania:<\/b><\/span> <span class=\"rt-time\"> &lt; 1<\/span> <span class=\"rt-label rt-postfix\">min\u00fata<\/span><\/span>\n<p>Kubernetes (K8s) sa st\u00e1va jedn\u00fdm zo \u0161tandardov v\u00fdvoja a prev\u00e1dzkovania aplik\u00e1ci\u00ed. Je ale vhodn\u00fd pre v\u0161etky projekty a do ka\u017edej firmy? Ako si vybra\u0165 spr\u00e1vny stack Cloud native n\u00e1strojov a rie\u0161en\u00ed? O tom, ako by sme mali nad Kubernetes uva\u017eova\u0165, sme sa rozpr\u00e1vali s Adamom Ham\u0161\u00edkom.<\/p>\n\n\n\n<p>Adam je jeden zo zakladate\u013eov spolo\u010dnosti Labyrinth Labs, ktor\u00e1 pom\u00e1ha z\u00e1kazn\u00edkom uchopi\u0165 modern\u00e9 technol\u00f3gie a metodol\u00f3gie (CI\/CD, Infrastructure as Code, Public Cloud, Kubernetes, OpenStack) na zlep\u0161ovanie a nap\u013a\u0148anie ich business potrieb.<\/p>\n\n\n\n<p>V diskusii s Adamom sa dozviete:<\/p>\n\n\n\n<p>&#8211; \u010co je Cloud native a Kubernetes?<br>&#8211; Ak\u00e9 s\u00fa hlavn\u00e9 v\u00fdhody Kubernetes a ako s n\u00edm za\u010da\u0165?<br>&#8211; \u010co je pre adopciu Cloud native najn\u00e1ro\u010dnej\u0161ie?<br>&#8211; Ako je to s vyspelos\u0165ou CNCF projektov?<br>&#8211; Ako si udr\u017ea\u0165 preh\u013ead v t\u00fdchto technol\u00f3gi\u00e1ch?<\/p>\n\n\n\n<p>Diskusiu moderuje Fero Vol\u00e1r, ktor\u00fd je Head of Server products vo WebSupporte a p\u00ed\u0161e blog alian.info. <\/p>\n\n\n\n<figure class=\"wp-block-embed is-type-rich is-provider-spotify wp-block-embed-spotify wp-embed-aspect-21-9 wp-has-aspect-ratio\"><div class=\"wp-block-embed__wrapper\">\nhttps:\/\/open.spotify.com\/episode\/6CSLIFHB2Itqut2RAJy1gl\n<\/div><\/figure>\n\n\n","protected":false},"excerpt":{"rendered":"<p>Kubernetes (K8s) sa st\u00e1va jedn\u00fdm zo \u0161tandardov v\u00fdvoja a prev\u00e1dzkovania aplik\u00e1ci\u00ed. Je ale vhodn\u00fd pre v\u0161etky projekty a do ka\u017edej firmy? Ako si vybra\u0165 spr\u00e1vny stack Cloud native n\u00e1strojov a rie\u0161en\u00ed? O tom, ako by sme mali nad Kubernetes uva\u017eova\u0165, sme sa rozpr\u00e1vali s Adamom Ham\u0161\u00edkom. Adam je jeden zo zakladate\u013eov spolo\u010dnosti Labyrinth Labs, ktor\u00e1 [&hellip;]<\/p>\n","protected":false},"author":84,"featured_media":17073,"comment_status":"open","ping_status":"open","sticky":false,"template":"","format":"standard","meta":{"footnotes":""},"categories":[1438,2858],"tags":[2634,155,204,1842,292,2637,2625,2631,2628,655,727,2529,840,956],"class_list":["post-21279","post","type-post","status-publish","format-standard","has-post-thumbnail","hentry","category-podcasty","category-profesional","tag-adam-hamsik","tag-cloud","tag-devops","tag-diskusia","tag-framework","tag-k8s","tag-kubernetes","tag-labyrinthlabs","tag-native","tag-podcast","tag-rozhovor","tag-tech-talks","tag-technologie","tag-websupport"],"yoast_head":"<!-- This site is optimized with the Yoast SEO plugin v27.4 - https:\/\/yoast.com\/product\/yoast-seo-wordpress\/ -->\n<title>Kubernetes a Cloud native v praxi (Adam Ham\u0161\u00edk) - Websupport blog<\/title>\n<meta name=\"robots\" content=\"index, follow, max-snippet:-1, max-image-preview:large, max-video-preview:-1\" \/>\n<link rel=\"canonical\" href=\"https:\/\/www.websupport.sk\/blog\/2020\/11\/podcast-kubernetes-a-cloud-native-v-praxi-adam-hamsik\/\" \/>\n<meta property=\"og:locale\" content=\"sk_SK\" \/>\n<meta property=\"og:type\" content=\"article\" \/>\n<meta property=\"og:title\" content=\"Kubernetes a Cloud native v praxi (Adam Ham\u0161\u00edk) - Websupport blog\" \/>\n<meta property=\"og:description\" content=\"Kubernetes (K8s) sa st\u00e1va jedn\u00fdm zo \u0161tandardov v\u00fdvoja a prev\u00e1dzkovania aplik\u00e1ci\u00ed. Je ale vhodn\u00fd pre v\u0161etky projekty a do ka\u017edej firmy? Ako si vybra\u0165 spr\u00e1vny stack Cloud native n\u00e1strojov a rie\u0161en\u00ed? O tom, ako by sme mali nad Kubernetes uva\u017eova\u0165, sme sa rozpr\u00e1vali s Adamom Ham\u0161\u00edkom. Adam je jeden zo zakladate\u013eov spolo\u010dnosti Labyrinth Labs, ktor\u00e1 [&hellip;]\" \/>\n<meta property=\"og:url\" content=\"https:\/\/www.websupport.sk\/blog\/2020\/11\/podcast-kubernetes-a-cloud-native-v-praxi-adam-hamsik\/\" \/>\n<meta property=\"og:site_name\" content=\"Websupport blog\" \/>\n<meta property=\"article:published_time\" content=\"2020-11-06T11:55:20+00:00\" \/>\n<meta property=\"article:modified_time\" content=\"2025-03-11T20:07:52+00:00\" \/>\n<meta property=\"og:image\" content=\"https:\/\/www.websupport.sk\/blog\/app\/uploads\/sites\/2\/2020\/01\/podcasty-facebook-websupport.jpg\" \/>\n\t<meta property=\"og:image:width\" content=\"1201\" \/>\n\t<meta property=\"og:image:height\" content=\"629\" \/>\n\t<meta property=\"og:image:type\" content=\"image\/jpeg\" \/>\n<meta name=\"author\" content=\"T\u00edm Websupport\" \/>\n<meta name=\"twitter:card\" content=\"summary_large_image\" \/>\n<meta name=\"twitter:label1\" content=\"Autor\" \/>\n\t<meta name=\"twitter:data1\" content=\"T\u00edm Websupport\" \/>\n\t<meta name=\"twitter:label2\" content=\"Predpokladan\u00fd \u010das \u010d\u00edtania\" \/>\n\t<meta name=\"twitter:data2\" content=\"1 min\u00fata\" \/>\n<script type=\"application\/ld+json\" class=\"yoast-schema-graph\">{\"@context\":\"https:\\\/\\\/schema.org\",\"@graph\":[{\"@type\":\"Article\",\"@id\":\"https:\\\/\\\/www.websupport.sk\\\/blog\\\/2020\\\/11\\\/podcast-kubernetes-a-cloud-native-v-praxi-adam-hamsik\\\/#article\",\"isPartOf\":{\"@id\":\"https:\\\/\\\/www.websupport.sk\\\/blog\\\/2020\\\/11\\\/podcast-kubernetes-a-cloud-native-v-praxi-adam-hamsik\\\/\"},\"author\":{\"name\":\"T\u00edm Websupport\",\"@id\":\"https:\\\/\\\/www.websupport.sk\\\/blog\\\/#\\\/schema\\\/person\\\/d3f3517a180f66130801edb710ffb6b3\"},\"headline\":\"Kubernetes a Cloud native v praxi (Adam Ham\u0161\u00edk)\",\"datePublished\":\"2020-11-06T11:55:20+00:00\",\"dateModified\":\"2025-03-11T20:07:52+00:00\",\"mainEntityOfPage\":{\"@id\":\"https:\\\/\\\/www.websupport.sk\\\/blog\\\/2020\\\/11\\\/podcast-kubernetes-a-cloud-native-v-praxi-adam-hamsik\\\/\"},\"wordCount\":198,\"commentCount\":0,\"publisher\":{\"@id\":\"https:\\\/\\\/www.websupport.sk\\\/blog\\\/#organization\"},\"image\":{\"@id\":\"https:\\\/\\\/www.websupport.sk\\\/blog\\\/2020\\\/11\\\/podcast-kubernetes-a-cloud-native-v-praxi-adam-hamsik\\\/#primaryimage\"},\"thumbnailUrl\":\"https:\\\/\\\/www.websupport.sk\\\/blog\\\/app\\\/uploads\\\/sites\\\/2\\\/2020\\\/01\\\/podcasty-facebook-websupport.jpg\",\"keywords\":[\"adam ham\u0161\u00edk\",\"cloud\",\"devops\",\"diskusia\",\"framework\",\"k8s\",\"kubernetes\",\"labyrinthlabs\",\"native\",\"podcast\",\"rozhovor\",\"tech talks\",\"technologie\",\"websupport\"],\"articleSection\":[\"Podcasty\",\"Pre profesion\u00e1lov\"],\"inLanguage\":\"sk-SK\",\"potentialAction\":[{\"@type\":\"CommentAction\",\"name\":\"Comment\",\"target\":[\"https:\\\/\\\/www.websupport.sk\\\/blog\\\/2020\\\/11\\\/podcast-kubernetes-a-cloud-native-v-praxi-adam-hamsik\\\/#respond\"]}]},{\"@type\":\"WebPage\",\"@id\":\"https:\\\/\\\/www.websupport.sk\\\/blog\\\/2020\\\/11\\\/podcast-kubernetes-a-cloud-native-v-praxi-adam-hamsik\\\/\",\"url\":\"https:\\\/\\\/www.websupport.sk\\\/blog\\\/2020\\\/11\\\/podcast-kubernetes-a-cloud-native-v-praxi-adam-hamsik\\\/\",\"name\":\"Kubernetes a Cloud native v praxi (Adam Ham\u0161\u00edk) - Websupport blog\",\"isPartOf\":{\"@id\":\"https:\\\/\\\/www.websupport.sk\\\/blog\\\/#website\"},\"primaryImageOfPage\":{\"@id\":\"https:\\\/\\\/www.websupport.sk\\\/blog\\\/2020\\\/11\\\/podcast-kubernetes-a-cloud-native-v-praxi-adam-hamsik\\\/#primaryimage\"},\"image\":{\"@id\":\"https:\\\/\\\/www.websupport.sk\\\/blog\\\/2020\\\/11\\\/podcast-kubernetes-a-cloud-native-v-praxi-adam-hamsik\\\/#primaryimage\"},\"thumbnailUrl\":\"https:\\\/\\\/www.websupport.sk\\\/blog\\\/app\\\/uploads\\\/sites\\\/2\\\/2020\\\/01\\\/podcasty-facebook-websupport.jpg\",\"datePublished\":\"2020-11-06T11:55:20+00:00\",\"dateModified\":\"2025-03-11T20:07:52+00:00\",\"breadcrumb\":{\"@id\":\"https:\\\/\\\/www.websupport.sk\\\/blog\\\/2020\\\/11\\\/podcast-kubernetes-a-cloud-native-v-praxi-adam-hamsik\\\/#breadcrumb\"},\"inLanguage\":\"sk-SK\",\"potentialAction\":[{\"@type\":\"ReadAction\",\"target\":[\"https:\\\/\\\/www.websupport.sk\\\/blog\\\/2020\\\/11\\\/podcast-kubernetes-a-cloud-native-v-praxi-adam-hamsik\\\/\"]}]},{\"@type\":\"ImageObject\",\"inLanguage\":\"sk-SK\",\"@id\":\"https:\\\/\\\/www.websupport.sk\\\/blog\\\/2020\\\/11\\\/podcast-kubernetes-a-cloud-native-v-praxi-adam-hamsik\\\/#primaryimage\",\"url\":\"https:\\\/\\\/www.websupport.sk\\\/blog\\\/app\\\/uploads\\\/sites\\\/2\\\/2020\\\/01\\\/podcasty-facebook-websupport.jpg\",\"contentUrl\":\"https:\\\/\\\/www.websupport.sk\\\/blog\\\/app\\\/uploads\\\/sites\\\/2\\\/2020\\\/01\\\/podcasty-facebook-websupport.jpg\",\"width\":1201,\"height\":629},{\"@type\":\"BreadcrumbList\",\"@id\":\"https:\\\/\\\/www.websupport.sk\\\/blog\\\/2020\\\/11\\\/podcast-kubernetes-a-cloud-native-v-praxi-adam-hamsik\\\/#breadcrumb\",\"itemListElement\":[{\"@type\":\"ListItem\",\"position\":1,\"name\":\"Home\",\"item\":\"https:\\\/\\\/www.websupport.sk\\\/blog\\\/\"},{\"@type\":\"ListItem\",\"position\":2,\"name\":\"Kubernetes a Cloud native v praxi (Adam Ham\u0161\u00edk)\"}]},{\"@type\":\"WebSite\",\"@id\":\"https:\\\/\\\/www.websupport.sk\\\/blog\\\/#website\",\"url\":\"https:\\\/\\\/www.websupport.sk\\\/blog\\\/\",\"name\":\"Websupport blog\",\"description\":\"Websupport blog\",\"publisher\":{\"@id\":\"https:\\\/\\\/www.websupport.sk\\\/blog\\\/#organization\"},\"potentialAction\":[{\"@type\":\"SearchAction\",\"target\":{\"@type\":\"EntryPoint\",\"urlTemplate\":\"https:\\\/\\\/www.websupport.sk\\\/blog\\\/?s={search_term_string}\"},\"query-input\":{\"@type\":\"PropertyValueSpecification\",\"valueRequired\":true,\"valueName\":\"search_term_string\"}}],\"inLanguage\":\"sk-SK\"},{\"@type\":\"Organization\",\"@id\":\"https:\\\/\\\/www.websupport.sk\\\/blog\\\/#organization\",\"name\":\"Websupport\",\"url\":\"https:\\\/\\\/www.websupport.sk\\\/blog\\\/\",\"logo\":{\"@type\":\"ImageObject\",\"inLanguage\":\"sk-SK\",\"@id\":\"https:\\\/\\\/www.websupport.sk\\\/blog\\\/#\\\/schema\\\/logo\\\/image\\\/\",\"url\":\"https:\\\/\\\/www.websupport.sk\\\/blog\\\/app\\\/uploads\\\/sites\\\/2\\\/2021\\\/08\\\/websupport-logo.svg\",\"contentUrl\":\"https:\\\/\\\/www.websupport.sk\\\/blog\\\/app\\\/uploads\\\/sites\\\/2\\\/2021\\\/08\\\/websupport-logo.svg\",\"width\":153,\"height\":48,\"caption\":\"Websupport\"},\"image\":{\"@id\":\"https:\\\/\\\/www.websupport.sk\\\/blog\\\/#\\\/schema\\\/logo\\\/image\\\/\"}},{\"@type\":\"Person\",\"@id\":\"https:\\\/\\\/www.websupport.sk\\\/blog\\\/#\\\/schema\\\/person\\\/d3f3517a180f66130801edb710ffb6b3\",\"name\":\"T\u00edm Websupport\",\"image\":{\"@type\":\"ImageObject\",\"inLanguage\":\"sk-SK\",\"@id\":\"https:\\\/\\\/secure.gravatar.com\\\/avatar\\\/c69189751d452c13309d44d15907c3aa93630e0cc9e4e874e1bca01fee7ce18b?s=96&d=mm&r=g\",\"url\":\"https:\\\/\\\/secure.gravatar.com\\\/avatar\\\/c69189751d452c13309d44d15907c3aa93630e0cc9e4e874e1bca01fee7ce18b?s=96&d=mm&r=g\",\"contentUrl\":\"https:\\\/\\\/secure.gravatar.com\\\/avatar\\\/c69189751d452c13309d44d15907c3aa93630e0cc9e4e874e1bca01fee7ce18b?s=96&d=mm&r=g\",\"caption\":\"T\u00edm Websupport\"},\"description\":\"Sme slobodn\u00e1 a otvoren\u00e1 firma. Rob\u00edme to, \u010do n\u00e1s bav\u00ed a chceme ka\u017edou na\u0161ou \u010dinnos\u0165ou pos\u00fava\u0165 \u0161tandardy vy\u0161\u0161ie.\",\"url\":\"https:\\\/\\\/www.websupport.sk\\\/blog\\\/author\\\/admin\\\/\"}]}<\/script>\n<!-- \/ Yoast SEO plugin. -->","yoast_head_json":{"title":"Kubernetes a Cloud native v praxi (Adam Ham\u0161\u00edk) - Websupport blog","robots":{"index":"index","follow":"follow","max-snippet":"max-snippet:-1","max-image-preview":"max-image-preview:large","max-video-preview":"max-video-preview:-1"},"canonical":"https:\/\/www.websupport.sk\/blog\/2020\/11\/podcast-kubernetes-a-cloud-native-v-praxi-adam-hamsik\/","og_locale":"sk_SK","og_type":"article","og_title":"Kubernetes a Cloud native v praxi (Adam Ham\u0161\u00edk) - Websupport blog","og_description":"Kubernetes (K8s) sa st\u00e1va jedn\u00fdm zo \u0161tandardov v\u00fdvoja a prev\u00e1dzkovania aplik\u00e1ci\u00ed. Je ale vhodn\u00fd pre v\u0161etky projekty a do ka\u017edej firmy? Ako si vybra\u0165 spr\u00e1vny stack Cloud native n\u00e1strojov a rie\u0161en\u00ed? O tom, ako by sme mali nad Kubernetes uva\u017eova\u0165, sme sa rozpr\u00e1vali s Adamom Ham\u0161\u00edkom. Adam je jeden zo zakladate\u013eov spolo\u010dnosti Labyrinth Labs, ktor\u00e1 [&hellip;]","og_url":"https:\/\/www.websupport.sk\/blog\/2020\/11\/podcast-kubernetes-a-cloud-native-v-praxi-adam-hamsik\/","og_site_name":"Websupport blog","article_published_time":"2020-11-06T11:55:20+00:00","article_modified_time":"2025-03-11T20:07:52+00:00","og_image":[{"width":1201,"height":629,"url":"https:\/\/www.websupport.sk\/blog\/app\/uploads\/sites\/2\/2020\/01\/podcasty-facebook-websupport.jpg","type":"image\/jpeg"}],"author":"T\u00edm Websupport","twitter_card":"summary_large_image","twitter_misc":{"Autor":"T\u00edm Websupport","Predpokladan\u00fd \u010das \u010d\u00edtania":"1 min\u00fata"},"schema":{"@context":"https:\/\/schema.org","@graph":[{"@type":"Article","@id":"https:\/\/www.websupport.sk\/blog\/2020\/11\/podcast-kubernetes-a-cloud-native-v-praxi-adam-hamsik\/#article","isPartOf":{"@id":"https:\/\/www.websupport.sk\/blog\/2020\/11\/podcast-kubernetes-a-cloud-native-v-praxi-adam-hamsik\/"},"author":{"name":"T\u00edm Websupport","@id":"https:\/\/www.websupport.sk\/blog\/#\/schema\/person\/d3f3517a180f66130801edb710ffb6b3"},"headline":"Kubernetes a Cloud native v praxi (Adam Ham\u0161\u00edk)","datePublished":"2020-11-06T11:55:20+00:00","dateModified":"2025-03-11T20:07:52+00:00","mainEntityOfPage":{"@id":"https:\/\/www.websupport.sk\/blog\/2020\/11\/podcast-kubernetes-a-cloud-native-v-praxi-adam-hamsik\/"},"wordCount":198,"commentCount":0,"publisher":{"@id":"https:\/\/www.websupport.sk\/blog\/#organization"},"image":{"@id":"https:\/\/www.websupport.sk\/blog\/2020\/11\/podcast-kubernetes-a-cloud-native-v-praxi-adam-hamsik\/#primaryimage"},"thumbnailUrl":"https:\/\/www.websupport.sk\/blog\/app\/uploads\/sites\/2\/2020\/01\/podcasty-facebook-websupport.jpg","keywords":["adam ham\u0161\u00edk","cloud","devops","diskusia","framework","k8s","kubernetes","labyrinthlabs","native","podcast","rozhovor","tech talks","technologie","websupport"],"articleSection":["Podcasty","Pre profesion\u00e1lov"],"inLanguage":"sk-SK","potentialAction":[{"@type":"CommentAction","name":"Comment","target":["https:\/\/www.websupport.sk\/blog\/2020\/11\/podcast-kubernetes-a-cloud-native-v-praxi-adam-hamsik\/#respond"]}]},{"@type":"WebPage","@id":"https:\/\/www.websupport.sk\/blog\/2020\/11\/podcast-kubernetes-a-cloud-native-v-praxi-adam-hamsik\/","url":"https:\/\/www.websupport.sk\/blog\/2020\/11\/podcast-kubernetes-a-cloud-native-v-praxi-adam-hamsik\/","name":"Kubernetes a Cloud native v praxi (Adam Ham\u0161\u00edk) - Websupport blog","isPartOf":{"@id":"https:\/\/www.websupport.sk\/blog\/#website"},"primaryImageOfPage":{"@id":"https:\/\/www.websupport.sk\/blog\/2020\/11\/podcast-kubernetes-a-cloud-native-v-praxi-adam-hamsik\/#primaryimage"},"image":{"@id":"https:\/\/www.websupport.sk\/blog\/2020\/11\/podcast-kubernetes-a-cloud-native-v-praxi-adam-hamsik\/#primaryimage"},"thumbnailUrl":"https:\/\/www.websupport.sk\/blog\/app\/uploads\/sites\/2\/2020\/01\/podcasty-facebook-websupport.jpg","datePublished":"2020-11-06T11:55:20+00:00","dateModified":"2025-03-11T20:07:52+00:00","breadcrumb":{"@id":"https:\/\/www.websupport.sk\/blog\/2020\/11\/podcast-kubernetes-a-cloud-native-v-praxi-adam-hamsik\/#breadcrumb"},"inLanguage":"sk-SK","potentialAction":[{"@type":"ReadAction","target":["https:\/\/www.websupport.sk\/blog\/2020\/11\/podcast-kubernetes-a-cloud-native-v-praxi-adam-hamsik\/"]}]},{"@type":"ImageObject","inLanguage":"sk-SK","@id":"https:\/\/www.websupport.sk\/blog\/2020\/11\/podcast-kubernetes-a-cloud-native-v-praxi-adam-hamsik\/#primaryimage","url":"https:\/\/www.websupport.sk\/blog\/app\/uploads\/sites\/2\/2020\/01\/podcasty-facebook-websupport.jpg","contentUrl":"https:\/\/www.websupport.sk\/blog\/app\/uploads\/sites\/2\/2020\/01\/podcasty-facebook-websupport.jpg","width":1201,"height":629},{"@type":"BreadcrumbList","@id":"https:\/\/www.websupport.sk\/blog\/2020\/11\/podcast-kubernetes-a-cloud-native-v-praxi-adam-hamsik\/#breadcrumb","itemListElement":[{"@type":"ListItem","position":1,"name":"Home","item":"https:\/\/www.websupport.sk\/blog\/"},{"@type":"ListItem","position":2,"name":"Kubernetes a Cloud native v praxi (Adam Ham\u0161\u00edk)"}]},{"@type":"WebSite","@id":"https:\/\/www.websupport.sk\/blog\/#website","url":"https:\/\/www.websupport.sk\/blog\/","name":"Websupport blog","description":"Websupport blog","publisher":{"@id":"https:\/\/www.websupport.sk\/blog\/#organization"},"potentialAction":[{"@type":"SearchAction","target":{"@type":"EntryPoint","urlTemplate":"https:\/\/www.websupport.sk\/blog\/?s={search_term_string}"},"query-input":{"@type":"PropertyValueSpecification","valueRequired":true,"valueName":"search_term_string"}}],"inLanguage":"sk-SK"},{"@type":"Organization","@id":"https:\/\/www.websupport.sk\/blog\/#organization","name":"Websupport","url":"https:\/\/www.websupport.sk\/blog\/","logo":{"@type":"ImageObject","inLanguage":"sk-SK","@id":"https:\/\/www.websupport.sk\/blog\/#\/schema\/logo\/image\/","url":"https:\/\/www.websupport.sk\/blog\/app\/uploads\/sites\/2\/2021\/08\/websupport-logo.svg","contentUrl":"https:\/\/www.websupport.sk\/blog\/app\/uploads\/sites\/2\/2021\/08\/websupport-logo.svg","width":153,"height":48,"caption":"Websupport"},"image":{"@id":"https:\/\/www.websupport.sk\/blog\/#\/schema\/logo\/image\/"}},{"@type":"Person","@id":"https:\/\/www.websupport.sk\/blog\/#\/schema\/person\/d3f3517a180f66130801edb710ffb6b3","name":"T\u00edm Websupport","image":{"@type":"ImageObject","inLanguage":"sk-SK","@id":"https:\/\/secure.gravatar.com\/avatar\/c69189751d452c13309d44d15907c3aa93630e0cc9e4e874e1bca01fee7ce18b?s=96&d=mm&r=g","url":"https:\/\/secure.gravatar.com\/avatar\/c69189751d452c13309d44d15907c3aa93630e0cc9e4e874e1bca01fee7ce18b?s=96&d=mm&r=g","contentUrl":"https:\/\/secure.gravatar.com\/avatar\/c69189751d452c13309d44d15907c3aa93630e0cc9e4e874e1bca01fee7ce18b?s=96&d=mm&r=g","caption":"T\u00edm Websupport"},"description":"Sme slobodn\u00e1 a otvoren\u00e1 firma. Rob\u00edme to, \u010do n\u00e1s bav\u00ed a chceme ka\u017edou na\u0161ou \u010dinnos\u0165ou pos\u00fava\u0165 \u0161tandardy vy\u0161\u0161ie.","url":"https:\/\/www.websupport.sk\/blog\/author\/admin\/"}]}},"_links":{"self":[{"href":"https:\/\/www.websupport.sk\/blog\/wp-json\/wp\/v2\/posts\/21279","targetHints":{"allow":["GET"]}}],"collection":[{"href":"https:\/\/www.websupport.sk\/blog\/wp-json\/wp\/v2\/posts"}],"about":[{"href":"https:\/\/www.websupport.sk\/blog\/wp-json\/wp\/v2\/types\/post"}],"author":[{"embeddable":true,"href":"https:\/\/www.websupport.sk\/blog\/wp-json\/wp\/v2\/users\/84"}],"replies":[{"embeddable":true,"href":"https:\/\/www.websupport.sk\/blog\/wp-json\/wp\/v2\/comments?post=21279"}],"version-history":[{"count":3,"href":"https:\/\/www.websupport.sk\/blog\/wp-json\/wp\/v2\/posts\/21279\/revisions"}],"predecessor-version":[{"id":22823,"href":"https:\/\/www.websupport.sk\/blog\/wp-json\/wp\/v2\/posts\/21279\/revisions\/22823"}],"wp:featuredmedia":[{"embeddable":true,"href":"https:\/\/www.websupport.sk\/blog\/wp-json\/wp\/v2\/media\/17073"}],"wp:attachment":[{"href":"https:\/\/www.websupport.sk\/blog\/wp-json\/wp\/v2\/media?parent=21279"}],"wp:term":[{"taxonomy":"category","embeddable":true,"href":"https:\/\/www.websupport.sk\/blog\/wp-json\/wp\/v2\/categories?post=21279"},{"taxonomy":"post_tag","embeddable":true,"href":"https:\/\/www.websupport.sk\/blog\/wp-json\/wp\/v2\/tags?post=21279"}],"curies":[{"name":"wp","href":"https:\/\/api.w.org\/{rel}","templated":true}]}}