{"id":20973,"date":"2020-09-14T16:20:00","date_gmt":"2020-09-14T14:20:00","guid":{"rendered":"https:\/\/www.websupport.sk\/blog\/?p=20973"},"modified":"2025-03-11T21:07:51","modified_gmt":"2025-03-11T20:07:51","slug":"podcast-o-unikatnych-slovenskych-technologiach-a-kariere-cofounderky-andrea-basilova","status":"publish","type":"post","link":"https:\/\/www.websupport.sk\/blog\/2020\/09\/podcast-o-unikatnych-slovenskych-technologiach-a-kariere-cofounderky-andrea-basilova\/","title":{"rendered":"O unik\u00e1tnych slovensk\u00fdch technol\u00f3gi\u00e1ch a kari\u00e9re cofounderky"},"content":{"rendered":"<span class=\"span-reading-time rt-reading-time\" style=\"display: block;\"><span class=\"rt-label rt-prefix\"><b>Doba \u010d\u00edtania:<\/b><\/span> <span class=\"rt-time\"> &lt; 1<\/span> <span class=\"rt-label rt-postfix\">min\u00fata<\/span><\/span>\n<p>Na ktor\u00e9 slovensk\u00e9 technick\u00e9 rie\u0161enia, firmy \u010di produkty ste hrd\u00ed? Poz\u00fdvame v\u00e1s upriami\u0165 pozornos\u0165 na v\u00fdnimo\u010dn\u00e9 technol\u00f3gie vznikaj\u00face pod taktovkou slovenskej firmy <a href=\"https:\/\/sensoneo.com\/sk\/\">Sensoneo<\/a>. Ich senzory a inteligentn\u00fd softv\u00e9r prin\u00e1\u0161aj\u00fa efektivitu do zberu odpadov a t\u00fdm pom\u00e1haj\u00fa \u0161etri\u0165 n\u00e1klady, \u010das i \u017eivotn\u00e9 prostredie. Na \u010dele tejto firmy stoj\u00ed Andrea Basilov\u00e1 so svoj\u00edm man\u017eelom Martinom, ktor\u00ed vn\u00edmaj\u00fa v oblasti odpadov\u00e9ho mana\u017ementu e\u0161te mno\u017estvo \u010fal\u0161\u00edch pr\u00edle\u017eitost\u00ed. <\/p>\n\n\n\n<p><strong>V rozhovore s Andreou sa dozviete:<\/strong><\/p>\n\n\n\n<p>&#8211; Ako sa jej podarilo zorientova\u0165 na trhu, o ktorom ni\u010d netu\u0161ila<br>&#8211; Ako z bratislavskej kancel\u00e1rie rozbiehali biznis do cel\u00e9ho sveta<br>&#8211; Ako do ich rodinnej firmy postupne pribudlo \u010fal\u0161\u00edch 20 \u013eud\u00ed<br>&#8211; Ktor\u00e9 technol\u00f3gie uplat\u0148uj\u00fa vo svojom \u201csmart waste\u201d biznise<br>&#8211; Ak\u00fd dopad maj\u00fa ich rie\u0161enia na udr\u017eate\u013enos\u0165 a kvalitu \u017eivota<br>&#8211; Ako m\u00f4\u017eeme aj my prispie\u0165 k pozit\u00edvnej zmene na na\u0161ej plan\u00e9te<br>&#8211; Ako sa im podarilo z\u00edska\u0165 prest\u00ed\u017eny grant v hodnote 1,368 mil. EUR<\/p>\n\n\n\n<p>V r\u00e1mci diskusie budete ma\u0165 pr\u00edle\u017eitos\u0165 spozna\u0165 Andrein kari\u00e9rny pr\u00edbeh a dozvedie\u0165 sa aj to, \u010domu v\u0161etk\u00e9mu mus\u00ed ako spoluzakladate\u013eka, \u0161\u00e9fka business developmentu, PR a HR v Sensoneo rozumie\u0165.<\/p>\n\n\n\n<p>Diskusiu moderuje Mirka Uhnak, CEO <a href=\"https:\/\/minitechmba.org\/\" target=\"_blank\" rel=\"noreferrer noopener\">Mini Tech MBA for Women<\/a>.<\/p>\n\n\n\n<figure class=\"wp-block-embed is-type-rich is-provider-spotify wp-block-embed-spotify wp-embed-aspect-21-9 wp-has-aspect-ratio\"><div class=\"wp-block-embed__wrapper\">\nhttps:\/\/open.spotify.com\/episode\/7dFoVsStHZnluJ9zRc25Nt\n<\/div><\/figure>\n\n\n","protected":false},"excerpt":{"rendered":"<p>Na ktor\u00e9 slovensk\u00e9 technick\u00e9 rie\u0161enia, firmy \u010di produkty ste hrd\u00ed? Poz\u00fdvame v\u00e1s upriami\u0165 pozornos\u0165 na v\u00fdnimo\u010dn\u00e9 technol\u00f3gie vznikaj\u00face pod taktovkou slovenskej firmy Sensoneo. Ich senzory a inteligentn\u00fd softv\u00e9r prin\u00e1\u0161aj\u00fa efektivitu do zberu odpadov a t\u00fdm pom\u00e1haj\u00fa \u0161etri\u0165 n\u00e1klady, \u010das i \u017eivotn\u00e9 prostredie. Na \u010dele tejto firmy stoj\u00ed Andrea Basilov\u00e1 so svoj\u00edm man\u017eelom Martinom, ktor\u00ed vn\u00edmaj\u00fa [&hellip;]<\/p>\n","protected":false},"author":84,"featured_media":17073,"comment_status":"open","ping_status":"open","sticky":false,"template":"","format":"standard","meta":{"footnotes":""},"categories":[1438],"tags":[1842,1803,1650,1737,655,727,2029,2493,2490,2496],"class_list":["post-20973","post","type-post","status-publish","format-standard","has-post-thumbnail","hentry","category-podcasty","tag-diskusia","tag-mini-tech-mba","tag-minitechmba","tag-mirka-uhnak","tag-podcast","tag-rozhovor","tag-slovenske-firmy","tag-smart-waste","tag-smartwaste","tag-udrzatelnost"],"yoast_head":"<!-- This site is optimized with the Yoast SEO plugin v27.4 - https:\/\/yoast.com\/product\/yoast-seo-wordpress\/ -->\n<title>O unik\u00e1tnych slovensk\u00fdch technol\u00f3gi\u00e1ch a kari\u00e9re cofounderky - Websupport blog<\/title>\n<meta name=\"robots\" content=\"index, follow, max-snippet:-1, max-image-preview:large, max-video-preview:-1\" \/>\n<link rel=\"canonical\" href=\"https:\/\/www.websupport.sk\/blog\/2020\/09\/podcast-o-unikatnych-slovenskych-technologiach-a-kariere-cofounderky-andrea-basilova\/\" \/>\n<meta property=\"og:locale\" content=\"sk_SK\" \/>\n<meta property=\"og:type\" content=\"article\" \/>\n<meta property=\"og:title\" content=\"O unik\u00e1tnych slovensk\u00fdch technol\u00f3gi\u00e1ch a kari\u00e9re cofounderky - Websupport blog\" \/>\n<meta property=\"og:description\" content=\"Na ktor\u00e9 slovensk\u00e9 technick\u00e9 rie\u0161enia, firmy \u010di produkty ste hrd\u00ed? Poz\u00fdvame v\u00e1s upriami\u0165 pozornos\u0165 na v\u00fdnimo\u010dn\u00e9 technol\u00f3gie vznikaj\u00face pod taktovkou slovenskej firmy Sensoneo. Ich senzory a inteligentn\u00fd softv\u00e9r prin\u00e1\u0161aj\u00fa efektivitu do zberu odpadov a t\u00fdm pom\u00e1haj\u00fa \u0161etri\u0165 n\u00e1klady, \u010das i \u017eivotn\u00e9 prostredie. Na \u010dele tejto firmy stoj\u00ed Andrea Basilov\u00e1 so svoj\u00edm man\u017eelom Martinom, ktor\u00ed vn\u00edmaj\u00fa [&hellip;]\" \/>\n<meta property=\"og:url\" content=\"https:\/\/www.websupport.sk\/blog\/2020\/09\/podcast-o-unikatnych-slovenskych-technologiach-a-kariere-cofounderky-andrea-basilova\/\" \/>\n<meta property=\"og:site_name\" content=\"Websupport blog\" \/>\n<meta property=\"article:published_time\" content=\"2020-09-14T14:20:00+00:00\" \/>\n<meta property=\"article:modified_time\" content=\"2025-03-11T20:07:51+00:00\" \/>\n<meta property=\"og:image\" content=\"https:\/\/www.websupport.sk\/blog\/app\/uploads\/sites\/2\/2020\/01\/podcasty-facebook-websupport.jpg\" \/>\n\t<meta property=\"og:image:width\" content=\"1201\" \/>\n\t<meta property=\"og:image:height\" content=\"629\" \/>\n\t<meta property=\"og:image:type\" content=\"image\/jpeg\" \/>\n<meta name=\"author\" content=\"T\u00edm Websupport\" \/>\n<meta name=\"twitter:card\" content=\"summary_large_image\" \/>\n<meta name=\"twitter:label1\" content=\"Autor\" \/>\n\t<meta name=\"twitter:data1\" content=\"T\u00edm Websupport\" \/>\n\t<meta name=\"twitter:label2\" content=\"Predpokladan\u00fd \u010das \u010d\u00edtania\" \/>\n\t<meta name=\"twitter:data2\" content=\"1 min\u00fata\" \/>\n<script type=\"application\/ld+json\" class=\"yoast-schema-graph\">{\"@context\":\"https:\\\/\\\/schema.org\",\"@graph\":[{\"@type\":\"Article\",\"@id\":\"https:\\\/\\\/www.websupport.sk\\\/blog\\\/2020\\\/09\\\/podcast-o-unikatnych-slovenskych-technologiach-a-kariere-cofounderky-andrea-basilova\\\/#article\",\"isPartOf\":{\"@id\":\"https:\\\/\\\/www.websupport.sk\\\/blog\\\/2020\\\/09\\\/podcast-o-unikatnych-slovenskych-technologiach-a-kariere-cofounderky-andrea-basilova\\\/\"},\"author\":{\"name\":\"T\u00edm Websupport\",\"@id\":\"https:\\\/\\\/www.websupport.sk\\\/blog\\\/#\\\/schema\\\/person\\\/d3f3517a180f66130801edb710ffb6b3\"},\"headline\":\"O unik\u00e1tnych slovensk\u00fdch technol\u00f3gi\u00e1ch a kari\u00e9re cofounderky\",\"datePublished\":\"2020-09-14T14:20:00+00:00\",\"dateModified\":\"2025-03-11T20:07:51+00:00\",\"mainEntityOfPage\":{\"@id\":\"https:\\\/\\\/www.websupport.sk\\\/blog\\\/2020\\\/09\\\/podcast-o-unikatnych-slovenskych-technologiach-a-kariere-cofounderky-andrea-basilova\\\/\"},\"wordCount\":244,\"commentCount\":0,\"publisher\":{\"@id\":\"https:\\\/\\\/www.websupport.sk\\\/blog\\\/#organization\"},\"image\":{\"@id\":\"https:\\\/\\\/www.websupport.sk\\\/blog\\\/2020\\\/09\\\/podcast-o-unikatnych-slovenskych-technologiach-a-kariere-cofounderky-andrea-basilova\\\/#primaryimage\"},\"thumbnailUrl\":\"https:\\\/\\\/www.websupport.sk\\\/blog\\\/app\\\/uploads\\\/sites\\\/2\\\/2020\\\/01\\\/podcasty-facebook-websupport.jpg\",\"keywords\":[\"diskusia\",\"mini tech mba\",\"minitechmba\",\"mirka uhnak\",\"podcast\",\"rozhovor\",\"slovenske firmy\",\"smart waste\",\"smartwaste\",\"udr\u017eate\u013enos\u0165\"],\"articleSection\":[\"Podcasty\"],\"inLanguage\":\"sk-SK\",\"potentialAction\":[{\"@type\":\"CommentAction\",\"name\":\"Comment\",\"target\":[\"https:\\\/\\\/www.websupport.sk\\\/blog\\\/2020\\\/09\\\/podcast-o-unikatnych-slovenskych-technologiach-a-kariere-cofounderky-andrea-basilova\\\/#respond\"]}]},{\"@type\":\"WebPage\",\"@id\":\"https:\\\/\\\/www.websupport.sk\\\/blog\\\/2020\\\/09\\\/podcast-o-unikatnych-slovenskych-technologiach-a-kariere-cofounderky-andrea-basilova\\\/\",\"url\":\"https:\\\/\\\/www.websupport.sk\\\/blog\\\/2020\\\/09\\\/podcast-o-unikatnych-slovenskych-technologiach-a-kariere-cofounderky-andrea-basilova\\\/\",\"name\":\"O unik\u00e1tnych slovensk\u00fdch technol\u00f3gi\u00e1ch a kari\u00e9re cofounderky - Websupport blog\",\"isPartOf\":{\"@id\":\"https:\\\/\\\/www.websupport.sk\\\/blog\\\/#website\"},\"primaryImageOfPage\":{\"@id\":\"https:\\\/\\\/www.websupport.sk\\\/blog\\\/2020\\\/09\\\/podcast-o-unikatnych-slovenskych-technologiach-a-kariere-cofounderky-andrea-basilova\\\/#primaryimage\"},\"image\":{\"@id\":\"https:\\\/\\\/www.websupport.sk\\\/blog\\\/2020\\\/09\\\/podcast-o-unikatnych-slovenskych-technologiach-a-kariere-cofounderky-andrea-basilova\\\/#primaryimage\"},\"thumbnailUrl\":\"https:\\\/\\\/www.websupport.sk\\\/blog\\\/app\\\/uploads\\\/sites\\\/2\\\/2020\\\/01\\\/podcasty-facebook-websupport.jpg\",\"datePublished\":\"2020-09-14T14:20:00+00:00\",\"dateModified\":\"2025-03-11T20:07:51+00:00\",\"breadcrumb\":{\"@id\":\"https:\\\/\\\/www.websupport.sk\\\/blog\\\/2020\\\/09\\\/podcast-o-unikatnych-slovenskych-technologiach-a-kariere-cofounderky-andrea-basilova\\\/#breadcrumb\"},\"inLanguage\":\"sk-SK\",\"potentialAction\":[{\"@type\":\"ReadAction\",\"target\":[\"https:\\\/\\\/www.websupport.sk\\\/blog\\\/2020\\\/09\\\/podcast-o-unikatnych-slovenskych-technologiach-a-kariere-cofounderky-andrea-basilova\\\/\"]}]},{\"@type\":\"ImageObject\",\"inLanguage\":\"sk-SK\",\"@id\":\"https:\\\/\\\/www.websupport.sk\\\/blog\\\/2020\\\/09\\\/podcast-o-unikatnych-slovenskych-technologiach-a-kariere-cofounderky-andrea-basilova\\\/#primaryimage\",\"url\":\"https:\\\/\\\/www.websupport.sk\\\/blog\\\/app\\\/uploads\\\/sites\\\/2\\\/2020\\\/01\\\/podcasty-facebook-websupport.jpg\",\"contentUrl\":\"https:\\\/\\\/www.websupport.sk\\\/blog\\\/app\\\/uploads\\\/sites\\\/2\\\/2020\\\/01\\\/podcasty-facebook-websupport.jpg\",\"width\":1201,\"height\":629},{\"@type\":\"BreadcrumbList\",\"@id\":\"https:\\\/\\\/www.websupport.sk\\\/blog\\\/2020\\\/09\\\/podcast-o-unikatnych-slovenskych-technologiach-a-kariere-cofounderky-andrea-basilova\\\/#breadcrumb\",\"itemListElement\":[{\"@type\":\"ListItem\",\"position\":1,\"name\":\"Home\",\"item\":\"https:\\\/\\\/www.websupport.sk\\\/blog\\\/\"},{\"@type\":\"ListItem\",\"position\":2,\"name\":\"O unik\u00e1tnych slovensk\u00fdch technol\u00f3gi\u00e1ch a kari\u00e9re cofounderky\"}]},{\"@type\":\"WebSite\",\"@id\":\"https:\\\/\\\/www.websupport.sk\\\/blog\\\/#website\",\"url\":\"https:\\\/\\\/www.websupport.sk\\\/blog\\\/\",\"name\":\"Websupport blog\",\"description\":\"Websupport blog\",\"publisher\":{\"@id\":\"https:\\\/\\\/www.websupport.sk\\\/blog\\\/#organization\"},\"potentialAction\":[{\"@type\":\"SearchAction\",\"target\":{\"@type\":\"EntryPoint\",\"urlTemplate\":\"https:\\\/\\\/www.websupport.sk\\\/blog\\\/?s={search_term_string}\"},\"query-input\":{\"@type\":\"PropertyValueSpecification\",\"valueRequired\":true,\"valueName\":\"search_term_string\"}}],\"inLanguage\":\"sk-SK\"},{\"@type\":\"Organization\",\"@id\":\"https:\\\/\\\/www.websupport.sk\\\/blog\\\/#organization\",\"name\":\"Websupport\",\"url\":\"https:\\\/\\\/www.websupport.sk\\\/blog\\\/\",\"logo\":{\"@type\":\"ImageObject\",\"inLanguage\":\"sk-SK\",\"@id\":\"https:\\\/\\\/www.websupport.sk\\\/blog\\\/#\\\/schema\\\/logo\\\/image\\\/\",\"url\":\"https:\\\/\\\/www.websupport.sk\\\/blog\\\/app\\\/uploads\\\/sites\\\/2\\\/2021\\\/08\\\/websupport-logo.svg\",\"contentUrl\":\"https:\\\/\\\/www.websupport.sk\\\/blog\\\/app\\\/uploads\\\/sites\\\/2\\\/2021\\\/08\\\/websupport-logo.svg\",\"width\":153,\"height\":48,\"caption\":\"Websupport\"},\"image\":{\"@id\":\"https:\\\/\\\/www.websupport.sk\\\/blog\\\/#\\\/schema\\\/logo\\\/image\\\/\"}},{\"@type\":\"Person\",\"@id\":\"https:\\\/\\\/www.websupport.sk\\\/blog\\\/#\\\/schema\\\/person\\\/d3f3517a180f66130801edb710ffb6b3\",\"name\":\"T\u00edm Websupport\",\"image\":{\"@type\":\"ImageObject\",\"inLanguage\":\"sk-SK\",\"@id\":\"https:\\\/\\\/secure.gravatar.com\\\/avatar\\\/c69189751d452c13309d44d15907c3aa93630e0cc9e4e874e1bca01fee7ce18b?s=96&d=mm&r=g\",\"url\":\"https:\\\/\\\/secure.gravatar.com\\\/avatar\\\/c69189751d452c13309d44d15907c3aa93630e0cc9e4e874e1bca01fee7ce18b?s=96&d=mm&r=g\",\"contentUrl\":\"https:\\\/\\\/secure.gravatar.com\\\/avatar\\\/c69189751d452c13309d44d15907c3aa93630e0cc9e4e874e1bca01fee7ce18b?s=96&d=mm&r=g\",\"caption\":\"T\u00edm Websupport\"},\"description\":\"Sme slobodn\u00e1 a otvoren\u00e1 firma. Rob\u00edme to, \u010do n\u00e1s bav\u00ed a chceme ka\u017edou na\u0161ou \u010dinnos\u0165ou pos\u00fava\u0165 \u0161tandardy vy\u0161\u0161ie.\",\"url\":\"https:\\\/\\\/www.websupport.sk\\\/blog\\\/author\\\/admin\\\/\"}]}<\/script>\n<!-- \/ Yoast SEO plugin. -->","yoast_head_json":{"title":"O unik\u00e1tnych slovensk\u00fdch technol\u00f3gi\u00e1ch a kari\u00e9re cofounderky - Websupport blog","robots":{"index":"index","follow":"follow","max-snippet":"max-snippet:-1","max-image-preview":"max-image-preview:large","max-video-preview":"max-video-preview:-1"},"canonical":"https:\/\/www.websupport.sk\/blog\/2020\/09\/podcast-o-unikatnych-slovenskych-technologiach-a-kariere-cofounderky-andrea-basilova\/","og_locale":"sk_SK","og_type":"article","og_title":"O unik\u00e1tnych slovensk\u00fdch technol\u00f3gi\u00e1ch a kari\u00e9re cofounderky - Websupport blog","og_description":"Na ktor\u00e9 slovensk\u00e9 technick\u00e9 rie\u0161enia, firmy \u010di produkty ste hrd\u00ed? Poz\u00fdvame v\u00e1s upriami\u0165 pozornos\u0165 na v\u00fdnimo\u010dn\u00e9 technol\u00f3gie vznikaj\u00face pod taktovkou slovenskej firmy Sensoneo. Ich senzory a inteligentn\u00fd softv\u00e9r prin\u00e1\u0161aj\u00fa efektivitu do zberu odpadov a t\u00fdm pom\u00e1haj\u00fa \u0161etri\u0165 n\u00e1klady, \u010das i \u017eivotn\u00e9 prostredie. Na \u010dele tejto firmy stoj\u00ed Andrea Basilov\u00e1 so svoj\u00edm man\u017eelom Martinom, ktor\u00ed vn\u00edmaj\u00fa [&hellip;]","og_url":"https:\/\/www.websupport.sk\/blog\/2020\/09\/podcast-o-unikatnych-slovenskych-technologiach-a-kariere-cofounderky-andrea-basilova\/","og_site_name":"Websupport blog","article_published_time":"2020-09-14T14:20:00+00:00","article_modified_time":"2025-03-11T20:07:51+00:00","og_image":[{"width":1201,"height":629,"url":"https:\/\/www.websupport.sk\/blog\/app\/uploads\/sites\/2\/2020\/01\/podcasty-facebook-websupport.jpg","type":"image\/jpeg"}],"author":"T\u00edm Websupport","twitter_card":"summary_large_image","twitter_misc":{"Autor":"T\u00edm Websupport","Predpokladan\u00fd \u010das \u010d\u00edtania":"1 min\u00fata"},"schema":{"@context":"https:\/\/schema.org","@graph":[{"@type":"Article","@id":"https:\/\/www.websupport.sk\/blog\/2020\/09\/podcast-o-unikatnych-slovenskych-technologiach-a-kariere-cofounderky-andrea-basilova\/#article","isPartOf":{"@id":"https:\/\/www.websupport.sk\/blog\/2020\/09\/podcast-o-unikatnych-slovenskych-technologiach-a-kariere-cofounderky-andrea-basilova\/"},"author":{"name":"T\u00edm Websupport","@id":"https:\/\/www.websupport.sk\/blog\/#\/schema\/person\/d3f3517a180f66130801edb710ffb6b3"},"headline":"O unik\u00e1tnych slovensk\u00fdch technol\u00f3gi\u00e1ch a kari\u00e9re cofounderky","datePublished":"2020-09-14T14:20:00+00:00","dateModified":"2025-03-11T20:07:51+00:00","mainEntityOfPage":{"@id":"https:\/\/www.websupport.sk\/blog\/2020\/09\/podcast-o-unikatnych-slovenskych-technologiach-a-kariere-cofounderky-andrea-basilova\/"},"wordCount":244,"commentCount":0,"publisher":{"@id":"https:\/\/www.websupport.sk\/blog\/#organization"},"image":{"@id":"https:\/\/www.websupport.sk\/blog\/2020\/09\/podcast-o-unikatnych-slovenskych-technologiach-a-kariere-cofounderky-andrea-basilova\/#primaryimage"},"thumbnailUrl":"https:\/\/www.websupport.sk\/blog\/app\/uploads\/sites\/2\/2020\/01\/podcasty-facebook-websupport.jpg","keywords":["diskusia","mini tech mba","minitechmba","mirka uhnak","podcast","rozhovor","slovenske firmy","smart waste","smartwaste","udr\u017eate\u013enos\u0165"],"articleSection":["Podcasty"],"inLanguage":"sk-SK","potentialAction":[{"@type":"CommentAction","name":"Comment","target":["https:\/\/www.websupport.sk\/blog\/2020\/09\/podcast-o-unikatnych-slovenskych-technologiach-a-kariere-cofounderky-andrea-basilova\/#respond"]}]},{"@type":"WebPage","@id":"https:\/\/www.websupport.sk\/blog\/2020\/09\/podcast-o-unikatnych-slovenskych-technologiach-a-kariere-cofounderky-andrea-basilova\/","url":"https:\/\/www.websupport.sk\/blog\/2020\/09\/podcast-o-unikatnych-slovenskych-technologiach-a-kariere-cofounderky-andrea-basilova\/","name":"O unik\u00e1tnych slovensk\u00fdch technol\u00f3gi\u00e1ch a kari\u00e9re cofounderky - Websupport blog","isPartOf":{"@id":"https:\/\/www.websupport.sk\/blog\/#website"},"primaryImageOfPage":{"@id":"https:\/\/www.websupport.sk\/blog\/2020\/09\/podcast-o-unikatnych-slovenskych-technologiach-a-kariere-cofounderky-andrea-basilova\/#primaryimage"},"image":{"@id":"https:\/\/www.websupport.sk\/blog\/2020\/09\/podcast-o-unikatnych-slovenskych-technologiach-a-kariere-cofounderky-andrea-basilova\/#primaryimage"},"thumbnailUrl":"https:\/\/www.websupport.sk\/blog\/app\/uploads\/sites\/2\/2020\/01\/podcasty-facebook-websupport.jpg","datePublished":"2020-09-14T14:20:00+00:00","dateModified":"2025-03-11T20:07:51+00:00","breadcrumb":{"@id":"https:\/\/www.websupport.sk\/blog\/2020\/09\/podcast-o-unikatnych-slovenskych-technologiach-a-kariere-cofounderky-andrea-basilova\/#breadcrumb"},"inLanguage":"sk-SK","potentialAction":[{"@type":"ReadAction","target":["https:\/\/www.websupport.sk\/blog\/2020\/09\/podcast-o-unikatnych-slovenskych-technologiach-a-kariere-cofounderky-andrea-basilova\/"]}]},{"@type":"ImageObject","inLanguage":"sk-SK","@id":"https:\/\/www.websupport.sk\/blog\/2020\/09\/podcast-o-unikatnych-slovenskych-technologiach-a-kariere-cofounderky-andrea-basilova\/#primaryimage","url":"https:\/\/www.websupport.sk\/blog\/app\/uploads\/sites\/2\/2020\/01\/podcasty-facebook-websupport.jpg","contentUrl":"https:\/\/www.websupport.sk\/blog\/app\/uploads\/sites\/2\/2020\/01\/podcasty-facebook-websupport.jpg","width":1201,"height":629},{"@type":"BreadcrumbList","@id":"https:\/\/www.websupport.sk\/blog\/2020\/09\/podcast-o-unikatnych-slovenskych-technologiach-a-kariere-cofounderky-andrea-basilova\/#breadcrumb","itemListElement":[{"@type":"ListItem","position":1,"name":"Home","item":"https:\/\/www.websupport.sk\/blog\/"},{"@type":"ListItem","position":2,"name":"O unik\u00e1tnych slovensk\u00fdch technol\u00f3gi\u00e1ch a kari\u00e9re cofounderky"}]},{"@type":"WebSite","@id":"https:\/\/www.websupport.sk\/blog\/#website","url":"https:\/\/www.websupport.sk\/blog\/","name":"Websupport blog","description":"Websupport blog","publisher":{"@id":"https:\/\/www.websupport.sk\/blog\/#organization"},"potentialAction":[{"@type":"SearchAction","target":{"@type":"EntryPoint","urlTemplate":"https:\/\/www.websupport.sk\/blog\/?s={search_term_string}"},"query-input":{"@type":"PropertyValueSpecification","valueRequired":true,"valueName":"search_term_string"}}],"inLanguage":"sk-SK"},{"@type":"Organization","@id":"https:\/\/www.websupport.sk\/blog\/#organization","name":"Websupport","url":"https:\/\/www.websupport.sk\/blog\/","logo":{"@type":"ImageObject","inLanguage":"sk-SK","@id":"https:\/\/www.websupport.sk\/blog\/#\/schema\/logo\/image\/","url":"https:\/\/www.websupport.sk\/blog\/app\/uploads\/sites\/2\/2021\/08\/websupport-logo.svg","contentUrl":"https:\/\/www.websupport.sk\/blog\/app\/uploads\/sites\/2\/2021\/08\/websupport-logo.svg","width":153,"height":48,"caption":"Websupport"},"image":{"@id":"https:\/\/www.websupport.sk\/blog\/#\/schema\/logo\/image\/"}},{"@type":"Person","@id":"https:\/\/www.websupport.sk\/blog\/#\/schema\/person\/d3f3517a180f66130801edb710ffb6b3","name":"T\u00edm Websupport","image":{"@type":"ImageObject","inLanguage":"sk-SK","@id":"https:\/\/secure.gravatar.com\/avatar\/c69189751d452c13309d44d15907c3aa93630e0cc9e4e874e1bca01fee7ce18b?s=96&d=mm&r=g","url":"https:\/\/secure.gravatar.com\/avatar\/c69189751d452c13309d44d15907c3aa93630e0cc9e4e874e1bca01fee7ce18b?s=96&d=mm&r=g","contentUrl":"https:\/\/secure.gravatar.com\/avatar\/c69189751d452c13309d44d15907c3aa93630e0cc9e4e874e1bca01fee7ce18b?s=96&d=mm&r=g","caption":"T\u00edm Websupport"},"description":"Sme slobodn\u00e1 a otvoren\u00e1 firma. Rob\u00edme to, \u010do n\u00e1s bav\u00ed a chceme ka\u017edou na\u0161ou \u010dinnos\u0165ou pos\u00fava\u0165 \u0161tandardy vy\u0161\u0161ie.","url":"https:\/\/www.websupport.sk\/blog\/author\/admin\/"}]}},"_links":{"self":[{"href":"https:\/\/www.websupport.sk\/blog\/wp-json\/wp\/v2\/posts\/20973","targetHints":{"allow":["GET"]}}],"collection":[{"href":"https:\/\/www.websupport.sk\/blog\/wp-json\/wp\/v2\/posts"}],"about":[{"href":"https:\/\/www.websupport.sk\/blog\/wp-json\/wp\/v2\/types\/post"}],"author":[{"embeddable":true,"href":"https:\/\/www.websupport.sk\/blog\/wp-json\/wp\/v2\/users\/84"}],"replies":[{"embeddable":true,"href":"https:\/\/www.websupport.sk\/blog\/wp-json\/wp\/v2\/comments?post=20973"}],"version-history":[{"count":2,"href":"https:\/\/www.websupport.sk\/blog\/wp-json\/wp\/v2\/posts\/20973\/revisions"}],"predecessor-version":[{"id":22844,"href":"https:\/\/www.websupport.sk\/blog\/wp-json\/wp\/v2\/posts\/20973\/revisions\/22844"}],"wp:featuredmedia":[{"embeddable":true,"href":"https:\/\/www.websupport.sk\/blog\/wp-json\/wp\/v2\/media\/17073"}],"wp:attachment":[{"href":"https:\/\/www.websupport.sk\/blog\/wp-json\/wp\/v2\/media?parent=20973"}],"wp:term":[{"taxonomy":"category","embeddable":true,"href":"https:\/\/www.websupport.sk\/blog\/wp-json\/wp\/v2\/categories?post=20973"},{"taxonomy":"post_tag","embeddable":true,"href":"https:\/\/www.websupport.sk\/blog\/wp-json\/wp\/v2\/tags?post=20973"}],"curies":[{"name":"wp","href":"https:\/\/api.w.org\/{rel}","templated":true}]}}