{"id":20916,"date":"2020-09-23T09:16:07","date_gmt":"2020-09-23T07:16:07","guid":{"rendered":"https:\/\/www.websupport.sk\/blog\/?p=20916"},"modified":"2025-03-11T21:07:50","modified_gmt":"2025-03-11T20:07:50","slug":"slobodu-adminom-a-koderom","status":"publish","type":"post","link":"https:\/\/www.websupport.sk\/blog\/2020\/09\/slobodu-adminom-a-koderom\/","title":{"rendered":"Spustili sme najv\u00e4\u010d\u0161iu n\u00e1borov\u00fa kampa\u0148 v hist\u00f3rii"},"content":{"rendered":"<span class=\"span-reading-time rt-reading-time\" style=\"display: block;\"><span class=\"rt-label rt-prefix\"><b>Doba \u010d\u00edtania:<\/b><\/span> <span class=\"rt-time\"> 3<\/span> <span class=\"rt-label rt-postfix\">min.<\/span><\/span>\n<p><em>K\u00fdm viacer\u00e9 oblasti v&nbsp;IT za\u017e\u00edvaj\u00fa nie\u010do, \u010do sa im doposia\u013e nestalo \u2013 spomalenie rastu aj n\u00e1boru nov\u00fdch \u013eud\u00ed \u2013 webhostingu predpovedaj\u00fa analytici zlat\u00e9 \u010dasy.<\/em><\/p>\n\n\n\n<p>IT je jedn\u00fdm zo sektorov, ktor\u00e9 sa dlhodobo te\u0161ili rastu. Dokonca jedn\u00e9mu z&nbsp;najv\u00e4\u010d\u0161\u00edch. Ani tu sa v\u0161ak viacer\u00e9 firmy a&nbsp;\u201cpodoblasti\u201d nevyhli dopadom pand\u00e9mie Covid-19. <strong>A\u017e takmer tri \u0161tvrtiny eur\u00f3pskych digit\u00e1lnych spolo\u010dnost\u00ed o\u010dak\u00e1vaj\u00fa, \u017ee im vplyvom koronakr\u00edzy klesn\u00fa zisky a&nbsp;36 % z&nbsp;nich dokonca avizuje prep\u00fa\u0161\u0165anie.<\/strong> Vypl\u00fdva to z&nbsp;prieskumu, ktor\u00fd uskuto\u010dnila organiz\u00e1cia&nbsp;<a href=\"https:\/\/www.digitaleurope.org\/resources\/pan-european-survey-on-the-impact-of-covid-19-on-the-digital-industry\/\" target=\"_blank\" rel=\"noreferrer noopener\">DigitalEurope<\/a>.<\/p>\n\n\n\n<p>V\u00e4\u010d\u0161ine firiem pritom rob\u00ed probl\u00e9my najm\u00e4 neistota ich z\u00e1kazn\u00edkov \u2013 t\u00ed bu\u010f z\u00e1kazky odkladaj\u00fa (65 % z&nbsp;nich), alebo ich priamo ru\u0161ia (30 %).<\/p>\n\n\n\n<p>O&nbsp;tom, \u017ee nie v\u0161etk\u00fdm v&nbsp;IT sa dar\u00ed hovoria aj \u010d\u00edsla nov\u00fdch pracovn\u00fdch pon\u00fak. <strong>Na pracovnom port\u00e1li Profesia.sk klesol na prelome augusta a&nbsp;septembra po\u010det nov\u00fdch inzerovan\u00fdch IT poz\u00edcii v&nbsp;porovnan\u00ed s&nbsp;minul\u00fdm rokom o&nbsp;36,7 percenta.<\/strong> Samozrejme, st\u00e1le je to v\u00fdrazne menej ako je priemer pre cel\u00e9 hospod\u00e1rstvo (cca 60 %), no nazna\u010duje to, \u017ee ani v&nbsp;IT nie s\u00fa v\u0161etky oblasti \u201cneotrasite\u013en\u00e9\u201d.<\/p>\n\n\n\n<blockquote class=\"wp-block-quote is-layout-flow wp-block-quote-is-layout-flow\"><p>K\u00fdm niektor\u00e9 technologick\u00e9 firmy za\u017e\u00edvaj\u00fa aktu\u00e1lne \u201cspomalenie\u201d, webhosting za\u017e\u00edva presn\u00fd opak.<\/p><\/blockquote>\n\n\n\n<p>Ve\u013emi podobne ako na Slovensku to pritom vyzer\u00e1 aj v&nbsp;Spojen\u00fdch \u0161t\u00e1toch. Pod\u013ea port\u00e1lu Indeed (najnav\u0161tevovanej\u0161ieho pracovn\u00e9ho port\u00e1lu v&nbsp;USA) tam klesla ponuka nov\u00fdch IT poz\u00edci\u00ed v&nbsp;porovnan\u00ed s&nbsp;minul\u00fdm rokom o&nbsp;pribli\u017ene 37 percent a&nbsp;na tejto \u00farovni sa dr\u017e\u00ed od polovice m\u00e1ja. Personalisti s\u00fa\u010dasne upozor\u0148uj\u00fa, \u017ee konkurencia na st\u00e1vaj\u00face miesta vzr\u00e1stla aj v\u00e4\u010d\u0161\u00edm roz\u0161\u00edren\u00edm pr\u00e1ce z&nbsp;domu. K\u00fdm v&nbsp;minulosti by sa o&nbsp;dan\u00fa pr\u00e1cu \u010dlovek b\u00fdvaj\u00faci 200 km. od adresy firmy nehl\u00e1sil, dnes to v&nbsp;mnoh\u00fdch pr\u00edpadoch nie je \u017eiaden probl\u00e9m.<\/p>\n\n\n\n<h2 class=\"wp-block-heading\"><strong>Zr\u00fdchlenie digitaliz\u00e1cie nahr\u00e1va webhostingu<\/strong><\/h2>\n\n\n\n<p>K\u00fdm niektor\u00e9 technologick\u00e9 firmy za\u017e\u00edvaj\u00fa aktu\u00e1lne \u201cspomalenie\u201d, webhosting za\u017e\u00edva presn\u00fd opak. Po vypuknut\u00ed pand\u00e9mie sa toti\u017e musela v\u00e4\u010d\u0161ina firiem r\u00fdchlo prisp\u00f4sobi\u0165. Zo d\u0148a na de\u0148 im prestali chodi\u0165 z\u00e1kazn\u00edci, a&nbsp;tak sa namiesto kamenn\u00fdch prev\u00e1dzok preorientovali na online \u2013 zria\u010fovali si webov\u00e9 str\u00e1nky, roz\u0161irovali ich alebo prid\u00e1vali nov\u00e9 slu\u017eby.<\/p>\n\n\n\n<p><strong>K\u00fdm v&nbsp;marci a\u017e j\u00fali 2019 vzr\u00e1stol po\u010det nov\u00fdch registrovan\u00fdch dom\u00e9n v&nbsp;porovnan\u00ed s&nbsp;rovnak\u00fdm obdob\u00edm v&nbsp;roku 2018 iba o&nbsp;10 percent, rok na to (teda z&nbsp;2019 na 2020) bol n\u00e1rast a\u017e trojn\u00e1sobn\u00fd<\/strong>. <strong>Podobn\u00e9 zv\u00fd\u0161enie je pritom vidie\u0165 aj v&nbsp;predaji hostingov. Tie zaznamenali 2,5-n\u00e1sobne v\u00e4\u010d\u0161\u00ed rast.<\/strong><\/p>\n\n\n\n<h2 class=\"wp-block-heading\"><strong>Svetl\u00e9 zajtraj\u0161ky<\/strong><\/h2>\n\n\n\n<p>Progn\u00f3zy konzulta\u010dn\u00fdch firiem pritom ukazuj\u00fa, \u017ee tento n\u00e1rast nie je kr\u00e1tkodob\u00fdm v\u00fdkyvom, ale trendom, ktor\u00fd bude s&nbsp;najv\u00e4\u010d\u0161ou pravdepodobnos\u0165ou pokra\u010dova\u0165. <strong>Koronakr\u00edza toti\u017e priniesla zr\u00fdchlenie digitaliz\u00e1cie a&nbsp;dlhodob\u00e9 \u201epreklopenie biznisu\u201c do online sveta. <\/strong>\u010coraz viac firiem z&nbsp;maloobchodu, ale aj in\u00fdch odvetv\u00ed, tak bude vytv\u00e1ra\u0165 nov\u00e9 webov\u00e9 str\u00e1nky \u010di e-shopy.<\/p>\n\n\n\n<p>Pod\u013ea<a href=\"https:\/\/www.grandviewresearch.com\/industry-analysis\/web-hosting-services-market\" target=\"_blank\" rel=\"noreferrer noopener\">&nbsp;progn\u00f3zy spolo\u010dnosti Grand ViewResearch<\/a>&nbsp;by mal glob\u00e1lny trh s&nbsp;t\u00fdmito slu\u017ebami vzr\u00e1s\u0165 do roku 2027 o&nbsp;15,5 percenta a&nbsp;dosiahnu\u0165 tak hodnotu 171,4 miliardy dol\u00e1rov.<\/p>\n\n\n\n<h2 class=\"wp-block-heading\"><strong>\u017diadan\u00ed s\u00fa k\u00f3deri aj admini<\/strong><\/h2>\n\n\n\n<p>Hoci niektor\u00e9 IT firmy prep\u00fa\u0161\u0165aj\u00fa alebo naberanie nov\u00fdch \u013eud\u00ed \u201ezamrazili\u201c, vo webhostingu nov\u00e9 pracovn\u00e9 miesta prib\u00fadaj\u00fa. Spustili sme doposia\u013e najrozsiahlej\u0161iu <a href=\"https:\/\/www.slobodukoderom.sk\/\" target=\"_blank\" rel=\"noreferrer noopener\">hiringov\u00fa kampa\u0148<\/a> vo svojej hist\u00f3rii. <\/p>\n\n\n\n<figure class=\"wp-block-embed-youtube wp-block-embed is-type-video is-provider-youtube wp-embed-aspect-16-9 wp-has-aspect-ratio\"><div class=\"wp-block-embed__wrapper\">\n<iframe loading=\"lazy\" title=\"Nechcel som sa zmieri\u0165 so stagn\u00e1ciou a stereotypom pr\u00e1ce. Dnes m\u00e1m slobodu v pr\u00e1ci (Jozef Pauli\u0161in)\" width=\"580\" height=\"326\" src=\"https:\/\/www.youtube.com\/embed\/WayjTFrervQ?feature=oembed\" frameborder=\"0\" allow=\"accelerometer; autoplay; clipboard-write; encrypted-media; gyroscope; picture-in-picture; web-share\" referrerpolicy=\"strict-origin-when-cross-origin\" allowfullscreen><\/iframe>\n<\/div><\/figure>\n\n\n\n<p><em>\u201eDo na\u0161ich t\u00edmov v&nbsp;Bratislave aj v&nbsp;Prahe h\u013ead\u00e1me \u0161ikovn\u00fdch Linux adminov a&nbsp;PHP developerov. Vid\u00edme, \u017ee o&nbsp;na\u0161e slu\u017eby je na trhu zv\u00fd\u0161en\u00fd z\u00e1ujem a&nbsp;s&nbsp;nov\u00fdmi projektami potrebujeme aj nov\u00fdch \u013eud\u00ed,\u201c <\/em><strong>upres\u0148uje n\u00e1\u0161 CTO, <a href=\"https:\/\/www.linkedin.com\/in\/tomassrnka\/\" target=\"_blank\" rel=\"noreferrer noopener\">Tom\u00e1\u0161 Srnka<\/a><\/strong>.<\/p>\n\n\n\n<figure class=\"wp-block-embed-youtube wp-block-embed is-type-video is-provider-youtube wp-embed-aspect-16-9 wp-has-aspect-ratio\"><div class=\"wp-block-embed__wrapper\">\n<iframe loading=\"lazy\" title=\"Nechcel som pracova\u0165 s \u00fazkym spektrom technol\u00f3gi\u00ed. Dnes m\u00e1m slobodu v pr\u00e1ci (Pe\u0165o Slov\u00e1k)\" width=\"580\" height=\"326\" src=\"https:\/\/www.youtube.com\/embed\/-_lERjZdfgQ?feature=oembed\" frameborder=\"0\" allow=\"accelerometer; autoplay; clipboard-write; encrypted-media; gyroscope; picture-in-picture; web-share\" referrerpolicy=\"strict-origin-when-cross-origin\" allowfullscreen><\/iframe>\n<\/div><\/figure>\n\n\n\n<p>Denn\u00fdm \u201cchleb\u00ed\u010dkom\u201d developera vo WebSupporte je n\u00e1vrh, k\u00f3denie a&nbsp;code review na nov\u00fdch projektov. Linux admini s\u00fa zasa zodpovedn\u00ed za doh\u013ead nad bezpe\u010dn\u00fdm chodom syst\u00e9mov.<\/p>\n\n\n\n<figure class=\"wp-block-embed-youtube wp-block-embed is-type-video is-provider-youtube wp-embed-aspect-16-9 wp-has-aspect-ratio\"><div class=\"wp-block-embed__wrapper\">\n<iframe loading=\"lazy\" title=\"Nemal som dosah na fungovanie aplik\u00e1ci\u00ed a syst\u00e9mov. Dnes m\u00e1m slobodu v pr\u00e1ci (Michal \u0160uba)\" width=\"580\" height=\"326\" src=\"https:\/\/www.youtube.com\/embed\/ouy7OjU5Y3A?feature=oembed\" frameborder=\"0\" allow=\"accelerometer; autoplay; clipboard-write; encrypted-media; gyroscope; picture-in-picture; web-share\" referrerpolicy=\"strict-origin-when-cross-origin\" allowfullscreen><\/iframe>\n<\/div><\/figure>\n\n\n\n<p><em>\u201eV pr\u00edpade oboch poz\u00edci\u00ed sa \u013eu\u010fom sna\u017e\u00edme poskytn\u00fa\u0165 najm\u00e4 dostatok slobody a&nbsp;priestoru r\u00e1s\u0165. Ak si niekto chod\u00ed do pr\u00e1ce iba odsedie\u0165 svoj \u010das, je to tr\u00e1penie pre obe strany. Naopak, ak m\u00e1 niekto dobr\u00fd n\u00e1pad a&nbsp;vie, ako by dan\u00fa pr\u00e1cu \u010di slu\u017ebu vylep\u0161il, sme v\u017edy len radi a&nbsp;podpor\u00edme ho,\u201c<\/em> uzatv\u00e1ra Srnka.<\/p>\n\n\n\n<p><em>Ak t\u00fa\u017ei\u0161 po slobodnom pr\u00edstupe k tvorbe a vlastnej realiz\u00e1cii, chce\u0161 pracova\u0165 ako PHP developer alebo Linux admin, pozri si viac info na str\u00e1nkach:<\/em><a rel=\"noreferrer noopener\" href=\"http:\/\/www.slobodukoderom.sk\/?utm_source=wsblog&amp;utm_medium=article&amp;utm_campaign=hiring_camp&amp;utm_term=koderi\" target=\"_blank\">&nbsp;<em>slobodukoderom.sk<\/em><\/a><em>&nbsp;alebo<\/em><a href=\"http:\/\/www.sloboduadminom.sk\/?utm_source=wsblog&amp;utm_medium=article&amp;utm_campaign=hiring_camp&amp;utm_term=koderi\" target=\"_blank\" rel=\"noreferrer noopener\">&nbsp;<em>sloboduadminom.sk<\/em><\/a><em>.<\/em><\/p>\n","protected":false},"excerpt":{"rendered":"<p>K\u00fdm viacer\u00e9 oblasti v&nbsp;IT za\u017e\u00edvaj\u00fa nie\u010do, \u010do sa im doposia\u013e nestalo \u2013 spomalenie rastu aj n\u00e1boru nov\u00fdch \u013eud\u00ed \u2013 webhostingu predpovedaj\u00fa analytici zlat\u00e9 \u010dasy. IT je jedn\u00fdm zo sektorov, ktor\u00e9 sa dlhodobo te\u0161ili rastu. Dokonca jedn\u00e9mu z&nbsp;najv\u00e4\u010d\u0161\u00edch. Ani tu sa v\u0161ak viacer\u00e9 firmy a&nbsp;\u201cpodoblasti\u201d nevyhli dopadom pand\u00e9mie Covid-19. A\u017e takmer tri \u0161tvrtiny eur\u00f3pskych digit\u00e1lnych spolo\u010dnost\u00ed [&hellip;]<\/p>\n","protected":false},"author":84,"featured_media":20934,"comment_status":"open","ping_status":"open","sticky":false,"template":"","format":"standard","meta":{"footnotes":""},"categories":[11],"tags":[2475,407,2469,2463,2466,2481,2478,2472],"class_list":["post-20916","post","type-post","status-publish","format-standard","has-post-thumbnail","hentry","category-zakulisie","tag-job-vo-websupporte","tag-kariera","tag-naborova-kampan","tag-slobodu-adminom","tag-slobodu-koderom","tag-systemovi-admini","tag-webdeveloperi","tag-websupport-praca"],"yoast_head":"<!-- This site is optimized with the Yoast SEO plugin v27.4 - https:\/\/yoast.com\/product\/yoast-seo-wordpress\/ -->\n<title>Spustili sme najv\u00e4\u010d\u0161iu n\u00e1borov\u00fa kampa\u0148 v hist\u00f3rii - Websupport blog<\/title>\n<meta name=\"robots\" content=\"index, follow, max-snippet:-1, max-image-preview:large, max-video-preview:-1\" \/>\n<link rel=\"canonical\" href=\"https:\/\/www.websupport.sk\/blog\/2020\/09\/slobodu-adminom-a-koderom\/\" \/>\n<meta property=\"og:locale\" content=\"sk_SK\" \/>\n<meta property=\"og:type\" content=\"article\" \/>\n<meta property=\"og:title\" content=\"Spustili sme najv\u00e4\u010d\u0161iu n\u00e1borov\u00fa kampa\u0148 v hist\u00f3rii - Websupport blog\" \/>\n<meta property=\"og:description\" content=\"K\u00fdm viacer\u00e9 oblasti v&nbsp;IT za\u017e\u00edvaj\u00fa nie\u010do, \u010do sa im doposia\u013e nestalo \u2013 spomalenie rastu aj n\u00e1boru nov\u00fdch \u013eud\u00ed \u2013 webhostingu predpovedaj\u00fa analytici zlat\u00e9 \u010dasy. IT je jedn\u00fdm zo sektorov, ktor\u00e9 sa dlhodobo te\u0161ili rastu. Dokonca jedn\u00e9mu z&nbsp;najv\u00e4\u010d\u0161\u00edch. Ani tu sa v\u0161ak viacer\u00e9 firmy a&nbsp;\u201cpodoblasti\u201d nevyhli dopadom pand\u00e9mie Covid-19. A\u017e takmer tri \u0161tvrtiny eur\u00f3pskych digit\u00e1lnych spolo\u010dnost\u00ed [&hellip;]\" \/>\n<meta property=\"og:url\" content=\"https:\/\/www.websupport.sk\/blog\/2020\/09\/slobodu-adminom-a-koderom\/\" \/>\n<meta property=\"og:site_name\" content=\"Websupport blog\" \/>\n<meta property=\"article:published_time\" content=\"2020-09-23T07:16:07+00:00\" \/>\n<meta property=\"article:modified_time\" content=\"2025-03-11T20:07:50+00:00\" \/>\n<meta property=\"og:image\" content=\"https:\/\/www.websupport.sk\/blog\/app\/uploads\/sites\/2\/2020\/09\/Slobodu-IT.jpg\" \/>\n\t<meta property=\"og:image:width\" content=\"1200\" \/>\n\t<meta property=\"og:image:height\" content=\"630\" \/>\n\t<meta property=\"og:image:type\" content=\"image\/jpeg\" \/>\n<meta name=\"author\" content=\"T\u00edm Websupport\" \/>\n<meta name=\"twitter:card\" content=\"summary_large_image\" \/>\n<meta name=\"twitter:label1\" content=\"Autor\" \/>\n\t<meta name=\"twitter:data1\" content=\"T\u00edm Websupport\" \/>\n\t<meta name=\"twitter:label2\" content=\"Predpokladan\u00fd \u010das \u010d\u00edtania\" \/>\n\t<meta name=\"twitter:data2\" content=\"4 min\u00faty\" \/>\n<script type=\"application\/ld+json\" class=\"yoast-schema-graph\">{\"@context\":\"https:\\\/\\\/schema.org\",\"@graph\":[{\"@type\":\"Article\",\"@id\":\"https:\\\/\\\/www.websupport.sk\\\/blog\\\/2020\\\/09\\\/slobodu-adminom-a-koderom\\\/#article\",\"isPartOf\":{\"@id\":\"https:\\\/\\\/www.websupport.sk\\\/blog\\\/2020\\\/09\\\/slobodu-adminom-a-koderom\\\/\"},\"author\":{\"name\":\"T\u00edm Websupport\",\"@id\":\"https:\\\/\\\/www.websupport.sk\\\/blog\\\/#\\\/schema\\\/person\\\/d3f3517a180f66130801edb710ffb6b3\"},\"headline\":\"Spustili sme najv\u00e4\u010d\u0161iu n\u00e1borov\u00fa kampa\u0148 v hist\u00f3rii\",\"datePublished\":\"2020-09-23T07:16:07+00:00\",\"dateModified\":\"2025-03-11T20:07:50+00:00\",\"mainEntityOfPage\":{\"@id\":\"https:\\\/\\\/www.websupport.sk\\\/blog\\\/2020\\\/09\\\/slobodu-adminom-a-koderom\\\/\"},\"wordCount\":873,\"commentCount\":0,\"publisher\":{\"@id\":\"https:\\\/\\\/www.websupport.sk\\\/blog\\\/#organization\"},\"image\":{\"@id\":\"https:\\\/\\\/www.websupport.sk\\\/blog\\\/2020\\\/09\\\/slobodu-adminom-a-koderom\\\/#primaryimage\"},\"thumbnailUrl\":\"https:\\\/\\\/www.websupport.sk\\\/blog\\\/app\\\/uploads\\\/sites\\\/2\\\/2020\\\/09\\\/BP-Slobodu-Clean.jpg\",\"keywords\":[\"job vo websupporte\",\"kariera\",\"naborova kampan\",\"slobodu adminom\",\"slobodu koderom\",\"systemovi admini\",\"webdeveloperi\",\"websupport praca\"],\"articleSection\":[\"Z\u00e1kulisie\"],\"inLanguage\":\"sk-SK\",\"potentialAction\":[{\"@type\":\"CommentAction\",\"name\":\"Comment\",\"target\":[\"https:\\\/\\\/www.websupport.sk\\\/blog\\\/2020\\\/09\\\/slobodu-adminom-a-koderom\\\/#respond\"]}]},{\"@type\":\"WebPage\",\"@id\":\"https:\\\/\\\/www.websupport.sk\\\/blog\\\/2020\\\/09\\\/slobodu-adminom-a-koderom\\\/\",\"url\":\"https:\\\/\\\/www.websupport.sk\\\/blog\\\/2020\\\/09\\\/slobodu-adminom-a-koderom\\\/\",\"name\":\"Spustili sme najv\u00e4\u010d\u0161iu n\u00e1borov\u00fa kampa\u0148 v hist\u00f3rii - Websupport blog\",\"isPartOf\":{\"@id\":\"https:\\\/\\\/www.websupport.sk\\\/blog\\\/#website\"},\"primaryImageOfPage\":{\"@id\":\"https:\\\/\\\/www.websupport.sk\\\/blog\\\/2020\\\/09\\\/slobodu-adminom-a-koderom\\\/#primaryimage\"},\"image\":{\"@id\":\"https:\\\/\\\/www.websupport.sk\\\/blog\\\/2020\\\/09\\\/slobodu-adminom-a-koderom\\\/#primaryimage\"},\"thumbnailUrl\":\"https:\\\/\\\/www.websupport.sk\\\/blog\\\/app\\\/uploads\\\/sites\\\/2\\\/2020\\\/09\\\/BP-Slobodu-Clean.jpg\",\"datePublished\":\"2020-09-23T07:16:07+00:00\",\"dateModified\":\"2025-03-11T20:07:50+00:00\",\"breadcrumb\":{\"@id\":\"https:\\\/\\\/www.websupport.sk\\\/blog\\\/2020\\\/09\\\/slobodu-adminom-a-koderom\\\/#breadcrumb\"},\"inLanguage\":\"sk-SK\",\"potentialAction\":[{\"@type\":\"ReadAction\",\"target\":[\"https:\\\/\\\/www.websupport.sk\\\/blog\\\/2020\\\/09\\\/slobodu-adminom-a-koderom\\\/\"]}]},{\"@type\":\"ImageObject\",\"inLanguage\":\"sk-SK\",\"@id\":\"https:\\\/\\\/www.websupport.sk\\\/blog\\\/2020\\\/09\\\/slobodu-adminom-a-koderom\\\/#primaryimage\",\"url\":\"https:\\\/\\\/www.websupport.sk\\\/blog\\\/app\\\/uploads\\\/sites\\\/2\\\/2020\\\/09\\\/BP-Slobodu-Clean.jpg\",\"contentUrl\":\"https:\\\/\\\/www.websupport.sk\\\/blog\\\/app\\\/uploads\\\/sites\\\/2\\\/2020\\\/09\\\/BP-Slobodu-Clean.jpg\",\"width\":1920,\"height\":1080},{\"@type\":\"BreadcrumbList\",\"@id\":\"https:\\\/\\\/www.websupport.sk\\\/blog\\\/2020\\\/09\\\/slobodu-adminom-a-koderom\\\/#breadcrumb\",\"itemListElement\":[{\"@type\":\"ListItem\",\"position\":1,\"name\":\"Home\",\"item\":\"https:\\\/\\\/www.websupport.sk\\\/blog\\\/\"},{\"@type\":\"ListItem\",\"position\":2,\"name\":\"Spustili sme najv\u00e4\u010d\u0161iu n\u00e1borov\u00fa kampa\u0148 v hist\u00f3rii\"}]},{\"@type\":\"WebSite\",\"@id\":\"https:\\\/\\\/www.websupport.sk\\\/blog\\\/#website\",\"url\":\"https:\\\/\\\/www.websupport.sk\\\/blog\\\/\",\"name\":\"Websupport blog\",\"description\":\"Websupport blog\",\"publisher\":{\"@id\":\"https:\\\/\\\/www.websupport.sk\\\/blog\\\/#organization\"},\"potentialAction\":[{\"@type\":\"SearchAction\",\"target\":{\"@type\":\"EntryPoint\",\"urlTemplate\":\"https:\\\/\\\/www.websupport.sk\\\/blog\\\/?s={search_term_string}\"},\"query-input\":{\"@type\":\"PropertyValueSpecification\",\"valueRequired\":true,\"valueName\":\"search_term_string\"}}],\"inLanguage\":\"sk-SK\"},{\"@type\":\"Organization\",\"@id\":\"https:\\\/\\\/www.websupport.sk\\\/blog\\\/#organization\",\"name\":\"Websupport\",\"url\":\"https:\\\/\\\/www.websupport.sk\\\/blog\\\/\",\"logo\":{\"@type\":\"ImageObject\",\"inLanguage\":\"sk-SK\",\"@id\":\"https:\\\/\\\/www.websupport.sk\\\/blog\\\/#\\\/schema\\\/logo\\\/image\\\/\",\"url\":\"https:\\\/\\\/www.websupport.sk\\\/blog\\\/app\\\/uploads\\\/sites\\\/2\\\/2021\\\/08\\\/websupport-logo.svg\",\"contentUrl\":\"https:\\\/\\\/www.websupport.sk\\\/blog\\\/app\\\/uploads\\\/sites\\\/2\\\/2021\\\/08\\\/websupport-logo.svg\",\"width\":153,\"height\":48,\"caption\":\"Websupport\"},\"image\":{\"@id\":\"https:\\\/\\\/www.websupport.sk\\\/blog\\\/#\\\/schema\\\/logo\\\/image\\\/\"}},{\"@type\":\"Person\",\"@id\":\"https:\\\/\\\/www.websupport.sk\\\/blog\\\/#\\\/schema\\\/person\\\/d3f3517a180f66130801edb710ffb6b3\",\"name\":\"T\u00edm Websupport\",\"image\":{\"@type\":\"ImageObject\",\"inLanguage\":\"sk-SK\",\"@id\":\"https:\\\/\\\/secure.gravatar.com\\\/avatar\\\/c69189751d452c13309d44d15907c3aa93630e0cc9e4e874e1bca01fee7ce18b?s=96&d=mm&r=g\",\"url\":\"https:\\\/\\\/secure.gravatar.com\\\/avatar\\\/c69189751d452c13309d44d15907c3aa93630e0cc9e4e874e1bca01fee7ce18b?s=96&d=mm&r=g\",\"contentUrl\":\"https:\\\/\\\/secure.gravatar.com\\\/avatar\\\/c69189751d452c13309d44d15907c3aa93630e0cc9e4e874e1bca01fee7ce18b?s=96&d=mm&r=g\",\"caption\":\"T\u00edm Websupport\"},\"description\":\"Sme slobodn\u00e1 a otvoren\u00e1 firma. Rob\u00edme to, \u010do n\u00e1s bav\u00ed a chceme ka\u017edou na\u0161ou \u010dinnos\u0165ou pos\u00fava\u0165 \u0161tandardy vy\u0161\u0161ie.\",\"url\":\"https:\\\/\\\/www.websupport.sk\\\/blog\\\/author\\\/admin\\\/\"}]}<\/script>\n<!-- \/ Yoast SEO plugin. -->","yoast_head_json":{"title":"Spustili sme najv\u00e4\u010d\u0161iu n\u00e1borov\u00fa kampa\u0148 v hist\u00f3rii - Websupport blog","robots":{"index":"index","follow":"follow","max-snippet":"max-snippet:-1","max-image-preview":"max-image-preview:large","max-video-preview":"max-video-preview:-1"},"canonical":"https:\/\/www.websupport.sk\/blog\/2020\/09\/slobodu-adminom-a-koderom\/","og_locale":"sk_SK","og_type":"article","og_title":"Spustili sme najv\u00e4\u010d\u0161iu n\u00e1borov\u00fa kampa\u0148 v hist\u00f3rii - Websupport blog","og_description":"K\u00fdm viacer\u00e9 oblasti v&nbsp;IT za\u017e\u00edvaj\u00fa nie\u010do, \u010do sa im doposia\u013e nestalo \u2013 spomalenie rastu aj n\u00e1boru nov\u00fdch \u013eud\u00ed \u2013 webhostingu predpovedaj\u00fa analytici zlat\u00e9 \u010dasy. IT je jedn\u00fdm zo sektorov, ktor\u00e9 sa dlhodobo te\u0161ili rastu. Dokonca jedn\u00e9mu z&nbsp;najv\u00e4\u010d\u0161\u00edch. Ani tu sa v\u0161ak viacer\u00e9 firmy a&nbsp;\u201cpodoblasti\u201d nevyhli dopadom pand\u00e9mie Covid-19. A\u017e takmer tri \u0161tvrtiny eur\u00f3pskych digit\u00e1lnych spolo\u010dnost\u00ed [&hellip;]","og_url":"https:\/\/www.websupport.sk\/blog\/2020\/09\/slobodu-adminom-a-koderom\/","og_site_name":"Websupport blog","article_published_time":"2020-09-23T07:16:07+00:00","article_modified_time":"2025-03-11T20:07:50+00:00","og_image":[{"width":1200,"height":630,"url":"https:\/\/www.websupport.sk\/blog\/app\/uploads\/sites\/2\/2020\/09\/Slobodu-IT.jpg","type":"image\/jpeg"}],"author":"T\u00edm Websupport","twitter_card":"summary_large_image","twitter_misc":{"Autor":"T\u00edm Websupport","Predpokladan\u00fd \u010das \u010d\u00edtania":"4 min\u00faty"},"schema":{"@context":"https:\/\/schema.org","@graph":[{"@type":"Article","@id":"https:\/\/www.websupport.sk\/blog\/2020\/09\/slobodu-adminom-a-koderom\/#article","isPartOf":{"@id":"https:\/\/www.websupport.sk\/blog\/2020\/09\/slobodu-adminom-a-koderom\/"},"author":{"name":"T\u00edm Websupport","@id":"https:\/\/www.websupport.sk\/blog\/#\/schema\/person\/d3f3517a180f66130801edb710ffb6b3"},"headline":"Spustili sme najv\u00e4\u010d\u0161iu n\u00e1borov\u00fa kampa\u0148 v hist\u00f3rii","datePublished":"2020-09-23T07:16:07+00:00","dateModified":"2025-03-11T20:07:50+00:00","mainEntityOfPage":{"@id":"https:\/\/www.websupport.sk\/blog\/2020\/09\/slobodu-adminom-a-koderom\/"},"wordCount":873,"commentCount":0,"publisher":{"@id":"https:\/\/www.websupport.sk\/blog\/#organization"},"image":{"@id":"https:\/\/www.websupport.sk\/blog\/2020\/09\/slobodu-adminom-a-koderom\/#primaryimage"},"thumbnailUrl":"https:\/\/www.websupport.sk\/blog\/app\/uploads\/sites\/2\/2020\/09\/BP-Slobodu-Clean.jpg","keywords":["job vo websupporte","kariera","naborova kampan","slobodu adminom","slobodu koderom","systemovi admini","webdeveloperi","websupport praca"],"articleSection":["Z\u00e1kulisie"],"inLanguage":"sk-SK","potentialAction":[{"@type":"CommentAction","name":"Comment","target":["https:\/\/www.websupport.sk\/blog\/2020\/09\/slobodu-adminom-a-koderom\/#respond"]}]},{"@type":"WebPage","@id":"https:\/\/www.websupport.sk\/blog\/2020\/09\/slobodu-adminom-a-koderom\/","url":"https:\/\/www.websupport.sk\/blog\/2020\/09\/slobodu-adminom-a-koderom\/","name":"Spustili sme najv\u00e4\u010d\u0161iu n\u00e1borov\u00fa kampa\u0148 v hist\u00f3rii - Websupport blog","isPartOf":{"@id":"https:\/\/www.websupport.sk\/blog\/#website"},"primaryImageOfPage":{"@id":"https:\/\/www.websupport.sk\/blog\/2020\/09\/slobodu-adminom-a-koderom\/#primaryimage"},"image":{"@id":"https:\/\/www.websupport.sk\/blog\/2020\/09\/slobodu-adminom-a-koderom\/#primaryimage"},"thumbnailUrl":"https:\/\/www.websupport.sk\/blog\/app\/uploads\/sites\/2\/2020\/09\/BP-Slobodu-Clean.jpg","datePublished":"2020-09-23T07:16:07+00:00","dateModified":"2025-03-11T20:07:50+00:00","breadcrumb":{"@id":"https:\/\/www.websupport.sk\/blog\/2020\/09\/slobodu-adminom-a-koderom\/#breadcrumb"},"inLanguage":"sk-SK","potentialAction":[{"@type":"ReadAction","target":["https:\/\/www.websupport.sk\/blog\/2020\/09\/slobodu-adminom-a-koderom\/"]}]},{"@type":"ImageObject","inLanguage":"sk-SK","@id":"https:\/\/www.websupport.sk\/blog\/2020\/09\/slobodu-adminom-a-koderom\/#primaryimage","url":"https:\/\/www.websupport.sk\/blog\/app\/uploads\/sites\/2\/2020\/09\/BP-Slobodu-Clean.jpg","contentUrl":"https:\/\/www.websupport.sk\/blog\/app\/uploads\/sites\/2\/2020\/09\/BP-Slobodu-Clean.jpg","width":1920,"height":1080},{"@type":"BreadcrumbList","@id":"https:\/\/www.websupport.sk\/blog\/2020\/09\/slobodu-adminom-a-koderom\/#breadcrumb","itemListElement":[{"@type":"ListItem","position":1,"name":"Home","item":"https:\/\/www.websupport.sk\/blog\/"},{"@type":"ListItem","position":2,"name":"Spustili sme najv\u00e4\u010d\u0161iu n\u00e1borov\u00fa kampa\u0148 v hist\u00f3rii"}]},{"@type":"WebSite","@id":"https:\/\/www.websupport.sk\/blog\/#website","url":"https:\/\/www.websupport.sk\/blog\/","name":"Websupport blog","description":"Websupport blog","publisher":{"@id":"https:\/\/www.websupport.sk\/blog\/#organization"},"potentialAction":[{"@type":"SearchAction","target":{"@type":"EntryPoint","urlTemplate":"https:\/\/www.websupport.sk\/blog\/?s={search_term_string}"},"query-input":{"@type":"PropertyValueSpecification","valueRequired":true,"valueName":"search_term_string"}}],"inLanguage":"sk-SK"},{"@type":"Organization","@id":"https:\/\/www.websupport.sk\/blog\/#organization","name":"Websupport","url":"https:\/\/www.websupport.sk\/blog\/","logo":{"@type":"ImageObject","inLanguage":"sk-SK","@id":"https:\/\/www.websupport.sk\/blog\/#\/schema\/logo\/image\/","url":"https:\/\/www.websupport.sk\/blog\/app\/uploads\/sites\/2\/2021\/08\/websupport-logo.svg","contentUrl":"https:\/\/www.websupport.sk\/blog\/app\/uploads\/sites\/2\/2021\/08\/websupport-logo.svg","width":153,"height":48,"caption":"Websupport"},"image":{"@id":"https:\/\/www.websupport.sk\/blog\/#\/schema\/logo\/image\/"}},{"@type":"Person","@id":"https:\/\/www.websupport.sk\/blog\/#\/schema\/person\/d3f3517a180f66130801edb710ffb6b3","name":"T\u00edm Websupport","image":{"@type":"ImageObject","inLanguage":"sk-SK","@id":"https:\/\/secure.gravatar.com\/avatar\/c69189751d452c13309d44d15907c3aa93630e0cc9e4e874e1bca01fee7ce18b?s=96&d=mm&r=g","url":"https:\/\/secure.gravatar.com\/avatar\/c69189751d452c13309d44d15907c3aa93630e0cc9e4e874e1bca01fee7ce18b?s=96&d=mm&r=g","contentUrl":"https:\/\/secure.gravatar.com\/avatar\/c69189751d452c13309d44d15907c3aa93630e0cc9e4e874e1bca01fee7ce18b?s=96&d=mm&r=g","caption":"T\u00edm Websupport"},"description":"Sme slobodn\u00e1 a otvoren\u00e1 firma. Rob\u00edme to, \u010do n\u00e1s bav\u00ed a chceme ka\u017edou na\u0161ou \u010dinnos\u0165ou pos\u00fava\u0165 \u0161tandardy vy\u0161\u0161ie.","url":"https:\/\/www.websupport.sk\/blog\/author\/admin\/"}]}},"_links":{"self":[{"href":"https:\/\/www.websupport.sk\/blog\/wp-json\/wp\/v2\/posts\/20916","targetHints":{"allow":["GET"]}}],"collection":[{"href":"https:\/\/www.websupport.sk\/blog\/wp-json\/wp\/v2\/posts"}],"about":[{"href":"https:\/\/www.websupport.sk\/blog\/wp-json\/wp\/v2\/types\/post"}],"author":[{"embeddable":true,"href":"https:\/\/www.websupport.sk\/blog\/wp-json\/wp\/v2\/users\/84"}],"replies":[{"embeddable":true,"href":"https:\/\/www.websupport.sk\/blog\/wp-json\/wp\/v2\/comments?post=20916"}],"version-history":[{"count":4,"href":"https:\/\/www.websupport.sk\/blog\/wp-json\/wp\/v2\/posts\/20916\/revisions"}],"predecessor-version":[{"id":20946,"href":"https:\/\/www.websupport.sk\/blog\/wp-json\/wp\/v2\/posts\/20916\/revisions\/20946"}],"wp:featuredmedia":[{"embeddable":true,"href":"https:\/\/www.websupport.sk\/blog\/wp-json\/wp\/v2\/media\/20934"}],"wp:attachment":[{"href":"https:\/\/www.websupport.sk\/blog\/wp-json\/wp\/v2\/media?parent=20916"}],"wp:term":[{"taxonomy":"category","embeddable":true,"href":"https:\/\/www.websupport.sk\/blog\/wp-json\/wp\/v2\/categories?post=20916"},{"taxonomy":"post_tag","embeddable":true,"href":"https:\/\/www.websupport.sk\/blog\/wp-json\/wp\/v2\/tags?post=20916"}],"curies":[{"name":"wp","href":"https:\/\/api.w.org\/{rel}","templated":true}]}}