{"id":19614,"date":"2020-06-24T14:02:36","date_gmt":"2020-06-24T12:02:36","guid":{"rendered":"https:\/\/www.websupport.sk\/blog\/?p=19614"},"modified":"2025-03-11T21:07:45","modified_gmt":"2025-03-11T20:07:45","slug":"podcast-o-zivotnom-style-startupera-a-zalube-v-lokalnych-podnikoch-patrik-charous","status":"publish","type":"post","link":"https:\/\/www.websupport.sk\/blog\/2020\/06\/podcast-o-zivotnom-style-startupera-a-zalube-v-lokalnych-podnikoch-patrik-charous\/","title":{"rendered":"O \u017eivotnom \u0161t\u00fdle startupera a z\u00e1\u013eube v lok\u00e1lnych podnikoch"},"content":{"rendered":"<span class=\"span-reading-time rt-reading-time\" style=\"display: block;\"><span class=\"rt-label rt-prefix\"><b>Doba \u010d\u00edtania:<\/b><\/span> <span class=\"rt-time\"> 2<\/span> <span class=\"rt-label rt-postfix\">min.<\/span><\/span>\n<p>Po korone sme si pozvali Patrika Charousa. Pa\u0165o je Martin\u010dan \u017eij\u00faci v Prahe. Presk\u00e1kal si viacer\u00fdmi startupmi, zamestnaniami &#8211; za\u017eil \u00faspechy i p\u00e1dy. Je fan\u00fa\u0161ikom lok\u00e1lnych podnikov, ktor\u00fdm sa st\u00e1le venuje a nie inak je tomu aj pri jeho poslednom projekte colocals.com. Vesel\u00fdm rozhovorom, ktor\u00fd zaujme nie len z pracovn\u00e9ho h\u013eadiska, ale aj jeho \u017eivotn\u00fdm pr\u00edbehom, v\u00e1s prevedie Vladislav Tyger Martynek a Michal Stupo Stup\u00e1k z Cancel coworking.<\/p>\n\n\n\n<p>Tento podcast vznik\u00e1 v spolupr\u00e1ci s Cancel Coworking (<a rel=\"noreferrer noopener\" href=\"https:\/\/gate.sc\/?url=https%3A%2F%2Fcancel.sk&amp;token=a64c4f-1-1592998614142\" target=\"_blank\">cancel.sk<\/a>)<\/p>\n\n\n\n<figure class=\"wp-block-embed is-type-rich is-provider-spotify wp-block-embed-spotify wp-embed-aspect-21-9 wp-has-aspect-ratio\"><div class=\"wp-block-embed__wrapper\">\nhttps:\/\/open.spotify.com\/episode\/6R26kOVW4zITgiRh93tcqZ\n<\/div><\/figure>\n\n\n\n<p><strong>Vypo\u010dujte si podcast aj na \u010fal\u0161\u00edch platform\u00e1ch:<\/strong><br><img decoding=\"async\" src=\"https:\/\/www.websupport.sk\/blogoads\/sites\/2\/2019\/07\/spotify.png\"> <a href=\"https:\/\/open.spotify.com\/show\/2RUpskCHnbGyj6h1jdCy5A\">Spotify<\/a><br><img decoding=\"async\" src=\"https:\/\/www.websupport.sk\/blogoads\/sites\/2\/2019\/07\/soundcloud.png\"> <a href=\"https:\/\/soundcloud.com\/websupport_sk\">SoundCloud<\/a><br><img decoding=\"async\" src=\"https:\/\/www.websupport.sk\/blogoads\/sites\/2\/2019\/07\/podbean.png\"> <a href=\"https:\/\/websupport.podbean.com\/\">Podbean<\/a><br><img decoding=\"async\" height=\"10\" src=\"https:\/\/www.websupport.sk\/blogoads\/sites\/2\/2019\/07\/itunes.png\"> <a href=\"https:\/\/podcasts.apple.com\/gb\/podcast\/websupport\/id1330141229?mt=2\">iTunes<\/a><br><img decoding=\"async\" src=\"https:\/\/www.websupport.sk\/blogoads\/sites\/2\/2020\/04\/google_podcast.png\"> <a href=\"https:\/\/podcasts.google.com\/?feed=aHR0cHM6Ly93ZWJzdXBwb3J0LnBvZGJlYW4uY29tL2ZlZWQueG1s\">Google Podcast<\/a><\/p>\n","protected":false},"excerpt":{"rendered":"<p>Po korone sme si pozvali Patrika Charousa. Pa\u0165o je Martin\u010dan \u017eij\u00faci v Prahe. Presk\u00e1kal si viacer\u00fdmi startupmi, zamestnaniami &#8211; za\u017eil \u00faspechy i p\u00e1dy. Je fan\u00fa\u0161ikom lok\u00e1lnych podnikov, ktor\u00fdm sa st\u00e1le venuje a nie inak je tomu aj pri jeho poslednom projekte colocals.com. Vesel\u00fdm rozhovorom, ktor\u00fd zaujme nie len z pracovn\u00e9ho h\u013eadiska, ale aj jeho \u017eivotn\u00fdm [&hellip;]<\/p>\n","protected":false},"author":84,"featured_media":17073,"comment_status":"open","ping_status":"open","sticky":false,"template":"","format":"standard","meta":{"footnotes":""},"categories":[1438],"tags":[1102,1468,2124,1099,2118,2121,655],"class_list":["post-19614","post","type-post","status-publish","format-standard","has-post-thumbnail","hentry","category-podcasty","tag-cancel","tag-cancel-sk","tag-colocals-com","tag-coworking","tag-coworking-podcast","tag-patrik-charous","tag-podcast"],"yoast_head":"<!-- This site is optimized with the Yoast SEO plugin v27.4 - https:\/\/yoast.com\/product\/yoast-seo-wordpress\/ -->\n<title>O \u017eivotnom \u0161t\u00fdle startupera a z\u00e1\u013eube v lok\u00e1lnych podnikoch - Websupport blog<\/title>\n<meta name=\"robots\" content=\"index, follow, max-snippet:-1, max-image-preview:large, max-video-preview:-1\" \/>\n<link rel=\"canonical\" href=\"https:\/\/www.websupport.sk\/blog\/2020\/06\/podcast-o-zivotnom-style-startupera-a-zalube-v-lokalnych-podnikoch-patrik-charous\/\" \/>\n<meta property=\"og:locale\" content=\"sk_SK\" \/>\n<meta property=\"og:type\" content=\"article\" \/>\n<meta property=\"og:title\" content=\"O \u017eivotnom \u0161t\u00fdle startupera a z\u00e1\u013eube v lok\u00e1lnych podnikoch - Websupport blog\" \/>\n<meta property=\"og:description\" content=\"Po korone sme si pozvali Patrika Charousa. Pa\u0165o je Martin\u010dan \u017eij\u00faci v Prahe. Presk\u00e1kal si viacer\u00fdmi startupmi, zamestnaniami &#8211; za\u017eil \u00faspechy i p\u00e1dy. Je fan\u00fa\u0161ikom lok\u00e1lnych podnikov, ktor\u00fdm sa st\u00e1le venuje a nie inak je tomu aj pri jeho poslednom projekte colocals.com. Vesel\u00fdm rozhovorom, ktor\u00fd zaujme nie len z pracovn\u00e9ho h\u013eadiska, ale aj jeho \u017eivotn\u00fdm [&hellip;]\" \/>\n<meta property=\"og:url\" content=\"https:\/\/www.websupport.sk\/blog\/2020\/06\/podcast-o-zivotnom-style-startupera-a-zalube-v-lokalnych-podnikoch-patrik-charous\/\" \/>\n<meta property=\"og:site_name\" content=\"Websupport blog\" \/>\n<meta property=\"article:published_time\" content=\"2020-06-24T12:02:36+00:00\" \/>\n<meta property=\"article:modified_time\" content=\"2025-03-11T20:07:45+00:00\" \/>\n<meta property=\"og:image\" content=\"https:\/\/www.websupport.sk\/blog\/app\/uploads\/sites\/2\/2020\/01\/podcasty-facebook-websupport.jpg\" \/>\n\t<meta property=\"og:image:width\" content=\"1201\" \/>\n\t<meta property=\"og:image:height\" content=\"629\" \/>\n\t<meta property=\"og:image:type\" content=\"image\/jpeg\" \/>\n<meta name=\"author\" content=\"T\u00edm Websupport\" \/>\n<meta name=\"twitter:card\" content=\"summary_large_image\" \/>\n<meta name=\"twitter:label1\" content=\"Autor\" \/>\n\t<meta name=\"twitter:data1\" content=\"T\u00edm Websupport\" \/>\n\t<meta name=\"twitter:label2\" content=\"Predpokladan\u00fd \u010das \u010d\u00edtania\" \/>\n\t<meta name=\"twitter:data2\" content=\"2 min\u00faty\" \/>\n<script type=\"application\/ld+json\" class=\"yoast-schema-graph\">{\"@context\":\"https:\\\/\\\/schema.org\",\"@graph\":[{\"@type\":\"Article\",\"@id\":\"https:\\\/\\\/www.websupport.sk\\\/blog\\\/2020\\\/06\\\/podcast-o-zivotnom-style-startupera-a-zalube-v-lokalnych-podnikoch-patrik-charous\\\/#article\",\"isPartOf\":{\"@id\":\"https:\\\/\\\/www.websupport.sk\\\/blog\\\/2020\\\/06\\\/podcast-o-zivotnom-style-startupera-a-zalube-v-lokalnych-podnikoch-patrik-charous\\\/\"},\"author\":{\"name\":\"T\u00edm Websupport\",\"@id\":\"https:\\\/\\\/www.websupport.sk\\\/blog\\\/#\\\/schema\\\/person\\\/d3f3517a180f66130801edb710ffb6b3\"},\"headline\":\"O \u017eivotnom \u0161t\u00fdle startupera a z\u00e1\u013eube v lok\u00e1lnych podnikoch\",\"datePublished\":\"2020-06-24T12:02:36+00:00\",\"dateModified\":\"2025-03-11T20:07:45+00:00\",\"mainEntityOfPage\":{\"@id\":\"https:\\\/\\\/www.websupport.sk\\\/blog\\\/2020\\\/06\\\/podcast-o-zivotnom-style-startupera-a-zalube-v-lokalnych-podnikoch-patrik-charous\\\/\"},\"wordCount\":135,\"commentCount\":0,\"publisher\":{\"@id\":\"https:\\\/\\\/www.websupport.sk\\\/blog\\\/#organization\"},\"image\":{\"@id\":\"https:\\\/\\\/www.websupport.sk\\\/blog\\\/2020\\\/06\\\/podcast-o-zivotnom-style-startupera-a-zalube-v-lokalnych-podnikoch-patrik-charous\\\/#primaryimage\"},\"thumbnailUrl\":\"https:\\\/\\\/www.websupport.sk\\\/blog\\\/app\\\/uploads\\\/sites\\\/2\\\/2020\\\/01\\\/podcasty-facebook-websupport.jpg\",\"keywords\":[\"cancel\",\"cancel.sk\",\"colocals.com\",\"coworking\",\"coworking podcast\",\"patrik charous\",\"podcast\"],\"articleSection\":[\"Podcasty\"],\"inLanguage\":\"sk-SK\",\"potentialAction\":[{\"@type\":\"CommentAction\",\"name\":\"Comment\",\"target\":[\"https:\\\/\\\/www.websupport.sk\\\/blog\\\/2020\\\/06\\\/podcast-o-zivotnom-style-startupera-a-zalube-v-lokalnych-podnikoch-patrik-charous\\\/#respond\"]}]},{\"@type\":\"WebPage\",\"@id\":\"https:\\\/\\\/www.websupport.sk\\\/blog\\\/2020\\\/06\\\/podcast-o-zivotnom-style-startupera-a-zalube-v-lokalnych-podnikoch-patrik-charous\\\/\",\"url\":\"https:\\\/\\\/www.websupport.sk\\\/blog\\\/2020\\\/06\\\/podcast-o-zivotnom-style-startupera-a-zalube-v-lokalnych-podnikoch-patrik-charous\\\/\",\"name\":\"O \u017eivotnom \u0161t\u00fdle startupera a z\u00e1\u013eube v lok\u00e1lnych podnikoch - Websupport blog\",\"isPartOf\":{\"@id\":\"https:\\\/\\\/www.websupport.sk\\\/blog\\\/#website\"},\"primaryImageOfPage\":{\"@id\":\"https:\\\/\\\/www.websupport.sk\\\/blog\\\/2020\\\/06\\\/podcast-o-zivotnom-style-startupera-a-zalube-v-lokalnych-podnikoch-patrik-charous\\\/#primaryimage\"},\"image\":{\"@id\":\"https:\\\/\\\/www.websupport.sk\\\/blog\\\/2020\\\/06\\\/podcast-o-zivotnom-style-startupera-a-zalube-v-lokalnych-podnikoch-patrik-charous\\\/#primaryimage\"},\"thumbnailUrl\":\"https:\\\/\\\/www.websupport.sk\\\/blog\\\/app\\\/uploads\\\/sites\\\/2\\\/2020\\\/01\\\/podcasty-facebook-websupport.jpg\",\"datePublished\":\"2020-06-24T12:02:36+00:00\",\"dateModified\":\"2025-03-11T20:07:45+00:00\",\"breadcrumb\":{\"@id\":\"https:\\\/\\\/www.websupport.sk\\\/blog\\\/2020\\\/06\\\/podcast-o-zivotnom-style-startupera-a-zalube-v-lokalnych-podnikoch-patrik-charous\\\/#breadcrumb\"},\"inLanguage\":\"sk-SK\",\"potentialAction\":[{\"@type\":\"ReadAction\",\"target\":[\"https:\\\/\\\/www.websupport.sk\\\/blog\\\/2020\\\/06\\\/podcast-o-zivotnom-style-startupera-a-zalube-v-lokalnych-podnikoch-patrik-charous\\\/\"]}]},{\"@type\":\"ImageObject\",\"inLanguage\":\"sk-SK\",\"@id\":\"https:\\\/\\\/www.websupport.sk\\\/blog\\\/2020\\\/06\\\/podcast-o-zivotnom-style-startupera-a-zalube-v-lokalnych-podnikoch-patrik-charous\\\/#primaryimage\",\"url\":\"https:\\\/\\\/www.websupport.sk\\\/blog\\\/app\\\/uploads\\\/sites\\\/2\\\/2020\\\/01\\\/podcasty-facebook-websupport.jpg\",\"contentUrl\":\"https:\\\/\\\/www.websupport.sk\\\/blog\\\/app\\\/uploads\\\/sites\\\/2\\\/2020\\\/01\\\/podcasty-facebook-websupport.jpg\",\"width\":1201,\"height\":629},{\"@type\":\"BreadcrumbList\",\"@id\":\"https:\\\/\\\/www.websupport.sk\\\/blog\\\/2020\\\/06\\\/podcast-o-zivotnom-style-startupera-a-zalube-v-lokalnych-podnikoch-patrik-charous\\\/#breadcrumb\",\"itemListElement\":[{\"@type\":\"ListItem\",\"position\":1,\"name\":\"Home\",\"item\":\"https:\\\/\\\/www.websupport.sk\\\/blog\\\/\"},{\"@type\":\"ListItem\",\"position\":2,\"name\":\"O \u017eivotnom \u0161t\u00fdle startupera a z\u00e1\u013eube v lok\u00e1lnych podnikoch\"}]},{\"@type\":\"WebSite\",\"@id\":\"https:\\\/\\\/www.websupport.sk\\\/blog\\\/#website\",\"url\":\"https:\\\/\\\/www.websupport.sk\\\/blog\\\/\",\"name\":\"Websupport blog\",\"description\":\"Websupport blog\",\"publisher\":{\"@id\":\"https:\\\/\\\/www.websupport.sk\\\/blog\\\/#organization\"},\"potentialAction\":[{\"@type\":\"SearchAction\",\"target\":{\"@type\":\"EntryPoint\",\"urlTemplate\":\"https:\\\/\\\/www.websupport.sk\\\/blog\\\/?s={search_term_string}\"},\"query-input\":{\"@type\":\"PropertyValueSpecification\",\"valueRequired\":true,\"valueName\":\"search_term_string\"}}],\"inLanguage\":\"sk-SK\"},{\"@type\":\"Organization\",\"@id\":\"https:\\\/\\\/www.websupport.sk\\\/blog\\\/#organization\",\"name\":\"Websupport\",\"url\":\"https:\\\/\\\/www.websupport.sk\\\/blog\\\/\",\"logo\":{\"@type\":\"ImageObject\",\"inLanguage\":\"sk-SK\",\"@id\":\"https:\\\/\\\/www.websupport.sk\\\/blog\\\/#\\\/schema\\\/logo\\\/image\\\/\",\"url\":\"https:\\\/\\\/www.websupport.sk\\\/blog\\\/app\\\/uploads\\\/sites\\\/2\\\/2021\\\/08\\\/websupport-logo.svg\",\"contentUrl\":\"https:\\\/\\\/www.websupport.sk\\\/blog\\\/app\\\/uploads\\\/sites\\\/2\\\/2021\\\/08\\\/websupport-logo.svg\",\"width\":153,\"height\":48,\"caption\":\"Websupport\"},\"image\":{\"@id\":\"https:\\\/\\\/www.websupport.sk\\\/blog\\\/#\\\/schema\\\/logo\\\/image\\\/\"}},{\"@type\":\"Person\",\"@id\":\"https:\\\/\\\/www.websupport.sk\\\/blog\\\/#\\\/schema\\\/person\\\/d3f3517a180f66130801edb710ffb6b3\",\"name\":\"T\u00edm Websupport\",\"image\":{\"@type\":\"ImageObject\",\"inLanguage\":\"sk-SK\",\"@id\":\"https:\\\/\\\/secure.gravatar.com\\\/avatar\\\/c69189751d452c13309d44d15907c3aa93630e0cc9e4e874e1bca01fee7ce18b?s=96&d=mm&r=g\",\"url\":\"https:\\\/\\\/secure.gravatar.com\\\/avatar\\\/c69189751d452c13309d44d15907c3aa93630e0cc9e4e874e1bca01fee7ce18b?s=96&d=mm&r=g\",\"contentUrl\":\"https:\\\/\\\/secure.gravatar.com\\\/avatar\\\/c69189751d452c13309d44d15907c3aa93630e0cc9e4e874e1bca01fee7ce18b?s=96&d=mm&r=g\",\"caption\":\"T\u00edm Websupport\"},\"description\":\"Sme slobodn\u00e1 a otvoren\u00e1 firma. Rob\u00edme to, \u010do n\u00e1s bav\u00ed a chceme ka\u017edou na\u0161ou \u010dinnos\u0165ou pos\u00fava\u0165 \u0161tandardy vy\u0161\u0161ie.\",\"url\":\"https:\\\/\\\/www.websupport.sk\\\/blog\\\/author\\\/admin\\\/\"}]}<\/script>\n<!-- \/ Yoast SEO plugin. -->","yoast_head_json":{"title":"O \u017eivotnom \u0161t\u00fdle startupera a z\u00e1\u013eube v lok\u00e1lnych podnikoch - Websupport blog","robots":{"index":"index","follow":"follow","max-snippet":"max-snippet:-1","max-image-preview":"max-image-preview:large","max-video-preview":"max-video-preview:-1"},"canonical":"https:\/\/www.websupport.sk\/blog\/2020\/06\/podcast-o-zivotnom-style-startupera-a-zalube-v-lokalnych-podnikoch-patrik-charous\/","og_locale":"sk_SK","og_type":"article","og_title":"O \u017eivotnom \u0161t\u00fdle startupera a z\u00e1\u013eube v lok\u00e1lnych podnikoch - Websupport blog","og_description":"Po korone sme si pozvali Patrika Charousa. Pa\u0165o je Martin\u010dan \u017eij\u00faci v Prahe. Presk\u00e1kal si viacer\u00fdmi startupmi, zamestnaniami &#8211; za\u017eil \u00faspechy i p\u00e1dy. Je fan\u00fa\u0161ikom lok\u00e1lnych podnikov, ktor\u00fdm sa st\u00e1le venuje a nie inak je tomu aj pri jeho poslednom projekte colocals.com. Vesel\u00fdm rozhovorom, ktor\u00fd zaujme nie len z pracovn\u00e9ho h\u013eadiska, ale aj jeho \u017eivotn\u00fdm [&hellip;]","og_url":"https:\/\/www.websupport.sk\/blog\/2020\/06\/podcast-o-zivotnom-style-startupera-a-zalube-v-lokalnych-podnikoch-patrik-charous\/","og_site_name":"Websupport blog","article_published_time":"2020-06-24T12:02:36+00:00","article_modified_time":"2025-03-11T20:07:45+00:00","og_image":[{"width":1201,"height":629,"url":"https:\/\/www.websupport.sk\/blog\/app\/uploads\/sites\/2\/2020\/01\/podcasty-facebook-websupport.jpg","type":"image\/jpeg"}],"author":"T\u00edm Websupport","twitter_card":"summary_large_image","twitter_misc":{"Autor":"T\u00edm Websupport","Predpokladan\u00fd \u010das \u010d\u00edtania":"2 min\u00faty"},"schema":{"@context":"https:\/\/schema.org","@graph":[{"@type":"Article","@id":"https:\/\/www.websupport.sk\/blog\/2020\/06\/podcast-o-zivotnom-style-startupera-a-zalube-v-lokalnych-podnikoch-patrik-charous\/#article","isPartOf":{"@id":"https:\/\/www.websupport.sk\/blog\/2020\/06\/podcast-o-zivotnom-style-startupera-a-zalube-v-lokalnych-podnikoch-patrik-charous\/"},"author":{"name":"T\u00edm Websupport","@id":"https:\/\/www.websupport.sk\/blog\/#\/schema\/person\/d3f3517a180f66130801edb710ffb6b3"},"headline":"O \u017eivotnom \u0161t\u00fdle startupera a z\u00e1\u013eube v lok\u00e1lnych podnikoch","datePublished":"2020-06-24T12:02:36+00:00","dateModified":"2025-03-11T20:07:45+00:00","mainEntityOfPage":{"@id":"https:\/\/www.websupport.sk\/blog\/2020\/06\/podcast-o-zivotnom-style-startupera-a-zalube-v-lokalnych-podnikoch-patrik-charous\/"},"wordCount":135,"commentCount":0,"publisher":{"@id":"https:\/\/www.websupport.sk\/blog\/#organization"},"image":{"@id":"https:\/\/www.websupport.sk\/blog\/2020\/06\/podcast-o-zivotnom-style-startupera-a-zalube-v-lokalnych-podnikoch-patrik-charous\/#primaryimage"},"thumbnailUrl":"https:\/\/www.websupport.sk\/blog\/app\/uploads\/sites\/2\/2020\/01\/podcasty-facebook-websupport.jpg","keywords":["cancel","cancel.sk","colocals.com","coworking","coworking podcast","patrik charous","podcast"],"articleSection":["Podcasty"],"inLanguage":"sk-SK","potentialAction":[{"@type":"CommentAction","name":"Comment","target":["https:\/\/www.websupport.sk\/blog\/2020\/06\/podcast-o-zivotnom-style-startupera-a-zalube-v-lokalnych-podnikoch-patrik-charous\/#respond"]}]},{"@type":"WebPage","@id":"https:\/\/www.websupport.sk\/blog\/2020\/06\/podcast-o-zivotnom-style-startupera-a-zalube-v-lokalnych-podnikoch-patrik-charous\/","url":"https:\/\/www.websupport.sk\/blog\/2020\/06\/podcast-o-zivotnom-style-startupera-a-zalube-v-lokalnych-podnikoch-patrik-charous\/","name":"O \u017eivotnom \u0161t\u00fdle startupera a z\u00e1\u013eube v lok\u00e1lnych podnikoch - Websupport blog","isPartOf":{"@id":"https:\/\/www.websupport.sk\/blog\/#website"},"primaryImageOfPage":{"@id":"https:\/\/www.websupport.sk\/blog\/2020\/06\/podcast-o-zivotnom-style-startupera-a-zalube-v-lokalnych-podnikoch-patrik-charous\/#primaryimage"},"image":{"@id":"https:\/\/www.websupport.sk\/blog\/2020\/06\/podcast-o-zivotnom-style-startupera-a-zalube-v-lokalnych-podnikoch-patrik-charous\/#primaryimage"},"thumbnailUrl":"https:\/\/www.websupport.sk\/blog\/app\/uploads\/sites\/2\/2020\/01\/podcasty-facebook-websupport.jpg","datePublished":"2020-06-24T12:02:36+00:00","dateModified":"2025-03-11T20:07:45+00:00","breadcrumb":{"@id":"https:\/\/www.websupport.sk\/blog\/2020\/06\/podcast-o-zivotnom-style-startupera-a-zalube-v-lokalnych-podnikoch-patrik-charous\/#breadcrumb"},"inLanguage":"sk-SK","potentialAction":[{"@type":"ReadAction","target":["https:\/\/www.websupport.sk\/blog\/2020\/06\/podcast-o-zivotnom-style-startupera-a-zalube-v-lokalnych-podnikoch-patrik-charous\/"]}]},{"@type":"ImageObject","inLanguage":"sk-SK","@id":"https:\/\/www.websupport.sk\/blog\/2020\/06\/podcast-o-zivotnom-style-startupera-a-zalube-v-lokalnych-podnikoch-patrik-charous\/#primaryimage","url":"https:\/\/www.websupport.sk\/blog\/app\/uploads\/sites\/2\/2020\/01\/podcasty-facebook-websupport.jpg","contentUrl":"https:\/\/www.websupport.sk\/blog\/app\/uploads\/sites\/2\/2020\/01\/podcasty-facebook-websupport.jpg","width":1201,"height":629},{"@type":"BreadcrumbList","@id":"https:\/\/www.websupport.sk\/blog\/2020\/06\/podcast-o-zivotnom-style-startupera-a-zalube-v-lokalnych-podnikoch-patrik-charous\/#breadcrumb","itemListElement":[{"@type":"ListItem","position":1,"name":"Home","item":"https:\/\/www.websupport.sk\/blog\/"},{"@type":"ListItem","position":2,"name":"O \u017eivotnom \u0161t\u00fdle startupera a z\u00e1\u013eube v lok\u00e1lnych podnikoch"}]},{"@type":"WebSite","@id":"https:\/\/www.websupport.sk\/blog\/#website","url":"https:\/\/www.websupport.sk\/blog\/","name":"Websupport blog","description":"Websupport blog","publisher":{"@id":"https:\/\/www.websupport.sk\/blog\/#organization"},"potentialAction":[{"@type":"SearchAction","target":{"@type":"EntryPoint","urlTemplate":"https:\/\/www.websupport.sk\/blog\/?s={search_term_string}"},"query-input":{"@type":"PropertyValueSpecification","valueRequired":true,"valueName":"search_term_string"}}],"inLanguage":"sk-SK"},{"@type":"Organization","@id":"https:\/\/www.websupport.sk\/blog\/#organization","name":"Websupport","url":"https:\/\/www.websupport.sk\/blog\/","logo":{"@type":"ImageObject","inLanguage":"sk-SK","@id":"https:\/\/www.websupport.sk\/blog\/#\/schema\/logo\/image\/","url":"https:\/\/www.websupport.sk\/blog\/app\/uploads\/sites\/2\/2021\/08\/websupport-logo.svg","contentUrl":"https:\/\/www.websupport.sk\/blog\/app\/uploads\/sites\/2\/2021\/08\/websupport-logo.svg","width":153,"height":48,"caption":"Websupport"},"image":{"@id":"https:\/\/www.websupport.sk\/blog\/#\/schema\/logo\/image\/"}},{"@type":"Person","@id":"https:\/\/www.websupport.sk\/blog\/#\/schema\/person\/d3f3517a180f66130801edb710ffb6b3","name":"T\u00edm Websupport","image":{"@type":"ImageObject","inLanguage":"sk-SK","@id":"https:\/\/secure.gravatar.com\/avatar\/c69189751d452c13309d44d15907c3aa93630e0cc9e4e874e1bca01fee7ce18b?s=96&d=mm&r=g","url":"https:\/\/secure.gravatar.com\/avatar\/c69189751d452c13309d44d15907c3aa93630e0cc9e4e874e1bca01fee7ce18b?s=96&d=mm&r=g","contentUrl":"https:\/\/secure.gravatar.com\/avatar\/c69189751d452c13309d44d15907c3aa93630e0cc9e4e874e1bca01fee7ce18b?s=96&d=mm&r=g","caption":"T\u00edm Websupport"},"description":"Sme slobodn\u00e1 a otvoren\u00e1 firma. Rob\u00edme to, \u010do n\u00e1s bav\u00ed a chceme ka\u017edou na\u0161ou \u010dinnos\u0165ou pos\u00fava\u0165 \u0161tandardy vy\u0161\u0161ie.","url":"https:\/\/www.websupport.sk\/blog\/author\/admin\/"}]}},"_links":{"self":[{"href":"https:\/\/www.websupport.sk\/blog\/wp-json\/wp\/v2\/posts\/19614","targetHints":{"allow":["GET"]}}],"collection":[{"href":"https:\/\/www.websupport.sk\/blog\/wp-json\/wp\/v2\/posts"}],"about":[{"href":"https:\/\/www.websupport.sk\/blog\/wp-json\/wp\/v2\/types\/post"}],"author":[{"embeddable":true,"href":"https:\/\/www.websupport.sk\/blog\/wp-json\/wp\/v2\/users\/84"}],"replies":[{"embeddable":true,"href":"https:\/\/www.websupport.sk\/blog\/wp-json\/wp\/v2\/comments?post=19614"}],"version-history":[{"count":3,"href":"https:\/\/www.websupport.sk\/blog\/wp-json\/wp\/v2\/posts\/19614\/revisions"}],"predecessor-version":[{"id":22865,"href":"https:\/\/www.websupport.sk\/blog\/wp-json\/wp\/v2\/posts\/19614\/revisions\/22865"}],"wp:featuredmedia":[{"embeddable":true,"href":"https:\/\/www.websupport.sk\/blog\/wp-json\/wp\/v2\/media\/17073"}],"wp:attachment":[{"href":"https:\/\/www.websupport.sk\/blog\/wp-json\/wp\/v2\/media?parent=19614"}],"wp:term":[{"taxonomy":"category","embeddable":true,"href":"https:\/\/www.websupport.sk\/blog\/wp-json\/wp\/v2\/categories?post=19614"},{"taxonomy":"post_tag","embeddable":true,"href":"https:\/\/www.websupport.sk\/blog\/wp-json\/wp\/v2\/tags?post=19614"}],"curies":[{"name":"wp","href":"https:\/\/api.w.org\/{rel}","templated":true}]}}