{"id":19590,"date":"2020-06-24T09:43:35","date_gmt":"2020-06-24T07:43:35","guid":{"rendered":"https:\/\/www.websupport.sk\/blog\/?p=19590"},"modified":"2025-03-11T21:07:45","modified_gmt":"2025-03-11T20:07:45","slug":"podnikatelia-covid","status":"publish","type":"post","link":"https:\/\/www.websupport.sk\/blog\/2020\/06\/podnikatelia-covid\/","title":{"rendered":"Ako menia podnikatelia svoje pl\u00e1ny po\u010das kr\u00edzy"},"content":{"rendered":"<span class=\"span-reading-time rt-reading-time\" style=\"display: block;\"><span class=\"rt-label rt-prefix\"><b>Doba \u010d\u00edtania:<\/b><\/span> <span class=\"rt-time\"> 4<\/span> <span class=\"rt-label rt-postfix\">min.<\/span><\/span>\n<p>Pokra\u010dujeme v s\u00e9rii \u010dl\u00e1nkov, ktor\u00e9 mapuj\u00fa va\u0161e sk\u00fasenosti po\u010das pretrv\u00e1vaj\u00facej kr\u00edzy. Predch\u00e1dzaj\u00face pr\u00edspevky sa venovali najm\u00e4 <a rel=\"noreferrer noopener\" href=\"https:\/\/www.websupport.sk\/blog\/2020\/06\/adaptovali-sme-sa-pocas-krizy\/\" target=\"_blank\">inov\u00e1ci\u00e1m<\/a> a odhodlaniu <a rel=\"noreferrer noopener\" href=\"https:\/\/www.websupport.sk\/blog\/2020\/06\/zakaznici-websupportu\/\" target=\"_blank\">nevzda\u0165 sa<\/a>. Op\u00e4\u0165 sme vybrali nieko\u013eko konkr\u00e9tnych pr\u00edkladov z va\u0161ich odpoved\u00ed, ktor\u00e9 zrkadlia aktu\u00e1lnu situ\u00e1ciu v r\u00f4znych odvetviach, no z\u00e1rove\u0148 m\u00f4\u017eu v niektor\u00fdch pr\u00edpadoch sl\u00fa\u017ei\u0165 ako in\u0161pir\u00e1cia pre \u010fal\u0161ie firmy.<\/p>\n\n\n\n<figure class=\"wp-block-embed-youtube wp-block-embed is-type-video is-provider-youtube wp-embed-aspect-16-9 wp-has-aspect-ratio\"><div class=\"wp-block-embed__wrapper\">\n<iframe loading=\"lazy\" title=\"V \u0165a\u017ek\u00fdch situ\u00e1ci\u00e1ch s\u00fa skryt\u00e9 najv\u00e4\u010d\u0161ie pr\u00edle\u017eitosti (Michal Me\u0161ko)\" width=\"580\" height=\"326\" src=\"https:\/\/www.youtube.com\/embed\/GQ6xkEdLRi8?feature=oembed\" frameborder=\"0\" allow=\"accelerometer; autoplay; clipboard-write; encrypted-media; gyroscope; picture-in-picture; web-share\" referrerpolicy=\"strict-origin-when-cross-origin\" allowfullscreen><\/iframe>\n<\/div><figcaption>Michal Me\u0161ko z Martinusu hovoril o jeho sk\u00fasenostiach z aktu\u00e1lnej kr\u00edzy<\/figcaption><\/figure>\n\n\n\n<p>S pr\u00edchodom &#8222;korony&#8220; ve\u013ea z v\u00e1s stratilo pr\u00edjem, nakoniec sa v\u00e1m v\u0161ak podarilo <strong>vymyslie\u0165 pl\u00e1n B<\/strong>. Podnikatelia museli \u010dastokr\u00e1t meni\u0165 podnikanie od z\u00e1kladu, alebo sa spolahn\u00fa\u0165 na in\u00e9 formy pr\u00edjmu. Na\u0161a z\u00e1kazn\u00ed\u010dka z <a rel=\"noreferrer noopener\" href=\"https:\/\/www.violetfoto.sk\/\" target=\"_blank\">fotoateli\u00e9ru Violet<\/a> n\u00e1m nap\u00edsala: <\/p>\n\n\n\n<p><em>\u201eV r\u00e1mci fotoateli\u00e9ru sa toho ve\u013ea robi\u0165 nedalo. Na\u0161\u0165astie rob\u00edm aj grafiku, tak\u017ee som nezostala \u00faplne bez pr\u00edjmu.<\/em>\u201c<\/p>\n\n\n\n<p>Pre\u010d\u00edtajte si \u010dl\u00e1nok o tom, <a rel=\"noreferrer noopener\" href=\"https:\/\/www.forbes.com\/sites\/tedladd\/2020\/03\/26\/how-to-reinvent-your-business-to-thrive-after-corona\/#5a26525443e2\" target=\"_blank\">ako zmeni\u0165 podnikanie a biznis po &#8222;korone&#8220;.<\/a> <\/p>\n\n\n\n<h2 class=\"wp-block-heading\">D\u00f4le\u017eitos\u0165 zmeny prem\u00fd\u0161\u013eania<\/h2>\n\n\n\n<p>Zauj\u00edmav\u00fd poh\u013ead n\u00e1m poskytol z\u00e1kazn\u00edk zo spolo\u010dnosti Mindmaps. Ihne\u010f po vypuknut\u00ed pand\u00e9mie za\u010dali prem\u00fd\u0161\u013ea\u0165 nad t\u00fdm, ako zmeni\u0165 sp\u00f4sob prem\u00fd\u0161\u013eania a sp\u00edsali si vlastn\u00e9 odpor\u00fa\u010dania, ktor\u00fdmi sa riadili: <\/p>\n\n\n\n<p><em>1. Kompletne zabudni na star\u00e9 sp\u00f4soby zm\u00fd\u0161\u013eania a nostalgiu za osobn\u00fdmi stretnutiami &#8211; svet sa zmenil, osobn\u00fd pr\u00edstup nie je o tom by\u0165 fyzicky spolu, ale o tom bra\u0165 klienta ako \u010dloveka, individualitu &#8211; a to sa d\u00e1 aj cez internet \/ mobil. <\/em><\/p>\n\n\n\n<p><em>2. Prepni svoje myslenie z nevyhnutnosti na chcenie &#8211; nie, nemus\u00ed\u0161 meni\u0165 svoj biznis model. Chce\u0161 to urobi\u0165 pre svoju bud\u00facnos\u0165. <\/em><\/p>\n\n\n\n<p><em>3. Cielen\u00e1 prokrastin\u00e1cia pom\u00e1ha &#8211; ke\u010f odlo\u017e\u00ed\u0161 paniku na nesk\u00f4r, bude\u0161 ma\u0165 \u010das a energiu rie\u0161i\u0165 re\u00e1lny probl\u00e9m.<\/em><\/p>\n\n\n\n<p><em>4. Uvedom si, \u017ee ka\u017ed\u00fd m\u00e1 nejak\u00fd probl\u00e9m. Ak ho nevie\u0161 vyrie\u0161i\u0165, pravdepodobne pozn\u00e1\u0161 niekoho, kto to vie, alebo niekto z tvojich zn\u00e1mych niekoho tak\u00e9ho pozn\u00e1. Pos\u00favaj kontakty, pom\u00e1haj in\u00fdm.<\/em><\/p>\n\n\n\n<p>Pre\u010d\u00edtajte si tie\u017e \u010dl\u00e1nok, <a rel=\"noreferrer noopener\" href=\"https:\/\/www.entrepreneur.com\/article\/350256\" target=\"_blank\">ako pon\u00faka kr\u00edza podnikate\u013eom mo\u017enos\u0165 dosiahnu\u0165 svoje ciele<\/a>.<\/p>\n\n\n\n<h2 class=\"wp-block-heading\">Online priestor pon\u00fakol nov\u00e9 pr\u00edle\u017eitosti<\/h2>\n\n\n\n<p>Ve\u013ea podnikate\u013eov vyu\u017eilo online priestor na zjednodu\u0161enie a zefekt\u00edvnenie komunik\u00e1cie so z\u00e1kazn\u00edkom. <\/p>\n\n\n\n<p><em>\u201eTr\u00e9ningy a facilit\u00e1cie, ktor\u00e9 to umo\u017e\u0148uj\u00fa, realizujeme online<\/em>,\u201c<strong> <\/strong>nap\u00edsali n\u00e1m z ob\u010dianskeho zdru\u017eenia <a rel=\"noreferrer noopener\" href=\"https:\/\/www.pdcs.sk\/sk\" target=\"_blank\">PDCS, o.z.<\/a><\/p>\n\n\n\n<p>Vo firme <a href=\"http:\/\/ozonius.sk\" target=\"_blank\" rel=\"noreferrer noopener\">Ozonius<\/a> sa rozhodli upravi\u0165 web a prida\u0165 nov\u00e9 funkcie:<\/p>\n\n\n\n<p><em>\u201eJednoduch\u00e1 \u00faprava webu, \u010di u\u017e je to pridanie nejakej funkcie alebo vylep\u0161enie dizajnu a odstr\u00e1nenie zbyto\u010dnost\u00ed, dok\u00e1\u017ee prinies\u0165 ve\u013ek\u00e9 v\u00fdsledky.<\/em> <em>Zriadili sme vyskakovacie okno pre vidite\u013enej\u0161iu informovanos\u0165.<\/em>\u201c<\/p>\n\n\n\n<p>V <a href=\"http:\/\/ozonius.sk\" target=\"_blank\" rel=\"noreferrer noopener\">Ozonius<\/a> sa takisto rozhodli inovova\u0165 \u010das\u0165 svojho podnikania:<\/p>\n\n\n\n<p><em>\u201eUr\u010dit\u00e9 formy slu\u017eieb sme zautomatizovali a presunuli do online priestoru. Roz\u0161\u00edrili sme slu\u017eby v in\u0161talat\u00e9rstve, \u010do je zatia\u013e na Slovensku tabu.<\/em>\u201c<\/p>\n\n\n\n<p>\u201e<em>Bola som na t\u00fato mo\u017enos\u0165 pripraven\u00e1 u\u017e vopred, online priestor som sa sna\u017eila vyu\u017e\u00edva\u0165 aj v minulosti. Cloud mi umo\u017enil ma\u0165 pr\u00edstup k v\u0161etk\u00fdm potrebn\u00fdm zlo\u017ek\u00e1m kdeko\u013evek, pevn\u00e9 linky u\u017e d\u00e1vnom mali du\u00e1lne zvonenie s aktu\u00e1lne dostupn\u00fdm mobilom, e-mailov\u00e1 komunik\u00e1cia v\u017edy poruke a mno\u017estvo aplik\u00e1ci\u00ed umo\u017e\u0148uj\u00facich online komunik\u00e1ciu,<\/em>\u201c nap\u00edsala n\u00e1m majite\u013eka <a rel=\"noreferrer noopener\" href=\"http:\/\/www.advokatkazh.sk\/\" target=\"_blank\">advok\u00e1tskej kancel\u00e1rie<\/a>.<\/p>\n\n\n\n<p>Zauj\u00edmav\u00fd poh\u013ead n\u00e1m poskytol z\u00e1kazn\u00edk zo zubnej kliniky <a href=\"https:\/\/www.familydental.tech\/\" target=\"_blank\" rel=\"noreferrer noopener\">Family Dental Labs<\/a>. Okrem online shopu sa rozhodol propagova\u0165 svoju pr\u00e1cu na soci\u00e1lnych sie\u0165ach:<\/p>\n\n\n\n<p><em>\u201e\u00c1no, chcem zavies\u0165 online shop na niektor\u00e9 \u0161peci\u00e1lne produkty a fotografie.<\/em> <em>Do prezent\u00e1cie na soci\u00e1lnych sie\u0165ach investujeme ve\u013ea \u010dasu a pe\u0148az\u00ed. Ukazujeme, o \u010dom je na\u0161a pr\u00e1ca, kto vytv\u00e1ra \u013eu\u010fom nov\u00fd \u00fasmev a ako hlboko je t\u00e1to pr\u00e1ca podhodnoten\u00e1.<\/em>\u201c<\/p>\n\n\n\n<figure class=\"wp-block-embed-youtube wp-block-embed is-type-video is-provider-youtube wp-embed-aspect-16-9 wp-has-aspect-ratio\"><div class=\"wp-block-embed__wrapper\">\n<iframe loading=\"lazy\" title=\"R\u00fdchlos\u0165, flexibilita a pripravenos\u0165 bude pre podnikate\u013eov k\u013e\u00fa\u010dov\u00e1 (Lucia Rabatinov\u00e1)\" width=\"580\" height=\"326\" src=\"https:\/\/www.youtube.com\/embed\/pD3LRn_UyTQ?feature=oembed\" frameborder=\"0\" allow=\"accelerometer; autoplay; clipboard-write; encrypted-media; gyroscope; picture-in-picture; web-share\" referrerpolicy=\"strict-origin-when-cross-origin\" allowfullscreen><\/iframe>\n<\/div><figcaption>Aj Lucia Rabatinov\u00e1 sa podelila o svoje sk\u00fasenosti<\/figcaption><\/figure>\n\n\n\n<p>Zo servisu v\u00fdpo\u010dtovej techniky <a href=\"https:\/\/binariq.sk\/\" target=\"_blank\" rel=\"noreferrer noopener\">Binariq<\/a> n\u00e1m nap\u00edsali:&nbsp;<\/p>\n\n\n\n<p><em>\u201eU\u017e dlh\u0161ie som zva\u017eoval roz\u0161\u00edri\u0165 web o blog oh\u013eadom postupu opr\u00e1v. Taktie\u017e vytvori\u0165 e-shop, ke\u010f\u017ee aj karant\u00e9na uk\u00e1zala, \u017ee e-shopom sa vtedy najviac darilo.<\/em>\u201c<\/p>\n\n\n\n<h2 class=\"wp-block-heading\"><strong>Vyu\u017eite v\u0161etky pr\u00edle\u017eitosti v online svete<\/strong><\/h2>\n\n\n\n<p>Ak aj vy prem\u00fd\u0161\u013eate nad nov\u00fdmi pr\u00edle\u017eitos\u0165ami v online prostred\u00ed, radi v\u00e1m pom\u00f4\u017eeme s v\u00fdberom vhodn\u00e9ho rie\u0161enia. Sta\u010d\u00ed za\u010da\u0165 v\u00fdberom vhodnej&nbsp;<a href=\"https:\/\/www.websupport.sk\/domeny?utm_source=blog&amp;utm_medium=organic&amp;utm_campaign=auto_blog_domain_vis\" target=\"_blank\" rel=\"noreferrer noopener\">dom\u00e9ny<\/a>.&nbsp;<br>Menej sk\u00fasen\u00ed pou\u017e\u00edvatelia si ob\u013e\u00fabili jednoduch\u00fa slu\u017ebu&nbsp;<a href=\"https:\/\/www.websupport.sk\/vlastna-webstranka?utm_source=blog&amp;utm_medium=organic&amp;utm_campaign=auto_blog_sitebuilder_vis\" target=\"_blank\" rel=\"noreferrer noopener\">Vlastn\u00e1 webstr\u00e1nka<\/a>, kde si sami (bez pomoci program\u00e1torov) vyklikaj\u00fa svoju str\u00e1nku, alebo mal\u00fd e-shop. Pre sk\u00fasenej\u0161\u00edch je osved\u010den\u00fd&nbsp;<a href=\"https:\/\/www.websupport.sk\/the-hosting-pre-wordpress?utm_source=blog&amp;utm_medium=organic&amp;utm_campaign=auto_blog_hosting_vis\" target=\"_blank\" rel=\"noreferrer noopener\">The Hosting pre WordPress<\/a>&nbsp;s mno\u017estvom \u0161abl\u00f3n a jednoduch\u00fdm administra\u010dn\u00fdm prostred\u00edm. Pokro\u010dil\u00ed si radi vyberaj\u00fa&nbsp;<a href=\"https:\/\/www.websupport.sk\/the-hosting?utm_source=blog&amp;utm_medium=organic&amp;utm_campaign=auto_blog_hosting_vis\" target=\"_blank\" rel=\"noreferrer noopener\">The Hosting<\/a>, alebo&nbsp;<a href=\"https:\/\/www.websupport.sk\/biznis-hosting?utm_source=blog&amp;utm_medium=organic&amp;utm_campaign=auto_blog_hosting_vis\" target=\"_blank\" rel=\"noreferrer noopener\">Biznis hosting<\/a>.<\/p>\n","protected":false},"excerpt":{"rendered":"<p>Pokra\u010dujeme v s\u00e9rii \u010dl\u00e1nkov, ktor\u00e9 mapuj\u00fa va\u0161e sk\u00fasenosti po\u010das pretrv\u00e1vaj\u00facej kr\u00edzy. Predch\u00e1dzaj\u00face pr\u00edspevky sa venovali najm\u00e4 inov\u00e1ci\u00e1m a odhodlaniu nevzda\u0165 sa. Op\u00e4\u0165 sme vybrali nieko\u013eko konkr\u00e9tnych pr\u00edkladov z va\u0161ich odpoved\u00ed, ktor\u00e9 zrkadlia aktu\u00e1lnu situ\u00e1ciu v r\u00f4znych odvetviach, no z\u00e1rove\u0148 m\u00f4\u017eu v niektor\u00fdch pr\u00edpadoch sl\u00fa\u017ei\u0165 ako in\u0161pir\u00e1cia pre \u010fal\u0161ie firmy. S pr\u00edchodom &#8222;korony&#8220; ve\u013ea z v\u00e1s [&hellip;]<\/p>\n","protected":false},"author":84,"featured_media":19488,"comment_status":"open","ping_status":"open","sticky":false,"template":"","format":"standard","meta":{"footnotes":""},"categories":[2],"tags":[46,112,131,2106,2112,1644,1980,482,2115,663,2017],"class_list":["post-19590","post","type-post","status-publish","format-standard","has-post-thumbnail","hentry","category-business","tag-ako-na-to","tag-biznis","tag-business","tag-covid-19","tag-curaprox","tag-inovacie-2","tag-kriza","tag-martinus","tag-plan-b","tag-podnikatelia","tag-rady"],"yoast_head":"<!-- This site is optimized with the Yoast SEO plugin v27.4 - https:\/\/yoast.com\/product\/yoast-seo-wordpress\/ -->\n<title>Ako menia podnikatelia svoje pl\u00e1ny po\u010das kr\u00edzy - Websupport blog<\/title>\n<meta name=\"robots\" content=\"index, follow, max-snippet:-1, max-image-preview:large, max-video-preview:-1\" \/>\n<link rel=\"canonical\" href=\"https:\/\/www.websupport.sk\/blog\/2020\/06\/podnikatelia-covid\/\" \/>\n<meta property=\"og:locale\" content=\"sk_SK\" \/>\n<meta property=\"og:type\" content=\"article\" \/>\n<meta property=\"og:title\" content=\"Ako menia podnikatelia svoje pl\u00e1ny po\u010das kr\u00edzy - Websupport blog\" \/>\n<meta property=\"og:description\" content=\"Pokra\u010dujeme v s\u00e9rii \u010dl\u00e1nkov, ktor\u00e9 mapuj\u00fa va\u0161e sk\u00fasenosti po\u010das pretrv\u00e1vaj\u00facej kr\u00edzy. Predch\u00e1dzaj\u00face pr\u00edspevky sa venovali najm\u00e4 inov\u00e1ci\u00e1m a odhodlaniu nevzda\u0165 sa. Op\u00e4\u0165 sme vybrali nieko\u013eko konkr\u00e9tnych pr\u00edkladov z va\u0161ich odpoved\u00ed, ktor\u00e9 zrkadlia aktu\u00e1lnu situ\u00e1ciu v r\u00f4znych odvetviach, no z\u00e1rove\u0148 m\u00f4\u017eu v niektor\u00fdch pr\u00edpadoch sl\u00fa\u017ei\u0165 ako in\u0161pir\u00e1cia pre \u010fal\u0161ie firmy. S pr\u00edchodom &#8222;korony&#8220; ve\u013ea z v\u00e1s [&hellip;]\" \/>\n<meta property=\"og:url\" content=\"https:\/\/www.websupport.sk\/blog\/2020\/06\/podnikatelia-covid\/\" \/>\n<meta property=\"og:site_name\" content=\"Websupport blog\" \/>\n<meta property=\"article:published_time\" content=\"2020-06-24T07:43:35+00:00\" \/>\n<meta property=\"article:modified_time\" content=\"2025-03-11T20:07:45+00:00\" \/>\n<meta property=\"og:image\" content=\"https:\/\/www.websupport.sk\/blog\/app\/uploads\/sites\/2\/2020\/06\/FB-Kriza-nas-zasiahla-nepripravenych-1.jpg\" \/>\n\t<meta property=\"og:image:width\" content=\"1200\" \/>\n\t<meta property=\"og:image:height\" content=\"630\" \/>\n\t<meta property=\"og:image:type\" content=\"image\/jpeg\" \/>\n<meta name=\"author\" content=\"T\u00edm Websupport\" \/>\n<meta name=\"twitter:card\" content=\"summary_large_image\" \/>\n<meta name=\"twitter:label1\" content=\"Autor\" \/>\n\t<meta name=\"twitter:data1\" content=\"T\u00edm Websupport\" \/>\n\t<meta name=\"twitter:label2\" content=\"Predpokladan\u00fd \u010das \u010d\u00edtania\" \/>\n\t<meta name=\"twitter:data2\" content=\"4 min\u00faty\" \/>\n<script type=\"application\/ld+json\" class=\"yoast-schema-graph\">{\"@context\":\"https:\\\/\\\/schema.org\",\"@graph\":[{\"@type\":\"Article\",\"@id\":\"https:\\\/\\\/www.websupport.sk\\\/blog\\\/2020\\\/06\\\/podnikatelia-covid\\\/#article\",\"isPartOf\":{\"@id\":\"https:\\\/\\\/www.websupport.sk\\\/blog\\\/2020\\\/06\\\/podnikatelia-covid\\\/\"},\"author\":{\"name\":\"T\u00edm Websupport\",\"@id\":\"https:\\\/\\\/www.websupport.sk\\\/blog\\\/#\\\/schema\\\/person\\\/d3f3517a180f66130801edb710ffb6b3\"},\"headline\":\"Ako menia podnikatelia svoje pl\u00e1ny po\u010das kr\u00edzy\",\"datePublished\":\"2020-06-24T07:43:35+00:00\",\"dateModified\":\"2025-03-11T20:07:45+00:00\",\"mainEntityOfPage\":{\"@id\":\"https:\\\/\\\/www.websupport.sk\\\/blog\\\/2020\\\/06\\\/podnikatelia-covid\\\/\"},\"wordCount\":869,\"commentCount\":0,\"publisher\":{\"@id\":\"https:\\\/\\\/www.websupport.sk\\\/blog\\\/#organization\"},\"image\":{\"@id\":\"https:\\\/\\\/www.websupport.sk\\\/blog\\\/2020\\\/06\\\/podnikatelia-covid\\\/#primaryimage\"},\"thumbnailUrl\":\"https:\\\/\\\/www.websupport.sk\\\/blog\\\/app\\\/uploads\\\/sites\\\/2\\\/2020\\\/06\\\/BP-Kriza-nas-zasiahla-nepripravenych-1.jpg\",\"keywords\":[\"ako na to\",\"biznis\",\"Business\",\"covid-19\",\"curaprox\",\"inovacie\",\"kriza\",\"martinus\",\"plan b\",\"podnikatelia\",\"rady\"],\"articleSection\":[\"Business\"],\"inLanguage\":\"sk-SK\",\"potentialAction\":[{\"@type\":\"CommentAction\",\"name\":\"Comment\",\"target\":[\"https:\\\/\\\/www.websupport.sk\\\/blog\\\/2020\\\/06\\\/podnikatelia-covid\\\/#respond\"]}]},{\"@type\":\"WebPage\",\"@id\":\"https:\\\/\\\/www.websupport.sk\\\/blog\\\/2020\\\/06\\\/podnikatelia-covid\\\/\",\"url\":\"https:\\\/\\\/www.websupport.sk\\\/blog\\\/2020\\\/06\\\/podnikatelia-covid\\\/\",\"name\":\"Ako menia podnikatelia svoje pl\u00e1ny po\u010das kr\u00edzy - Websupport blog\",\"isPartOf\":{\"@id\":\"https:\\\/\\\/www.websupport.sk\\\/blog\\\/#website\"},\"primaryImageOfPage\":{\"@id\":\"https:\\\/\\\/www.websupport.sk\\\/blog\\\/2020\\\/06\\\/podnikatelia-covid\\\/#primaryimage\"},\"image\":{\"@id\":\"https:\\\/\\\/www.websupport.sk\\\/blog\\\/2020\\\/06\\\/podnikatelia-covid\\\/#primaryimage\"},\"thumbnailUrl\":\"https:\\\/\\\/www.websupport.sk\\\/blog\\\/app\\\/uploads\\\/sites\\\/2\\\/2020\\\/06\\\/BP-Kriza-nas-zasiahla-nepripravenych-1.jpg\",\"datePublished\":\"2020-06-24T07:43:35+00:00\",\"dateModified\":\"2025-03-11T20:07:45+00:00\",\"breadcrumb\":{\"@id\":\"https:\\\/\\\/www.websupport.sk\\\/blog\\\/2020\\\/06\\\/podnikatelia-covid\\\/#breadcrumb\"},\"inLanguage\":\"sk-SK\",\"potentialAction\":[{\"@type\":\"ReadAction\",\"target\":[\"https:\\\/\\\/www.websupport.sk\\\/blog\\\/2020\\\/06\\\/podnikatelia-covid\\\/\"]}]},{\"@type\":\"ImageObject\",\"inLanguage\":\"sk-SK\",\"@id\":\"https:\\\/\\\/www.websupport.sk\\\/blog\\\/2020\\\/06\\\/podnikatelia-covid\\\/#primaryimage\",\"url\":\"https:\\\/\\\/www.websupport.sk\\\/blog\\\/app\\\/uploads\\\/sites\\\/2\\\/2020\\\/06\\\/BP-Kriza-nas-zasiahla-nepripravenych-1.jpg\",\"contentUrl\":\"https:\\\/\\\/www.websupport.sk\\\/blog\\\/app\\\/uploads\\\/sites\\\/2\\\/2020\\\/06\\\/BP-Kriza-nas-zasiahla-nepripravenych-1.jpg\",\"width\":1920,\"height\":1080},{\"@type\":\"BreadcrumbList\",\"@id\":\"https:\\\/\\\/www.websupport.sk\\\/blog\\\/2020\\\/06\\\/podnikatelia-covid\\\/#breadcrumb\",\"itemListElement\":[{\"@type\":\"ListItem\",\"position\":1,\"name\":\"Home\",\"item\":\"https:\\\/\\\/www.websupport.sk\\\/blog\\\/\"},{\"@type\":\"ListItem\",\"position\":2,\"name\":\"Ako menia podnikatelia svoje pl\u00e1ny po\u010das kr\u00edzy\"}]},{\"@type\":\"WebSite\",\"@id\":\"https:\\\/\\\/www.websupport.sk\\\/blog\\\/#website\",\"url\":\"https:\\\/\\\/www.websupport.sk\\\/blog\\\/\",\"name\":\"Websupport blog\",\"description\":\"Websupport blog\",\"publisher\":{\"@id\":\"https:\\\/\\\/www.websupport.sk\\\/blog\\\/#organization\"},\"potentialAction\":[{\"@type\":\"SearchAction\",\"target\":{\"@type\":\"EntryPoint\",\"urlTemplate\":\"https:\\\/\\\/www.websupport.sk\\\/blog\\\/?s={search_term_string}\"},\"query-input\":{\"@type\":\"PropertyValueSpecification\",\"valueRequired\":true,\"valueName\":\"search_term_string\"}}],\"inLanguage\":\"sk-SK\"},{\"@type\":\"Organization\",\"@id\":\"https:\\\/\\\/www.websupport.sk\\\/blog\\\/#organization\",\"name\":\"Websupport\",\"url\":\"https:\\\/\\\/www.websupport.sk\\\/blog\\\/\",\"logo\":{\"@type\":\"ImageObject\",\"inLanguage\":\"sk-SK\",\"@id\":\"https:\\\/\\\/www.websupport.sk\\\/blog\\\/#\\\/schema\\\/logo\\\/image\\\/\",\"url\":\"https:\\\/\\\/www.websupport.sk\\\/blog\\\/app\\\/uploads\\\/sites\\\/2\\\/2021\\\/08\\\/websupport-logo.svg\",\"contentUrl\":\"https:\\\/\\\/www.websupport.sk\\\/blog\\\/app\\\/uploads\\\/sites\\\/2\\\/2021\\\/08\\\/websupport-logo.svg\",\"width\":153,\"height\":48,\"caption\":\"Websupport\"},\"image\":{\"@id\":\"https:\\\/\\\/www.websupport.sk\\\/blog\\\/#\\\/schema\\\/logo\\\/image\\\/\"}},{\"@type\":\"Person\",\"@id\":\"https:\\\/\\\/www.websupport.sk\\\/blog\\\/#\\\/schema\\\/person\\\/d3f3517a180f66130801edb710ffb6b3\",\"name\":\"T\u00edm Websupport\",\"image\":{\"@type\":\"ImageObject\",\"inLanguage\":\"sk-SK\",\"@id\":\"https:\\\/\\\/secure.gravatar.com\\\/avatar\\\/c69189751d452c13309d44d15907c3aa93630e0cc9e4e874e1bca01fee7ce18b?s=96&d=mm&r=g\",\"url\":\"https:\\\/\\\/secure.gravatar.com\\\/avatar\\\/c69189751d452c13309d44d15907c3aa93630e0cc9e4e874e1bca01fee7ce18b?s=96&d=mm&r=g\",\"contentUrl\":\"https:\\\/\\\/secure.gravatar.com\\\/avatar\\\/c69189751d452c13309d44d15907c3aa93630e0cc9e4e874e1bca01fee7ce18b?s=96&d=mm&r=g\",\"caption\":\"T\u00edm Websupport\"},\"description\":\"Sme slobodn\u00e1 a otvoren\u00e1 firma. Rob\u00edme to, \u010do n\u00e1s bav\u00ed a chceme ka\u017edou na\u0161ou \u010dinnos\u0165ou pos\u00fava\u0165 \u0161tandardy vy\u0161\u0161ie.\",\"url\":\"https:\\\/\\\/www.websupport.sk\\\/blog\\\/author\\\/admin\\\/\"}]}<\/script>\n<!-- \/ Yoast SEO plugin. -->","yoast_head_json":{"title":"Ako menia podnikatelia svoje pl\u00e1ny po\u010das kr\u00edzy - Websupport blog","robots":{"index":"index","follow":"follow","max-snippet":"max-snippet:-1","max-image-preview":"max-image-preview:large","max-video-preview":"max-video-preview:-1"},"canonical":"https:\/\/www.websupport.sk\/blog\/2020\/06\/podnikatelia-covid\/","og_locale":"sk_SK","og_type":"article","og_title":"Ako menia podnikatelia svoje pl\u00e1ny po\u010das kr\u00edzy - Websupport blog","og_description":"Pokra\u010dujeme v s\u00e9rii \u010dl\u00e1nkov, ktor\u00e9 mapuj\u00fa va\u0161e sk\u00fasenosti po\u010das pretrv\u00e1vaj\u00facej kr\u00edzy. Predch\u00e1dzaj\u00face pr\u00edspevky sa venovali najm\u00e4 inov\u00e1ci\u00e1m a odhodlaniu nevzda\u0165 sa. Op\u00e4\u0165 sme vybrali nieko\u013eko konkr\u00e9tnych pr\u00edkladov z va\u0161ich odpoved\u00ed, ktor\u00e9 zrkadlia aktu\u00e1lnu situ\u00e1ciu v r\u00f4znych odvetviach, no z\u00e1rove\u0148 m\u00f4\u017eu v niektor\u00fdch pr\u00edpadoch sl\u00fa\u017ei\u0165 ako in\u0161pir\u00e1cia pre \u010fal\u0161ie firmy. S pr\u00edchodom &#8222;korony&#8220; ve\u013ea z v\u00e1s [&hellip;]","og_url":"https:\/\/www.websupport.sk\/blog\/2020\/06\/podnikatelia-covid\/","og_site_name":"Websupport blog","article_published_time":"2020-06-24T07:43:35+00:00","article_modified_time":"2025-03-11T20:07:45+00:00","og_image":[{"width":1200,"height":630,"url":"https:\/\/www.websupport.sk\/blog\/app\/uploads\/sites\/2\/2020\/06\/FB-Kriza-nas-zasiahla-nepripravenych-1.jpg","type":"image\/jpeg"}],"author":"T\u00edm Websupport","twitter_card":"summary_large_image","twitter_misc":{"Autor":"T\u00edm Websupport","Predpokladan\u00fd \u010das \u010d\u00edtania":"4 min\u00faty"},"schema":{"@context":"https:\/\/schema.org","@graph":[{"@type":"Article","@id":"https:\/\/www.websupport.sk\/blog\/2020\/06\/podnikatelia-covid\/#article","isPartOf":{"@id":"https:\/\/www.websupport.sk\/blog\/2020\/06\/podnikatelia-covid\/"},"author":{"name":"T\u00edm Websupport","@id":"https:\/\/www.websupport.sk\/blog\/#\/schema\/person\/d3f3517a180f66130801edb710ffb6b3"},"headline":"Ako menia podnikatelia svoje pl\u00e1ny po\u010das kr\u00edzy","datePublished":"2020-06-24T07:43:35+00:00","dateModified":"2025-03-11T20:07:45+00:00","mainEntityOfPage":{"@id":"https:\/\/www.websupport.sk\/blog\/2020\/06\/podnikatelia-covid\/"},"wordCount":869,"commentCount":0,"publisher":{"@id":"https:\/\/www.websupport.sk\/blog\/#organization"},"image":{"@id":"https:\/\/www.websupport.sk\/blog\/2020\/06\/podnikatelia-covid\/#primaryimage"},"thumbnailUrl":"https:\/\/www.websupport.sk\/blog\/app\/uploads\/sites\/2\/2020\/06\/BP-Kriza-nas-zasiahla-nepripravenych-1.jpg","keywords":["ako na to","biznis","Business","covid-19","curaprox","inovacie","kriza","martinus","plan b","podnikatelia","rady"],"articleSection":["Business"],"inLanguage":"sk-SK","potentialAction":[{"@type":"CommentAction","name":"Comment","target":["https:\/\/www.websupport.sk\/blog\/2020\/06\/podnikatelia-covid\/#respond"]}]},{"@type":"WebPage","@id":"https:\/\/www.websupport.sk\/blog\/2020\/06\/podnikatelia-covid\/","url":"https:\/\/www.websupport.sk\/blog\/2020\/06\/podnikatelia-covid\/","name":"Ako menia podnikatelia svoje pl\u00e1ny po\u010das kr\u00edzy - Websupport blog","isPartOf":{"@id":"https:\/\/www.websupport.sk\/blog\/#website"},"primaryImageOfPage":{"@id":"https:\/\/www.websupport.sk\/blog\/2020\/06\/podnikatelia-covid\/#primaryimage"},"image":{"@id":"https:\/\/www.websupport.sk\/blog\/2020\/06\/podnikatelia-covid\/#primaryimage"},"thumbnailUrl":"https:\/\/www.websupport.sk\/blog\/app\/uploads\/sites\/2\/2020\/06\/BP-Kriza-nas-zasiahla-nepripravenych-1.jpg","datePublished":"2020-06-24T07:43:35+00:00","dateModified":"2025-03-11T20:07:45+00:00","breadcrumb":{"@id":"https:\/\/www.websupport.sk\/blog\/2020\/06\/podnikatelia-covid\/#breadcrumb"},"inLanguage":"sk-SK","potentialAction":[{"@type":"ReadAction","target":["https:\/\/www.websupport.sk\/blog\/2020\/06\/podnikatelia-covid\/"]}]},{"@type":"ImageObject","inLanguage":"sk-SK","@id":"https:\/\/www.websupport.sk\/blog\/2020\/06\/podnikatelia-covid\/#primaryimage","url":"https:\/\/www.websupport.sk\/blog\/app\/uploads\/sites\/2\/2020\/06\/BP-Kriza-nas-zasiahla-nepripravenych-1.jpg","contentUrl":"https:\/\/www.websupport.sk\/blog\/app\/uploads\/sites\/2\/2020\/06\/BP-Kriza-nas-zasiahla-nepripravenych-1.jpg","width":1920,"height":1080},{"@type":"BreadcrumbList","@id":"https:\/\/www.websupport.sk\/blog\/2020\/06\/podnikatelia-covid\/#breadcrumb","itemListElement":[{"@type":"ListItem","position":1,"name":"Home","item":"https:\/\/www.websupport.sk\/blog\/"},{"@type":"ListItem","position":2,"name":"Ako menia podnikatelia svoje pl\u00e1ny po\u010das kr\u00edzy"}]},{"@type":"WebSite","@id":"https:\/\/www.websupport.sk\/blog\/#website","url":"https:\/\/www.websupport.sk\/blog\/","name":"Websupport blog","description":"Websupport blog","publisher":{"@id":"https:\/\/www.websupport.sk\/blog\/#organization"},"potentialAction":[{"@type":"SearchAction","target":{"@type":"EntryPoint","urlTemplate":"https:\/\/www.websupport.sk\/blog\/?s={search_term_string}"},"query-input":{"@type":"PropertyValueSpecification","valueRequired":true,"valueName":"search_term_string"}}],"inLanguage":"sk-SK"},{"@type":"Organization","@id":"https:\/\/www.websupport.sk\/blog\/#organization","name":"Websupport","url":"https:\/\/www.websupport.sk\/blog\/","logo":{"@type":"ImageObject","inLanguage":"sk-SK","@id":"https:\/\/www.websupport.sk\/blog\/#\/schema\/logo\/image\/","url":"https:\/\/www.websupport.sk\/blog\/app\/uploads\/sites\/2\/2021\/08\/websupport-logo.svg","contentUrl":"https:\/\/www.websupport.sk\/blog\/app\/uploads\/sites\/2\/2021\/08\/websupport-logo.svg","width":153,"height":48,"caption":"Websupport"},"image":{"@id":"https:\/\/www.websupport.sk\/blog\/#\/schema\/logo\/image\/"}},{"@type":"Person","@id":"https:\/\/www.websupport.sk\/blog\/#\/schema\/person\/d3f3517a180f66130801edb710ffb6b3","name":"T\u00edm Websupport","image":{"@type":"ImageObject","inLanguage":"sk-SK","@id":"https:\/\/secure.gravatar.com\/avatar\/c69189751d452c13309d44d15907c3aa93630e0cc9e4e874e1bca01fee7ce18b?s=96&d=mm&r=g","url":"https:\/\/secure.gravatar.com\/avatar\/c69189751d452c13309d44d15907c3aa93630e0cc9e4e874e1bca01fee7ce18b?s=96&d=mm&r=g","contentUrl":"https:\/\/secure.gravatar.com\/avatar\/c69189751d452c13309d44d15907c3aa93630e0cc9e4e874e1bca01fee7ce18b?s=96&d=mm&r=g","caption":"T\u00edm Websupport"},"description":"Sme slobodn\u00e1 a otvoren\u00e1 firma. Rob\u00edme to, \u010do n\u00e1s bav\u00ed a chceme ka\u017edou na\u0161ou \u010dinnos\u0165ou pos\u00fava\u0165 \u0161tandardy vy\u0161\u0161ie.","url":"https:\/\/www.websupport.sk\/blog\/author\/admin\/"}]}},"_links":{"self":[{"href":"https:\/\/www.websupport.sk\/blog\/wp-json\/wp\/v2\/posts\/19590","targetHints":{"allow":["GET"]}}],"collection":[{"href":"https:\/\/www.websupport.sk\/blog\/wp-json\/wp\/v2\/posts"}],"about":[{"href":"https:\/\/www.websupport.sk\/blog\/wp-json\/wp\/v2\/types\/post"}],"author":[{"embeddable":true,"href":"https:\/\/www.websupport.sk\/blog\/wp-json\/wp\/v2\/users\/84"}],"replies":[{"embeddable":true,"href":"https:\/\/www.websupport.sk\/blog\/wp-json\/wp\/v2\/comments?post=19590"}],"version-history":[{"count":5,"href":"https:\/\/www.websupport.sk\/blog\/wp-json\/wp\/v2\/posts\/19590\/revisions"}],"predecessor-version":[{"id":19611,"href":"https:\/\/www.websupport.sk\/blog\/wp-json\/wp\/v2\/posts\/19590\/revisions\/19611"}],"wp:featuredmedia":[{"embeddable":true,"href":"https:\/\/www.websupport.sk\/blog\/wp-json\/wp\/v2\/media\/19488"}],"wp:attachment":[{"href":"https:\/\/www.websupport.sk\/blog\/wp-json\/wp\/v2\/media?parent=19590"}],"wp:term":[{"taxonomy":"category","embeddable":true,"href":"https:\/\/www.websupport.sk\/blog\/wp-json\/wp\/v2\/categories?post=19590"},{"taxonomy":"post_tag","embeddable":true,"href":"https:\/\/www.websupport.sk\/blog\/wp-json\/wp\/v2\/tags?post=19590"}],"curies":[{"name":"wp","href":"https:\/\/api.w.org\/{rel}","templated":true}]}}