{"id":16773,"date":"2019-11-22T10:00:00","date_gmt":"2019-11-22T09:00:00","guid":{"rendered":"https:\/\/www.websupport.sk\/blog\/?p=16773"},"modified":"2025-03-11T21:07:36","modified_gmt":"2025-03-11T20:07:36","slug":"podcast-pravo-a-svet-technologii-eva-schin","status":"publish","type":"post","link":"https:\/\/www.websupport.sk\/blog\/2019\/11\/podcast-pravo-a-svet-technologii-eva-schin\/","title":{"rendered":"PODCAST: Pr\u00e1vo a svet technol\u00f3gi\u00ed (Eva Schin)"},"content":{"rendered":"<span class=\"span-reading-time rt-reading-time\" style=\"display: block;\"><span class=\"rt-label rt-prefix\"><b>Doba \u010d\u00edtania:<\/b><\/span> <span class=\"rt-time\"> 2<\/span> <span class=\"rt-label rt-postfix\">min.<\/span><\/span>\n<p>Technol\u00f3gie menia v\u0161etky sektory a pr\u00e1vo rozhodne nie je v\u00fdnimkou. Pr\u00e1vne ot\u00e1zky s\u00favisiace s technol\u00f3giami sa t\u00fdkaj\u00fa ka\u017ed\u00e9ho online projektu, eshopu, aplik\u00e1cie \u010di softv\u00e9ru. <\/p>\n\n\n\n<p><strong>Eva Schin<\/strong>, zakladaj\u00faca a managing partnerka advok\u00e1tskej kancel\u00e1rie SCHIN &amp; MAJD\u00daCH legal, m\u00e1 za sebou viac ako 13 rokov praxe v advok\u00e1cii. Spolupracovala so slovensk\u00fdmi aj medzin\u00e1rodn\u00fdmi advok\u00e1tskymi kancel\u00e1riami so \u0161irok\u00fdm zameran\u00edm, v\u010faka \u010domu dok\u00e1\u017ee klientom poradi\u0165 ako v cezhrani\u010dn\u00fdch sporoch z du\u0161evn\u00e9ho vlastn\u00edctva, tak v ka\u017edodenn\u00fdch ob\u010dianskopr\u00e1vnych veciach. Zameranie na IT pr\u00e1vo a pr\u00e1vo du\u0161evn\u00e9ho vlastn\u00edctva si Eva preh\u013abila \u0161pecializovan\u00fdm kurzom na \u00darade priemyseln\u00e9ho vlastn\u00edctva SR.<\/p>\n\n\n\n<p><strong>V diskusii sa dozviete:<\/strong><\/p>\n\n\n\n<p>\u00b7 Ako predstavuj\u00fa technol\u00f3gie najhor\u00facej\u0161\u00ed trend v pr\u00e1vnom biznise<br>\u00b7 Na ktor\u00e9 pr\u00e1vne t\u00e9my by ur\u010dite mali myslie\u0165 firmy z IT sektora<br>\u00b7 Ak\u00e9 zru\u010dnosti by mal ma\u0165 v dne\u0161nej dobe IT pr\u00e1vnik<br>\u00b7 \u010co je najv\u00e4\u010d\u0161ou v\u00fdzvou pr\u00e1ce advok\u00e1ta pre IT klienta<br>\u00b7 Ak\u00e1 je poz\u00edcia \u017eeny, managing partnerky tech advok\u00e1tskej kancel\u00e1rie, v IT biznise<\/p>\n\n\n\n<figure class=\"wp-block-embed-spotify wp-block-embed\"><div class=\"wp-block-embed__wrapper\">\nhttps:\/\/open.spotify.com\/episode\/1ou0NTfCqzovsH1P5wcmgD\n<\/div><\/figure>\n\n\n\n<p><strong>Vypo\u010dujte si podcast aj na \u010fal\u0161\u00edch platform\u00e1ch:<\/strong><br><img decoding=\"async\" src=\"https:\/\/www.websupport.sk\/blogoads\/sites\/2\/2019\/07\/spotify.png\"> <a href=\"https:\/\/open.spotify.com\/episode\/1ou0NTfCqzovsH1P5wcmgD\">Spotify<\/a><br><img decoding=\"async\" src=\"https:\/\/www.websupport.sk\/blogoads\/sites\/2\/2019\/07\/soundcloud.png\"> <a href=\"https:\/\/soundcloud.com\/websupport_sk\/pravo-a-svet-technologii-eva-schin\">SoundCloud<\/a><br><img decoding=\"async\" src=\"https:\/\/www.websupport.sk\/blogoads\/sites\/2\/2019\/07\/podbean.png\"> <a href=\"https:\/\/websupport.podbean.com\/e\/pravo-a-svet-technologii-eva-schin\/\">Podbean<\/a><br><img decoding=\"async\" height=\"10\" src=\"https:\/\/www.websupport.sk\/blogoads\/sites\/2\/2019\/07\/itunes.png\"> <a href=\"https:\/\/podcasts.apple.com\/gb\/podcast\/pr%C3%A1vo-a-svet-technol%C3%B3gi%C3%AD-eva-schin\/id1330141229?i=1000457542105\">iTunes<\/a><\/p>\n","protected":false},"excerpt":{"rendered":"<p>Technol\u00f3gie menia v\u0161etky sektory a pr\u00e1vo rozhodne nie je v\u00fdnimkou. Pr\u00e1vne ot\u00e1zky s\u00favisiace s technol\u00f3giami sa t\u00fdkaj\u00fa ka\u017ed\u00e9ho online projektu, eshopu, aplik\u00e1cie \u010di softv\u00e9ru. Eva Schin, zakladaj\u00faca a managing partnerka advok\u00e1tskej kancel\u00e1rie SCHIN &amp; MAJD\u00daCH legal, m\u00e1 za sebou viac ako 13 rokov praxe v advok\u00e1cii. Spolupracovala so slovensk\u00fdmi aj medzin\u00e1rodn\u00fdmi advok\u00e1tskymi kancel\u00e1riami so \u0161irok\u00fdm [&hellip;]<\/p>\n","protected":false},"author":84,"featured_media":14863,"comment_status":"open","ping_status":"open","sticky":false,"template":"","format":"standard","meta":{"footnotes":""},"categories":[1438],"tags":[1743,1737,655,1740,840,1006],"class_list":["post-16773","post","type-post","status-publish","format-standard","has-post-thumbnail","hentry","category-podcasty","tag-dusevne-vlastnictvo","tag-mirka-uhnak","tag-podcast","tag-pravo","tag-technologie","tag-zeny-v-it"],"yoast_head":"<!-- This site is optimized with the Yoast SEO plugin v27.4 - https:\/\/yoast.com\/product\/yoast-seo-wordpress\/ -->\n<title>PODCAST: Pr\u00e1vo a svet technol\u00f3gi\u00ed (Eva Schin) - Websupport blog<\/title>\n<meta name=\"robots\" content=\"index, follow, max-snippet:-1, max-image-preview:large, max-video-preview:-1\" \/>\n<link rel=\"canonical\" href=\"https:\/\/www.websupport.sk\/blog\/2019\/11\/podcast-pravo-a-svet-technologii-eva-schin\/\" \/>\n<meta property=\"og:locale\" content=\"sk_SK\" \/>\n<meta property=\"og:type\" content=\"article\" \/>\n<meta property=\"og:title\" content=\"PODCAST: Pr\u00e1vo a svet technol\u00f3gi\u00ed (Eva Schin) - Websupport blog\" \/>\n<meta property=\"og:description\" content=\"Technol\u00f3gie menia v\u0161etky sektory a pr\u00e1vo rozhodne nie je v\u00fdnimkou. Pr\u00e1vne ot\u00e1zky s\u00favisiace s technol\u00f3giami sa t\u00fdkaj\u00fa ka\u017ed\u00e9ho online projektu, eshopu, aplik\u00e1cie \u010di softv\u00e9ru. Eva Schin, zakladaj\u00faca a managing partnerka advok\u00e1tskej kancel\u00e1rie SCHIN &amp; MAJD\u00daCH legal, m\u00e1 za sebou viac ako 13 rokov praxe v advok\u00e1cii. Spolupracovala so slovensk\u00fdmi aj medzin\u00e1rodn\u00fdmi advok\u00e1tskymi kancel\u00e1riami so \u0161irok\u00fdm [&hellip;]\" \/>\n<meta property=\"og:url\" content=\"https:\/\/www.websupport.sk\/blog\/2019\/11\/podcast-pravo-a-svet-technologii-eva-schin\/\" \/>\n<meta property=\"og:site_name\" content=\"Websupport blog\" \/>\n<meta property=\"article:published_time\" content=\"2019-11-22T09:00:00+00:00\" \/>\n<meta property=\"article:modified_time\" content=\"2025-03-11T20:07:36+00:00\" \/>\n<meta property=\"og:image\" content=\"https:\/\/www.websupport.sk\/blog\/app\/uploads\/sites\/2\/2019\/05\/BP-Podcasty.jpg\" \/>\n\t<meta property=\"og:image:width\" content=\"1921\" \/>\n\t<meta property=\"og:image:height\" content=\"1081\" \/>\n\t<meta property=\"og:image:type\" content=\"image\/jpeg\" \/>\n<meta name=\"author\" content=\"T\u00edm Websupport\" \/>\n<meta name=\"twitter:card\" content=\"summary_large_image\" \/>\n<meta name=\"twitter:label1\" content=\"Autor\" \/>\n\t<meta name=\"twitter:data1\" content=\"T\u00edm Websupport\" \/>\n\t<meta name=\"twitter:label2\" content=\"Predpokladan\u00fd \u010das \u010d\u00edtania\" \/>\n\t<meta name=\"twitter:data2\" content=\"1 min\u00fata\" \/>\n<script type=\"application\/ld+json\" class=\"yoast-schema-graph\">{\"@context\":\"https:\\\/\\\/schema.org\",\"@graph\":[{\"@type\":\"Article\",\"@id\":\"https:\\\/\\\/www.websupport.sk\\\/blog\\\/2019\\\/11\\\/podcast-pravo-a-svet-technologii-eva-schin\\\/#article\",\"isPartOf\":{\"@id\":\"https:\\\/\\\/www.websupport.sk\\\/blog\\\/2019\\\/11\\\/podcast-pravo-a-svet-technologii-eva-schin\\\/\"},\"author\":{\"name\":\"T\u00edm Websupport\",\"@id\":\"https:\\\/\\\/www.websupport.sk\\\/blog\\\/#\\\/schema\\\/person\\\/d3f3517a180f66130801edb710ffb6b3\"},\"headline\":\"PODCAST: Pr\u00e1vo a svet technol\u00f3gi\u00ed (Eva Schin)\",\"datePublished\":\"2019-11-22T09:00:00+00:00\",\"dateModified\":\"2025-03-11T20:07:36+00:00\",\"mainEntityOfPage\":{\"@id\":\"https:\\\/\\\/www.websupport.sk\\\/blog\\\/2019\\\/11\\\/podcast-pravo-a-svet-technologii-eva-schin\\\/\"},\"wordCount\":238,\"commentCount\":0,\"publisher\":{\"@id\":\"https:\\\/\\\/www.websupport.sk\\\/blog\\\/#organization\"},\"image\":{\"@id\":\"https:\\\/\\\/www.websupport.sk\\\/blog\\\/2019\\\/11\\\/podcast-pravo-a-svet-technologii-eva-schin\\\/#primaryimage\"},\"thumbnailUrl\":\"https:\\\/\\\/www.websupport.sk\\\/blog\\\/app\\\/uploads\\\/sites\\\/2\\\/2019\\\/05\\\/BP-Podcasty.jpg\",\"keywords\":[\"dusevne vlastnictvo\",\"mirka uhnak\",\"podcast\",\"pravo\",\"technologie\",\"Zeny v IT\"],\"articleSection\":[\"Podcasty\"],\"inLanguage\":\"sk-SK\",\"potentialAction\":[{\"@type\":\"CommentAction\",\"name\":\"Comment\",\"target\":[\"https:\\\/\\\/www.websupport.sk\\\/blog\\\/2019\\\/11\\\/podcast-pravo-a-svet-technologii-eva-schin\\\/#respond\"]}]},{\"@type\":\"WebPage\",\"@id\":\"https:\\\/\\\/www.websupport.sk\\\/blog\\\/2019\\\/11\\\/podcast-pravo-a-svet-technologii-eva-schin\\\/\",\"url\":\"https:\\\/\\\/www.websupport.sk\\\/blog\\\/2019\\\/11\\\/podcast-pravo-a-svet-technologii-eva-schin\\\/\",\"name\":\"PODCAST: Pr\u00e1vo a svet technol\u00f3gi\u00ed (Eva Schin) - Websupport blog\",\"isPartOf\":{\"@id\":\"https:\\\/\\\/www.websupport.sk\\\/blog\\\/#website\"},\"primaryImageOfPage\":{\"@id\":\"https:\\\/\\\/www.websupport.sk\\\/blog\\\/2019\\\/11\\\/podcast-pravo-a-svet-technologii-eva-schin\\\/#primaryimage\"},\"image\":{\"@id\":\"https:\\\/\\\/www.websupport.sk\\\/blog\\\/2019\\\/11\\\/podcast-pravo-a-svet-technologii-eva-schin\\\/#primaryimage\"},\"thumbnailUrl\":\"https:\\\/\\\/www.websupport.sk\\\/blog\\\/app\\\/uploads\\\/sites\\\/2\\\/2019\\\/05\\\/BP-Podcasty.jpg\",\"datePublished\":\"2019-11-22T09:00:00+00:00\",\"dateModified\":\"2025-03-11T20:07:36+00:00\",\"breadcrumb\":{\"@id\":\"https:\\\/\\\/www.websupport.sk\\\/blog\\\/2019\\\/11\\\/podcast-pravo-a-svet-technologii-eva-schin\\\/#breadcrumb\"},\"inLanguage\":\"sk-SK\",\"potentialAction\":[{\"@type\":\"ReadAction\",\"target\":[\"https:\\\/\\\/www.websupport.sk\\\/blog\\\/2019\\\/11\\\/podcast-pravo-a-svet-technologii-eva-schin\\\/\"]}]},{\"@type\":\"ImageObject\",\"inLanguage\":\"sk-SK\",\"@id\":\"https:\\\/\\\/www.websupport.sk\\\/blog\\\/2019\\\/11\\\/podcast-pravo-a-svet-technologii-eva-schin\\\/#primaryimage\",\"url\":\"https:\\\/\\\/www.websupport.sk\\\/blog\\\/app\\\/uploads\\\/sites\\\/2\\\/2019\\\/05\\\/BP-Podcasty.jpg\",\"contentUrl\":\"https:\\\/\\\/www.websupport.sk\\\/blog\\\/app\\\/uploads\\\/sites\\\/2\\\/2019\\\/05\\\/BP-Podcasty.jpg\",\"width\":1921,\"height\":1081},{\"@type\":\"BreadcrumbList\",\"@id\":\"https:\\\/\\\/www.websupport.sk\\\/blog\\\/2019\\\/11\\\/podcast-pravo-a-svet-technologii-eva-schin\\\/#breadcrumb\",\"itemListElement\":[{\"@type\":\"ListItem\",\"position\":1,\"name\":\"Home\",\"item\":\"https:\\\/\\\/www.websupport.sk\\\/blog\\\/\"},{\"@type\":\"ListItem\",\"position\":2,\"name\":\"PODCAST: Pr\u00e1vo a svet technol\u00f3gi\u00ed (Eva Schin)\"}]},{\"@type\":\"WebSite\",\"@id\":\"https:\\\/\\\/www.websupport.sk\\\/blog\\\/#website\",\"url\":\"https:\\\/\\\/www.websupport.sk\\\/blog\\\/\",\"name\":\"Websupport blog\",\"description\":\"Websupport blog\",\"publisher\":{\"@id\":\"https:\\\/\\\/www.websupport.sk\\\/blog\\\/#organization\"},\"potentialAction\":[{\"@type\":\"SearchAction\",\"target\":{\"@type\":\"EntryPoint\",\"urlTemplate\":\"https:\\\/\\\/www.websupport.sk\\\/blog\\\/?s={search_term_string}\"},\"query-input\":{\"@type\":\"PropertyValueSpecification\",\"valueRequired\":true,\"valueName\":\"search_term_string\"}}],\"inLanguage\":\"sk-SK\"},{\"@type\":\"Organization\",\"@id\":\"https:\\\/\\\/www.websupport.sk\\\/blog\\\/#organization\",\"name\":\"Websupport\",\"url\":\"https:\\\/\\\/www.websupport.sk\\\/blog\\\/\",\"logo\":{\"@type\":\"ImageObject\",\"inLanguage\":\"sk-SK\",\"@id\":\"https:\\\/\\\/www.websupport.sk\\\/blog\\\/#\\\/schema\\\/logo\\\/image\\\/\",\"url\":\"https:\\\/\\\/www.websupport.sk\\\/blog\\\/app\\\/uploads\\\/sites\\\/2\\\/2021\\\/08\\\/websupport-logo.svg\",\"contentUrl\":\"https:\\\/\\\/www.websupport.sk\\\/blog\\\/app\\\/uploads\\\/sites\\\/2\\\/2021\\\/08\\\/websupport-logo.svg\",\"width\":153,\"height\":48,\"caption\":\"Websupport\"},\"image\":{\"@id\":\"https:\\\/\\\/www.websupport.sk\\\/blog\\\/#\\\/schema\\\/logo\\\/image\\\/\"}},{\"@type\":\"Person\",\"@id\":\"https:\\\/\\\/www.websupport.sk\\\/blog\\\/#\\\/schema\\\/person\\\/d3f3517a180f66130801edb710ffb6b3\",\"name\":\"T\u00edm Websupport\",\"image\":{\"@type\":\"ImageObject\",\"inLanguage\":\"sk-SK\",\"@id\":\"https:\\\/\\\/secure.gravatar.com\\\/avatar\\\/c69189751d452c13309d44d15907c3aa93630e0cc9e4e874e1bca01fee7ce18b?s=96&d=mm&r=g\",\"url\":\"https:\\\/\\\/secure.gravatar.com\\\/avatar\\\/c69189751d452c13309d44d15907c3aa93630e0cc9e4e874e1bca01fee7ce18b?s=96&d=mm&r=g\",\"contentUrl\":\"https:\\\/\\\/secure.gravatar.com\\\/avatar\\\/c69189751d452c13309d44d15907c3aa93630e0cc9e4e874e1bca01fee7ce18b?s=96&d=mm&r=g\",\"caption\":\"T\u00edm Websupport\"},\"description\":\"Sme slobodn\u00e1 a otvoren\u00e1 firma. Rob\u00edme to, \u010do n\u00e1s bav\u00ed a chceme ka\u017edou na\u0161ou \u010dinnos\u0165ou pos\u00fava\u0165 \u0161tandardy vy\u0161\u0161ie.\",\"url\":\"https:\\\/\\\/www.websupport.sk\\\/blog\\\/author\\\/admin\\\/\"}]}<\/script>\n<!-- \/ Yoast SEO plugin. -->","yoast_head_json":{"title":"PODCAST: Pr\u00e1vo a svet technol\u00f3gi\u00ed (Eva Schin) - Websupport blog","robots":{"index":"index","follow":"follow","max-snippet":"max-snippet:-1","max-image-preview":"max-image-preview:large","max-video-preview":"max-video-preview:-1"},"canonical":"https:\/\/www.websupport.sk\/blog\/2019\/11\/podcast-pravo-a-svet-technologii-eva-schin\/","og_locale":"sk_SK","og_type":"article","og_title":"PODCAST: Pr\u00e1vo a svet technol\u00f3gi\u00ed (Eva Schin) - Websupport blog","og_description":"Technol\u00f3gie menia v\u0161etky sektory a pr\u00e1vo rozhodne nie je v\u00fdnimkou. Pr\u00e1vne ot\u00e1zky s\u00favisiace s technol\u00f3giami sa t\u00fdkaj\u00fa ka\u017ed\u00e9ho online projektu, eshopu, aplik\u00e1cie \u010di softv\u00e9ru. Eva Schin, zakladaj\u00faca a managing partnerka advok\u00e1tskej kancel\u00e1rie SCHIN &amp; MAJD\u00daCH legal, m\u00e1 za sebou viac ako 13 rokov praxe v advok\u00e1cii. Spolupracovala so slovensk\u00fdmi aj medzin\u00e1rodn\u00fdmi advok\u00e1tskymi kancel\u00e1riami so \u0161irok\u00fdm [&hellip;]","og_url":"https:\/\/www.websupport.sk\/blog\/2019\/11\/podcast-pravo-a-svet-technologii-eva-schin\/","og_site_name":"Websupport blog","article_published_time":"2019-11-22T09:00:00+00:00","article_modified_time":"2025-03-11T20:07:36+00:00","og_image":[{"width":1921,"height":1081,"url":"https:\/\/www.websupport.sk\/blog\/app\/uploads\/sites\/2\/2019\/05\/BP-Podcasty.jpg","type":"image\/jpeg"}],"author":"T\u00edm Websupport","twitter_card":"summary_large_image","twitter_misc":{"Autor":"T\u00edm Websupport","Predpokladan\u00fd \u010das \u010d\u00edtania":"1 min\u00fata"},"schema":{"@context":"https:\/\/schema.org","@graph":[{"@type":"Article","@id":"https:\/\/www.websupport.sk\/blog\/2019\/11\/podcast-pravo-a-svet-technologii-eva-schin\/#article","isPartOf":{"@id":"https:\/\/www.websupport.sk\/blog\/2019\/11\/podcast-pravo-a-svet-technologii-eva-schin\/"},"author":{"name":"T\u00edm Websupport","@id":"https:\/\/www.websupport.sk\/blog\/#\/schema\/person\/d3f3517a180f66130801edb710ffb6b3"},"headline":"PODCAST: Pr\u00e1vo a svet technol\u00f3gi\u00ed (Eva Schin)","datePublished":"2019-11-22T09:00:00+00:00","dateModified":"2025-03-11T20:07:36+00:00","mainEntityOfPage":{"@id":"https:\/\/www.websupport.sk\/blog\/2019\/11\/podcast-pravo-a-svet-technologii-eva-schin\/"},"wordCount":238,"commentCount":0,"publisher":{"@id":"https:\/\/www.websupport.sk\/blog\/#organization"},"image":{"@id":"https:\/\/www.websupport.sk\/blog\/2019\/11\/podcast-pravo-a-svet-technologii-eva-schin\/#primaryimage"},"thumbnailUrl":"https:\/\/www.websupport.sk\/blog\/app\/uploads\/sites\/2\/2019\/05\/BP-Podcasty.jpg","keywords":["dusevne vlastnictvo","mirka uhnak","podcast","pravo","technologie","Zeny v IT"],"articleSection":["Podcasty"],"inLanguage":"sk-SK","potentialAction":[{"@type":"CommentAction","name":"Comment","target":["https:\/\/www.websupport.sk\/blog\/2019\/11\/podcast-pravo-a-svet-technologii-eva-schin\/#respond"]}]},{"@type":"WebPage","@id":"https:\/\/www.websupport.sk\/blog\/2019\/11\/podcast-pravo-a-svet-technologii-eva-schin\/","url":"https:\/\/www.websupport.sk\/blog\/2019\/11\/podcast-pravo-a-svet-technologii-eva-schin\/","name":"PODCAST: Pr\u00e1vo a svet technol\u00f3gi\u00ed (Eva Schin) - Websupport blog","isPartOf":{"@id":"https:\/\/www.websupport.sk\/blog\/#website"},"primaryImageOfPage":{"@id":"https:\/\/www.websupport.sk\/blog\/2019\/11\/podcast-pravo-a-svet-technologii-eva-schin\/#primaryimage"},"image":{"@id":"https:\/\/www.websupport.sk\/blog\/2019\/11\/podcast-pravo-a-svet-technologii-eva-schin\/#primaryimage"},"thumbnailUrl":"https:\/\/www.websupport.sk\/blog\/app\/uploads\/sites\/2\/2019\/05\/BP-Podcasty.jpg","datePublished":"2019-11-22T09:00:00+00:00","dateModified":"2025-03-11T20:07:36+00:00","breadcrumb":{"@id":"https:\/\/www.websupport.sk\/blog\/2019\/11\/podcast-pravo-a-svet-technologii-eva-schin\/#breadcrumb"},"inLanguage":"sk-SK","potentialAction":[{"@type":"ReadAction","target":["https:\/\/www.websupport.sk\/blog\/2019\/11\/podcast-pravo-a-svet-technologii-eva-schin\/"]}]},{"@type":"ImageObject","inLanguage":"sk-SK","@id":"https:\/\/www.websupport.sk\/blog\/2019\/11\/podcast-pravo-a-svet-technologii-eva-schin\/#primaryimage","url":"https:\/\/www.websupport.sk\/blog\/app\/uploads\/sites\/2\/2019\/05\/BP-Podcasty.jpg","contentUrl":"https:\/\/www.websupport.sk\/blog\/app\/uploads\/sites\/2\/2019\/05\/BP-Podcasty.jpg","width":1921,"height":1081},{"@type":"BreadcrumbList","@id":"https:\/\/www.websupport.sk\/blog\/2019\/11\/podcast-pravo-a-svet-technologii-eva-schin\/#breadcrumb","itemListElement":[{"@type":"ListItem","position":1,"name":"Home","item":"https:\/\/www.websupport.sk\/blog\/"},{"@type":"ListItem","position":2,"name":"PODCAST: Pr\u00e1vo a svet technol\u00f3gi\u00ed (Eva Schin)"}]},{"@type":"WebSite","@id":"https:\/\/www.websupport.sk\/blog\/#website","url":"https:\/\/www.websupport.sk\/blog\/","name":"Websupport blog","description":"Websupport blog","publisher":{"@id":"https:\/\/www.websupport.sk\/blog\/#organization"},"potentialAction":[{"@type":"SearchAction","target":{"@type":"EntryPoint","urlTemplate":"https:\/\/www.websupport.sk\/blog\/?s={search_term_string}"},"query-input":{"@type":"PropertyValueSpecification","valueRequired":true,"valueName":"search_term_string"}}],"inLanguage":"sk-SK"},{"@type":"Organization","@id":"https:\/\/www.websupport.sk\/blog\/#organization","name":"Websupport","url":"https:\/\/www.websupport.sk\/blog\/","logo":{"@type":"ImageObject","inLanguage":"sk-SK","@id":"https:\/\/www.websupport.sk\/blog\/#\/schema\/logo\/image\/","url":"https:\/\/www.websupport.sk\/blog\/app\/uploads\/sites\/2\/2021\/08\/websupport-logo.svg","contentUrl":"https:\/\/www.websupport.sk\/blog\/app\/uploads\/sites\/2\/2021\/08\/websupport-logo.svg","width":153,"height":48,"caption":"Websupport"},"image":{"@id":"https:\/\/www.websupport.sk\/blog\/#\/schema\/logo\/image\/"}},{"@type":"Person","@id":"https:\/\/www.websupport.sk\/blog\/#\/schema\/person\/d3f3517a180f66130801edb710ffb6b3","name":"T\u00edm Websupport","image":{"@type":"ImageObject","inLanguage":"sk-SK","@id":"https:\/\/secure.gravatar.com\/avatar\/c69189751d452c13309d44d15907c3aa93630e0cc9e4e874e1bca01fee7ce18b?s=96&d=mm&r=g","url":"https:\/\/secure.gravatar.com\/avatar\/c69189751d452c13309d44d15907c3aa93630e0cc9e4e874e1bca01fee7ce18b?s=96&d=mm&r=g","contentUrl":"https:\/\/secure.gravatar.com\/avatar\/c69189751d452c13309d44d15907c3aa93630e0cc9e4e874e1bca01fee7ce18b?s=96&d=mm&r=g","caption":"T\u00edm Websupport"},"description":"Sme slobodn\u00e1 a otvoren\u00e1 firma. Rob\u00edme to, \u010do n\u00e1s bav\u00ed a chceme ka\u017edou na\u0161ou \u010dinnos\u0165ou pos\u00fava\u0165 \u0161tandardy vy\u0161\u0161ie.","url":"https:\/\/www.websupport.sk\/blog\/author\/admin\/"}]}},"_links":{"self":[{"href":"https:\/\/www.websupport.sk\/blog\/wp-json\/wp\/v2\/posts\/16773","targetHints":{"allow":["GET"]}}],"collection":[{"href":"https:\/\/www.websupport.sk\/blog\/wp-json\/wp\/v2\/posts"}],"about":[{"href":"https:\/\/www.websupport.sk\/blog\/wp-json\/wp\/v2\/types\/post"}],"author":[{"embeddable":true,"href":"https:\/\/www.websupport.sk\/blog\/wp-json\/wp\/v2\/users\/84"}],"replies":[{"embeddable":true,"href":"https:\/\/www.websupport.sk\/blog\/wp-json\/wp\/v2\/comments?post=16773"}],"version-history":[{"count":1,"href":"https:\/\/www.websupport.sk\/blog\/wp-json\/wp\/v2\/posts\/16773\/revisions"}],"predecessor-version":[{"id":16779,"href":"https:\/\/www.websupport.sk\/blog\/wp-json\/wp\/v2\/posts\/16773\/revisions\/16779"}],"wp:featuredmedia":[{"embeddable":true,"href":"https:\/\/www.websupport.sk\/blog\/wp-json\/wp\/v2\/media\/14863"}],"wp:attachment":[{"href":"https:\/\/www.websupport.sk\/blog\/wp-json\/wp\/v2\/media?parent=16773"}],"wp:term":[{"taxonomy":"category","embeddable":true,"href":"https:\/\/www.websupport.sk\/blog\/wp-json\/wp\/v2\/categories?post=16773"},{"taxonomy":"post_tag","embeddable":true,"href":"https:\/\/www.websupport.sk\/blog\/wp-json\/wp\/v2\/tags?post=16773"}],"curies":[{"name":"wp","href":"https:\/\/api.w.org\/{rel}","templated":true}]}}