{"id":16491,"date":"2019-10-07T14:37:42","date_gmt":"2019-10-07T12:37:42","guid":{"rendered":"https:\/\/www.websupport.sk\/blog\/?p=16491"},"modified":"2025-03-11T21:07:35","modified_gmt":"2025-03-11T20:07:35","slug":"podcast-ako-stimulovat-generaciu-z-na-socialnych-mediach-martina-jelenova","status":"publish","type":"post","link":"https:\/\/www.websupport.sk\/blog\/2019\/10\/podcast-ako-stimulovat-generaciu-z-na-socialnych-mediach-martina-jelenova\/","title":{"rendered":"PODCAST: Ako stimulova\u0165 gener\u00e1ciu Z na soci\u00e1lnych m\u00e9di\u00e1ch? (Martina Jelenov\u00e1)"},"content":{"rendered":"<span class=\"span-reading-time rt-reading-time\" style=\"display: block;\"><span class=\"rt-label rt-prefix\"><b>Doba \u010d\u00edtania:<\/b><\/span> <span class=\"rt-time\"> 2<\/span> <span class=\"rt-label rt-postfix\">min.<\/span><\/span>\n<p>Ako vn\u00edmaj\u00fa deti video obsah \u0161\u00edren\u00fd na YouTube? \u010co \u00e1no a \u010do u\u017e je cez? Kto vie zauja\u0165 a\u017e tak, \u017ee dok\u00e1\u017ee ma\u0165 viac ako 75 mili\u00f3nov zhliadnut\u00ed videa ur\u010denom pre mal\u00e9 deti?<\/p>\n\n\n\n<p>Ak vie niekto n\u00e1js\u0165 dieru na trhu a vytvori\u0165 z nej masov\u00fd o\u0161ia\u013e, tak je to jednozna\u010dne kan\u00e1l F\u00cdHA tralala. <strong>Martina Jelenov\u00e1 (alias \u0161kriatok F\u00cdHA tralala)<\/strong> je mamou na pln\u00fd \u00fav\u00e4zok nielen pre svoje deti, ale aj det\u00ed jej hudobn\u00fdch koncertov a det\u00ed YouTubu, ktor\u00e9 dennodenne pozeraj\u00fa vide\u00e1 na kan\u00e1li F\u00cdHA tralala. Tie maj\u00fa ve\u013ek\u00fd vplyv na mal\u00e9ho (i ve\u013ek\u00e9ho) div\u00e1ka, preto sme sa spolu s Martinkou rozhodli venova\u0165 tejto soci\u00e1lnej sieti.<\/p>\n\n\n\n<p>Zist\u00edte, ako podliehaj\u00fa deti marketingu, \u010do funguje a \u010do nie, spozn\u00e1te ich cestu k tomu, ako sa stali kr\u00e1\u013emi slovensk\u00e9ho YouTube i to, ako ovplyvnilo ich pr\u00e1cu vyjadrenie sa k slovenskej politike. K\u013e\u00fa\u010dov\u00fdmi t\u00e9mami talku s\u00fa Y ako YouTube, M ako merch a F ako forma\/form\u00e1t. Rozhovor moderuje Jana Malaga, \u0161pecialistka na obsahov\u00fd marketing a influencer marketing z Content agency.<\/p>\n\n\n\n<figure class=\"wp-block-embed-spotify wp-block-embed is-type-rich is-provider-spotify wp-embed-aspect-21-9 wp-has-aspect-ratio\"><div class=\"wp-block-embed__wrapper\">\nhttps:\/\/open.spotify.com\/episode\/4PAm1BNM6xiz10yHroIbbo\n<\/div><\/figure>\n\n\n\n<p><strong>Vypo\u010dujte si podcast aj na \u010fal\u0161\u00edch platform\u00e1ch:<\/strong><br><img decoding=\"async\" src=\"https:\/\/www.websupport.sk\/blogoads\/sites\/2\/2019\/07\/spotify.png\"> <a href=\"https:\/\/open.spotify.com\/episode\/4PAm1BNM6xiz10yHroIbbo\">Spotify<\/a><br><img decoding=\"async\" src=\"https:\/\/www.websupport.sk\/blogoads\/sites\/2\/2019\/07\/soundcloud.png\"> <a href=\"https:\/\/soundcloud.com\/websupport_sk\/ako-stimulovat-generaciu-z-na-socialnych-mediach-martina-jelenova\">SoundCloud<\/a><br><img decoding=\"async\" src=\"https:\/\/www.websupport.sk\/blogoads\/sites\/2\/2019\/07\/podbean.png\"> <a href=\"https:\/\/websupport.podbean.com\/e\/ako-stimulovat-generaciu-z-na-socialnych-mediach-martina-jelenova\/\/\">Podbean<\/a><br><img decoding=\"async\" height=\"10\" src=\"https:\/\/www.websupport.sk\/blogoads\/sites\/2\/2019\/07\/itunes.png\"> <a href=\"https:\/\/podcasts.apple.com\/gb\/podcast\/ako-stimulova%C5%A5-gener%C3%A1ciu-z-na-soci%C3%A1lnych-m%C3%A9di%C3%A1ch-martina\/id1330141229?i=1000451891270\">iTunes<\/a><\/p>\n","protected":false},"excerpt":{"rendered":"<p>Ako vn\u00edmaj\u00fa deti video obsah \u0161\u00edren\u00fd na YouTube? \u010co \u00e1no a \u010do u\u017e je cez? Kto vie zauja\u0165 a\u017e tak, \u017ee dok\u00e1\u017ee ma\u0165 viac ako 75 mili\u00f3nov zhliadnut\u00ed videa ur\u010denom pre mal\u00e9 deti? Ak vie niekto n\u00e1js\u0165 dieru na trhu a vytvori\u0165 z nej masov\u00fd o\u0161ia\u013e, tak je to jednozna\u010dne kan\u00e1l F\u00cdHA tralala. Martina Jelenov\u00e1 [&hellip;]<\/p>\n","protected":false},"author":84,"featured_media":14863,"comment_status":"open","ping_status":"open","sticky":false,"template":"","format":"standard","meta":{"footnotes":""},"categories":[1438],"tags":[1689,1656,1695,480,655,1692,975],"class_list":["post-16491","post","type-post","status-publish","format-standard","has-post-thumbnail","hentry","category-podcasty","tag-content-agency","tag-deti","tag-divadlo","tag-marketing","tag-podcast","tag-socialne-media","tag-youtube"],"yoast_head":"<!-- This site is optimized with the Yoast SEO plugin v27.4 - https:\/\/yoast.com\/product\/yoast-seo-wordpress\/ -->\n<title>PODCAST: Ako stimulova\u0165 gener\u00e1ciu Z na soci\u00e1lnych m\u00e9di\u00e1ch? (Martina Jelenov\u00e1) - Websupport blog<\/title>\n<meta name=\"robots\" content=\"index, follow, max-snippet:-1, max-image-preview:large, max-video-preview:-1\" \/>\n<link rel=\"canonical\" href=\"https:\/\/www.websupport.sk\/blog\/2019\/10\/podcast-ako-stimulovat-generaciu-z-na-socialnych-mediach-martina-jelenova\/\" \/>\n<meta property=\"og:locale\" content=\"sk_SK\" \/>\n<meta property=\"og:type\" content=\"article\" \/>\n<meta property=\"og:title\" content=\"PODCAST: Ako stimulova\u0165 gener\u00e1ciu Z na soci\u00e1lnych m\u00e9di\u00e1ch? (Martina Jelenov\u00e1) - Websupport blog\" \/>\n<meta property=\"og:description\" content=\"Ako vn\u00edmaj\u00fa deti video obsah \u0161\u00edren\u00fd na YouTube? \u010co \u00e1no a \u010do u\u017e je cez? Kto vie zauja\u0165 a\u017e tak, \u017ee dok\u00e1\u017ee ma\u0165 viac ako 75 mili\u00f3nov zhliadnut\u00ed videa ur\u010denom pre mal\u00e9 deti? Ak vie niekto n\u00e1js\u0165 dieru na trhu a vytvori\u0165 z nej masov\u00fd o\u0161ia\u013e, tak je to jednozna\u010dne kan\u00e1l F\u00cdHA tralala. Martina Jelenov\u00e1 [&hellip;]\" \/>\n<meta property=\"og:url\" content=\"https:\/\/www.websupport.sk\/blog\/2019\/10\/podcast-ako-stimulovat-generaciu-z-na-socialnych-mediach-martina-jelenova\/\" \/>\n<meta property=\"og:site_name\" content=\"Websupport blog\" \/>\n<meta property=\"article:published_time\" content=\"2019-10-07T12:37:42+00:00\" \/>\n<meta property=\"article:modified_time\" content=\"2025-03-11T20:07:35+00:00\" \/>\n<meta property=\"og:image\" content=\"https:\/\/www.websupport.sk\/blog\/app\/uploads\/sites\/2\/2019\/05\/BP-Podcasty.jpg\" \/>\n\t<meta property=\"og:image:width\" content=\"1921\" \/>\n\t<meta property=\"og:image:height\" content=\"1081\" \/>\n\t<meta property=\"og:image:type\" content=\"image\/jpeg\" \/>\n<meta name=\"author\" content=\"T\u00edm Websupport\" \/>\n<meta name=\"twitter:card\" content=\"summary_large_image\" \/>\n<meta name=\"twitter:label1\" content=\"Autor\" \/>\n\t<meta name=\"twitter:data1\" content=\"T\u00edm Websupport\" \/>\n\t<meta name=\"twitter:label2\" content=\"Predpokladan\u00fd \u010das \u010d\u00edtania\" \/>\n\t<meta name=\"twitter:data2\" content=\"1 min\u00fata\" \/>\n<script type=\"application\/ld+json\" class=\"yoast-schema-graph\">{\"@context\":\"https:\\\/\\\/schema.org\",\"@graph\":[{\"@type\":\"Article\",\"@id\":\"https:\\\/\\\/www.websupport.sk\\\/blog\\\/2019\\\/10\\\/podcast-ako-stimulovat-generaciu-z-na-socialnych-mediach-martina-jelenova\\\/#article\",\"isPartOf\":{\"@id\":\"https:\\\/\\\/www.websupport.sk\\\/blog\\\/2019\\\/10\\\/podcast-ako-stimulovat-generaciu-z-na-socialnych-mediach-martina-jelenova\\\/\"},\"author\":{\"name\":\"T\u00edm Websupport\",\"@id\":\"https:\\\/\\\/www.websupport.sk\\\/blog\\\/#\\\/schema\\\/person\\\/d3f3517a180f66130801edb710ffb6b3\"},\"headline\":\"PODCAST: Ako stimulova\u0165 gener\u00e1ciu Z na soci\u00e1lnych m\u00e9di\u00e1ch? (Martina Jelenov\u00e1)\",\"datePublished\":\"2019-10-07T12:37:42+00:00\",\"dateModified\":\"2025-03-11T20:07:35+00:00\",\"mainEntityOfPage\":{\"@id\":\"https:\\\/\\\/www.websupport.sk\\\/blog\\\/2019\\\/10\\\/podcast-ako-stimulovat-generaciu-z-na-socialnych-mediach-martina-jelenova\\\/\"},\"wordCount\":231,\"commentCount\":0,\"publisher\":{\"@id\":\"https:\\\/\\\/www.websupport.sk\\\/blog\\\/#organization\"},\"image\":{\"@id\":\"https:\\\/\\\/www.websupport.sk\\\/blog\\\/2019\\\/10\\\/podcast-ako-stimulovat-generaciu-z-na-socialnych-mediach-martina-jelenova\\\/#primaryimage\"},\"thumbnailUrl\":\"https:\\\/\\\/www.websupport.sk\\\/blog\\\/app\\\/uploads\\\/sites\\\/2\\\/2019\\\/05\\\/BP-Podcasty.jpg\",\"keywords\":[\"content agency\",\"deti\",\"divadlo\",\"marketing\",\"podcast\",\"soci\u00e1lne m\u00e9di\u00e1\",\"youtube\"],\"articleSection\":[\"Podcasty\"],\"inLanguage\":\"sk-SK\",\"potentialAction\":[{\"@type\":\"CommentAction\",\"name\":\"Comment\",\"target\":[\"https:\\\/\\\/www.websupport.sk\\\/blog\\\/2019\\\/10\\\/podcast-ako-stimulovat-generaciu-z-na-socialnych-mediach-martina-jelenova\\\/#respond\"]}]},{\"@type\":\"WebPage\",\"@id\":\"https:\\\/\\\/www.websupport.sk\\\/blog\\\/2019\\\/10\\\/podcast-ako-stimulovat-generaciu-z-na-socialnych-mediach-martina-jelenova\\\/\",\"url\":\"https:\\\/\\\/www.websupport.sk\\\/blog\\\/2019\\\/10\\\/podcast-ako-stimulovat-generaciu-z-na-socialnych-mediach-martina-jelenova\\\/\",\"name\":\"PODCAST: Ako stimulova\u0165 gener\u00e1ciu Z na soci\u00e1lnych m\u00e9di\u00e1ch? (Martina Jelenov\u00e1) - Websupport blog\",\"isPartOf\":{\"@id\":\"https:\\\/\\\/www.websupport.sk\\\/blog\\\/#website\"},\"primaryImageOfPage\":{\"@id\":\"https:\\\/\\\/www.websupport.sk\\\/blog\\\/2019\\\/10\\\/podcast-ako-stimulovat-generaciu-z-na-socialnych-mediach-martina-jelenova\\\/#primaryimage\"},\"image\":{\"@id\":\"https:\\\/\\\/www.websupport.sk\\\/blog\\\/2019\\\/10\\\/podcast-ako-stimulovat-generaciu-z-na-socialnych-mediach-martina-jelenova\\\/#primaryimage\"},\"thumbnailUrl\":\"https:\\\/\\\/www.websupport.sk\\\/blog\\\/app\\\/uploads\\\/sites\\\/2\\\/2019\\\/05\\\/BP-Podcasty.jpg\",\"datePublished\":\"2019-10-07T12:37:42+00:00\",\"dateModified\":\"2025-03-11T20:07:35+00:00\",\"breadcrumb\":{\"@id\":\"https:\\\/\\\/www.websupport.sk\\\/blog\\\/2019\\\/10\\\/podcast-ako-stimulovat-generaciu-z-na-socialnych-mediach-martina-jelenova\\\/#breadcrumb\"},\"inLanguage\":\"sk-SK\",\"potentialAction\":[{\"@type\":\"ReadAction\",\"target\":[\"https:\\\/\\\/www.websupport.sk\\\/blog\\\/2019\\\/10\\\/podcast-ako-stimulovat-generaciu-z-na-socialnych-mediach-martina-jelenova\\\/\"]}]},{\"@type\":\"ImageObject\",\"inLanguage\":\"sk-SK\",\"@id\":\"https:\\\/\\\/www.websupport.sk\\\/blog\\\/2019\\\/10\\\/podcast-ako-stimulovat-generaciu-z-na-socialnych-mediach-martina-jelenova\\\/#primaryimage\",\"url\":\"https:\\\/\\\/www.websupport.sk\\\/blog\\\/app\\\/uploads\\\/sites\\\/2\\\/2019\\\/05\\\/BP-Podcasty.jpg\",\"contentUrl\":\"https:\\\/\\\/www.websupport.sk\\\/blog\\\/app\\\/uploads\\\/sites\\\/2\\\/2019\\\/05\\\/BP-Podcasty.jpg\",\"width\":1921,\"height\":1081},{\"@type\":\"BreadcrumbList\",\"@id\":\"https:\\\/\\\/www.websupport.sk\\\/blog\\\/2019\\\/10\\\/podcast-ako-stimulovat-generaciu-z-na-socialnych-mediach-martina-jelenova\\\/#breadcrumb\",\"itemListElement\":[{\"@type\":\"ListItem\",\"position\":1,\"name\":\"Home\",\"item\":\"https:\\\/\\\/www.websupport.sk\\\/blog\\\/\"},{\"@type\":\"ListItem\",\"position\":2,\"name\":\"PODCAST: Ako stimulova\u0165 gener\u00e1ciu Z na soci\u00e1lnych m\u00e9di\u00e1ch? (Martina Jelenov\u00e1)\"}]},{\"@type\":\"WebSite\",\"@id\":\"https:\\\/\\\/www.websupport.sk\\\/blog\\\/#website\",\"url\":\"https:\\\/\\\/www.websupport.sk\\\/blog\\\/\",\"name\":\"Websupport blog\",\"description\":\"Websupport blog\",\"publisher\":{\"@id\":\"https:\\\/\\\/www.websupport.sk\\\/blog\\\/#organization\"},\"potentialAction\":[{\"@type\":\"SearchAction\",\"target\":{\"@type\":\"EntryPoint\",\"urlTemplate\":\"https:\\\/\\\/www.websupport.sk\\\/blog\\\/?s={search_term_string}\"},\"query-input\":{\"@type\":\"PropertyValueSpecification\",\"valueRequired\":true,\"valueName\":\"search_term_string\"}}],\"inLanguage\":\"sk-SK\"},{\"@type\":\"Organization\",\"@id\":\"https:\\\/\\\/www.websupport.sk\\\/blog\\\/#organization\",\"name\":\"Websupport\",\"url\":\"https:\\\/\\\/www.websupport.sk\\\/blog\\\/\",\"logo\":{\"@type\":\"ImageObject\",\"inLanguage\":\"sk-SK\",\"@id\":\"https:\\\/\\\/www.websupport.sk\\\/blog\\\/#\\\/schema\\\/logo\\\/image\\\/\",\"url\":\"https:\\\/\\\/www.websupport.sk\\\/blog\\\/app\\\/uploads\\\/sites\\\/2\\\/2021\\\/08\\\/websupport-logo.svg\",\"contentUrl\":\"https:\\\/\\\/www.websupport.sk\\\/blog\\\/app\\\/uploads\\\/sites\\\/2\\\/2021\\\/08\\\/websupport-logo.svg\",\"width\":153,\"height\":48,\"caption\":\"Websupport\"},\"image\":{\"@id\":\"https:\\\/\\\/www.websupport.sk\\\/blog\\\/#\\\/schema\\\/logo\\\/image\\\/\"}},{\"@type\":\"Person\",\"@id\":\"https:\\\/\\\/www.websupport.sk\\\/blog\\\/#\\\/schema\\\/person\\\/d3f3517a180f66130801edb710ffb6b3\",\"name\":\"T\u00edm Websupport\",\"image\":{\"@type\":\"ImageObject\",\"inLanguage\":\"sk-SK\",\"@id\":\"https:\\\/\\\/secure.gravatar.com\\\/avatar\\\/c69189751d452c13309d44d15907c3aa93630e0cc9e4e874e1bca01fee7ce18b?s=96&d=mm&r=g\",\"url\":\"https:\\\/\\\/secure.gravatar.com\\\/avatar\\\/c69189751d452c13309d44d15907c3aa93630e0cc9e4e874e1bca01fee7ce18b?s=96&d=mm&r=g\",\"contentUrl\":\"https:\\\/\\\/secure.gravatar.com\\\/avatar\\\/c69189751d452c13309d44d15907c3aa93630e0cc9e4e874e1bca01fee7ce18b?s=96&d=mm&r=g\",\"caption\":\"T\u00edm Websupport\"},\"description\":\"Sme slobodn\u00e1 a otvoren\u00e1 firma. Rob\u00edme to, \u010do n\u00e1s bav\u00ed a chceme ka\u017edou na\u0161ou \u010dinnos\u0165ou pos\u00fava\u0165 \u0161tandardy vy\u0161\u0161ie.\",\"url\":\"https:\\\/\\\/www.websupport.sk\\\/blog\\\/author\\\/admin\\\/\"}]}<\/script>\n<!-- \/ Yoast SEO plugin. -->","yoast_head_json":{"title":"PODCAST: Ako stimulova\u0165 gener\u00e1ciu Z na soci\u00e1lnych m\u00e9di\u00e1ch? (Martina Jelenov\u00e1) - Websupport blog","robots":{"index":"index","follow":"follow","max-snippet":"max-snippet:-1","max-image-preview":"max-image-preview:large","max-video-preview":"max-video-preview:-1"},"canonical":"https:\/\/www.websupport.sk\/blog\/2019\/10\/podcast-ako-stimulovat-generaciu-z-na-socialnych-mediach-martina-jelenova\/","og_locale":"sk_SK","og_type":"article","og_title":"PODCAST: Ako stimulova\u0165 gener\u00e1ciu Z na soci\u00e1lnych m\u00e9di\u00e1ch? (Martina Jelenov\u00e1) - Websupport blog","og_description":"Ako vn\u00edmaj\u00fa deti video obsah \u0161\u00edren\u00fd na YouTube? \u010co \u00e1no a \u010do u\u017e je cez? Kto vie zauja\u0165 a\u017e tak, \u017ee dok\u00e1\u017ee ma\u0165 viac ako 75 mili\u00f3nov zhliadnut\u00ed videa ur\u010denom pre mal\u00e9 deti? Ak vie niekto n\u00e1js\u0165 dieru na trhu a vytvori\u0165 z nej masov\u00fd o\u0161ia\u013e, tak je to jednozna\u010dne kan\u00e1l F\u00cdHA tralala. Martina Jelenov\u00e1 [&hellip;]","og_url":"https:\/\/www.websupport.sk\/blog\/2019\/10\/podcast-ako-stimulovat-generaciu-z-na-socialnych-mediach-martina-jelenova\/","og_site_name":"Websupport blog","article_published_time":"2019-10-07T12:37:42+00:00","article_modified_time":"2025-03-11T20:07:35+00:00","og_image":[{"width":1921,"height":1081,"url":"https:\/\/www.websupport.sk\/blog\/app\/uploads\/sites\/2\/2019\/05\/BP-Podcasty.jpg","type":"image\/jpeg"}],"author":"T\u00edm Websupport","twitter_card":"summary_large_image","twitter_misc":{"Autor":"T\u00edm Websupport","Predpokladan\u00fd \u010das \u010d\u00edtania":"1 min\u00fata"},"schema":{"@context":"https:\/\/schema.org","@graph":[{"@type":"Article","@id":"https:\/\/www.websupport.sk\/blog\/2019\/10\/podcast-ako-stimulovat-generaciu-z-na-socialnych-mediach-martina-jelenova\/#article","isPartOf":{"@id":"https:\/\/www.websupport.sk\/blog\/2019\/10\/podcast-ako-stimulovat-generaciu-z-na-socialnych-mediach-martina-jelenova\/"},"author":{"name":"T\u00edm Websupport","@id":"https:\/\/www.websupport.sk\/blog\/#\/schema\/person\/d3f3517a180f66130801edb710ffb6b3"},"headline":"PODCAST: Ako stimulova\u0165 gener\u00e1ciu Z na soci\u00e1lnych m\u00e9di\u00e1ch? (Martina Jelenov\u00e1)","datePublished":"2019-10-07T12:37:42+00:00","dateModified":"2025-03-11T20:07:35+00:00","mainEntityOfPage":{"@id":"https:\/\/www.websupport.sk\/blog\/2019\/10\/podcast-ako-stimulovat-generaciu-z-na-socialnych-mediach-martina-jelenova\/"},"wordCount":231,"commentCount":0,"publisher":{"@id":"https:\/\/www.websupport.sk\/blog\/#organization"},"image":{"@id":"https:\/\/www.websupport.sk\/blog\/2019\/10\/podcast-ako-stimulovat-generaciu-z-na-socialnych-mediach-martina-jelenova\/#primaryimage"},"thumbnailUrl":"https:\/\/www.websupport.sk\/blog\/app\/uploads\/sites\/2\/2019\/05\/BP-Podcasty.jpg","keywords":["content agency","deti","divadlo","marketing","podcast","soci\u00e1lne m\u00e9di\u00e1","youtube"],"articleSection":["Podcasty"],"inLanguage":"sk-SK","potentialAction":[{"@type":"CommentAction","name":"Comment","target":["https:\/\/www.websupport.sk\/blog\/2019\/10\/podcast-ako-stimulovat-generaciu-z-na-socialnych-mediach-martina-jelenova\/#respond"]}]},{"@type":"WebPage","@id":"https:\/\/www.websupport.sk\/blog\/2019\/10\/podcast-ako-stimulovat-generaciu-z-na-socialnych-mediach-martina-jelenova\/","url":"https:\/\/www.websupport.sk\/blog\/2019\/10\/podcast-ako-stimulovat-generaciu-z-na-socialnych-mediach-martina-jelenova\/","name":"PODCAST: Ako stimulova\u0165 gener\u00e1ciu Z na soci\u00e1lnych m\u00e9di\u00e1ch? (Martina Jelenov\u00e1) - Websupport blog","isPartOf":{"@id":"https:\/\/www.websupport.sk\/blog\/#website"},"primaryImageOfPage":{"@id":"https:\/\/www.websupport.sk\/blog\/2019\/10\/podcast-ako-stimulovat-generaciu-z-na-socialnych-mediach-martina-jelenova\/#primaryimage"},"image":{"@id":"https:\/\/www.websupport.sk\/blog\/2019\/10\/podcast-ako-stimulovat-generaciu-z-na-socialnych-mediach-martina-jelenova\/#primaryimage"},"thumbnailUrl":"https:\/\/www.websupport.sk\/blog\/app\/uploads\/sites\/2\/2019\/05\/BP-Podcasty.jpg","datePublished":"2019-10-07T12:37:42+00:00","dateModified":"2025-03-11T20:07:35+00:00","breadcrumb":{"@id":"https:\/\/www.websupport.sk\/blog\/2019\/10\/podcast-ako-stimulovat-generaciu-z-na-socialnych-mediach-martina-jelenova\/#breadcrumb"},"inLanguage":"sk-SK","potentialAction":[{"@type":"ReadAction","target":["https:\/\/www.websupport.sk\/blog\/2019\/10\/podcast-ako-stimulovat-generaciu-z-na-socialnych-mediach-martina-jelenova\/"]}]},{"@type":"ImageObject","inLanguage":"sk-SK","@id":"https:\/\/www.websupport.sk\/blog\/2019\/10\/podcast-ako-stimulovat-generaciu-z-na-socialnych-mediach-martina-jelenova\/#primaryimage","url":"https:\/\/www.websupport.sk\/blog\/app\/uploads\/sites\/2\/2019\/05\/BP-Podcasty.jpg","contentUrl":"https:\/\/www.websupport.sk\/blog\/app\/uploads\/sites\/2\/2019\/05\/BP-Podcasty.jpg","width":1921,"height":1081},{"@type":"BreadcrumbList","@id":"https:\/\/www.websupport.sk\/blog\/2019\/10\/podcast-ako-stimulovat-generaciu-z-na-socialnych-mediach-martina-jelenova\/#breadcrumb","itemListElement":[{"@type":"ListItem","position":1,"name":"Home","item":"https:\/\/www.websupport.sk\/blog\/"},{"@type":"ListItem","position":2,"name":"PODCAST: Ako stimulova\u0165 gener\u00e1ciu Z na soci\u00e1lnych m\u00e9di\u00e1ch? (Martina Jelenov\u00e1)"}]},{"@type":"WebSite","@id":"https:\/\/www.websupport.sk\/blog\/#website","url":"https:\/\/www.websupport.sk\/blog\/","name":"Websupport blog","description":"Websupport blog","publisher":{"@id":"https:\/\/www.websupport.sk\/blog\/#organization"},"potentialAction":[{"@type":"SearchAction","target":{"@type":"EntryPoint","urlTemplate":"https:\/\/www.websupport.sk\/blog\/?s={search_term_string}"},"query-input":{"@type":"PropertyValueSpecification","valueRequired":true,"valueName":"search_term_string"}}],"inLanguage":"sk-SK"},{"@type":"Organization","@id":"https:\/\/www.websupport.sk\/blog\/#organization","name":"Websupport","url":"https:\/\/www.websupport.sk\/blog\/","logo":{"@type":"ImageObject","inLanguage":"sk-SK","@id":"https:\/\/www.websupport.sk\/blog\/#\/schema\/logo\/image\/","url":"https:\/\/www.websupport.sk\/blog\/app\/uploads\/sites\/2\/2021\/08\/websupport-logo.svg","contentUrl":"https:\/\/www.websupport.sk\/blog\/app\/uploads\/sites\/2\/2021\/08\/websupport-logo.svg","width":153,"height":48,"caption":"Websupport"},"image":{"@id":"https:\/\/www.websupport.sk\/blog\/#\/schema\/logo\/image\/"}},{"@type":"Person","@id":"https:\/\/www.websupport.sk\/blog\/#\/schema\/person\/d3f3517a180f66130801edb710ffb6b3","name":"T\u00edm Websupport","image":{"@type":"ImageObject","inLanguage":"sk-SK","@id":"https:\/\/secure.gravatar.com\/avatar\/c69189751d452c13309d44d15907c3aa93630e0cc9e4e874e1bca01fee7ce18b?s=96&d=mm&r=g","url":"https:\/\/secure.gravatar.com\/avatar\/c69189751d452c13309d44d15907c3aa93630e0cc9e4e874e1bca01fee7ce18b?s=96&d=mm&r=g","contentUrl":"https:\/\/secure.gravatar.com\/avatar\/c69189751d452c13309d44d15907c3aa93630e0cc9e4e874e1bca01fee7ce18b?s=96&d=mm&r=g","caption":"T\u00edm Websupport"},"description":"Sme slobodn\u00e1 a otvoren\u00e1 firma. Rob\u00edme to, \u010do n\u00e1s bav\u00ed a chceme ka\u017edou na\u0161ou \u010dinnos\u0165ou pos\u00fava\u0165 \u0161tandardy vy\u0161\u0161ie.","url":"https:\/\/www.websupport.sk\/blog\/author\/admin\/"}]}},"_links":{"self":[{"href":"https:\/\/www.websupport.sk\/blog\/wp-json\/wp\/v2\/posts\/16491","targetHints":{"allow":["GET"]}}],"collection":[{"href":"https:\/\/www.websupport.sk\/blog\/wp-json\/wp\/v2\/posts"}],"about":[{"href":"https:\/\/www.websupport.sk\/blog\/wp-json\/wp\/v2\/types\/post"}],"author":[{"embeddable":true,"href":"https:\/\/www.websupport.sk\/blog\/wp-json\/wp\/v2\/users\/84"}],"replies":[{"embeddable":true,"href":"https:\/\/www.websupport.sk\/blog\/wp-json\/wp\/v2\/comments?post=16491"}],"version-history":[{"count":1,"href":"https:\/\/www.websupport.sk\/blog\/wp-json\/wp\/v2\/posts\/16491\/revisions"}],"predecessor-version":[{"id":16497,"href":"https:\/\/www.websupport.sk\/blog\/wp-json\/wp\/v2\/posts\/16491\/revisions\/16497"}],"wp:featuredmedia":[{"embeddable":true,"href":"https:\/\/www.websupport.sk\/blog\/wp-json\/wp\/v2\/media\/14863"}],"wp:attachment":[{"href":"https:\/\/www.websupport.sk\/blog\/wp-json\/wp\/v2\/media?parent=16491"}],"wp:term":[{"taxonomy":"category","embeddable":true,"href":"https:\/\/www.websupport.sk\/blog\/wp-json\/wp\/v2\/categories?post=16491"},{"taxonomy":"post_tag","embeddable":true,"href":"https:\/\/www.websupport.sk\/blog\/wp-json\/wp\/v2\/tags?post=16491"}],"curies":[{"name":"wp","href":"https:\/\/api.w.org\/{rel}","templated":true}]}}