{"id":16371,"date":"2019-10-01T16:20:02","date_gmt":"2019-10-01T14:20:02","guid":{"rendered":"https:\/\/www.websupport.sk\/blog\/?p=16371"},"modified":"2025-03-11T21:07:33","modified_gmt":"2025-03-11T20:07:33","slug":"podcast-preco-na-internete-kvitne-hejt-a-ako-sa-mu-branit-tomas-krissak","status":"publish","type":"post","link":"https:\/\/www.websupport.sk\/blog\/2019\/10\/podcast-preco-na-internete-kvitne-hejt-a-ako-sa-mu-branit-tomas-krissak\/","title":{"rendered":"PODCAST:  Pre\u010do na internete kvitne hejt a ako sa mu br\u00e1ni\u0165 (Tom\u00e1\u0161 Kri\u0161\u0161\u00e1k)"},"content":{"rendered":"<span class=\"span-reading-time rt-reading-time\" style=\"display: block;\"><span class=\"rt-label rt-prefix\"><b>Doba \u010d\u00edtania:<\/b><\/span> <span class=\"rt-time\"> 2<\/span> <span class=\"rt-label rt-postfix\">min.<\/span><\/span>\n<p>Hlavnou t\u00e9mou n\u00e1\u0161ho rozhovoru bol &#8222;hejt&#8220;. S Tom\u00e1\u0161om sme sa rozpr\u00e1vali o tom, pre\u010do je v dne\u0161nej dobe tak roz\u0161\u00edren\u00fd a hlavne, ako s hejtom bojova\u0165 a reagova\u0165 na\u0148.<\/p>\n\n\n\n<p><strong>Tom\u00e1\u0161 Kri\u0161\u0161\u00e1k<\/strong> vy\u0161tudoval politol\u00f3giu v Banskej Bystrici, kde sa venoval v\u00fdskumu vplyvu nov\u00fdch komunika\u010dn\u00fdch technol\u00f3gi\u00ed na spolo\u010dnos\u0165 a politiku. Aktu\u00e1lne pracuje v Nad\u00e1cii otvorenej spolo\u010dnosti. V r\u00e1mci aktiv\u00edt v OSF sa venuje zvy\u0161ovaniu medi\u00e1lnej gramotnosti \u0161irokej verejnosti a vytv\u00e1raniu n\u00e1strojov a strat\u00e9gi\u00ed, ktor\u00e9 maj\u00fa za cie\u013e zvy\u0161ova\u0165 kvalitu na\u0161ej infosf\u00e9ry a in\u0161tit\u00facie slobody prejavu.<\/p>\n\n\n\n<figure class=\"wp-block-embed-spotify wp-block-embed is-type-rich is-provider-spotify wp-embed-aspect-21-9 wp-has-aspect-ratio\"><div class=\"wp-block-embed__wrapper\">\nhttps:\/\/open.spotify.com\/episode\/13DryF6ZgLiEYBzK0i1TyU?si=MW2sL6GpTiKx73b158YJWw\n<\/div><\/figure>\n\n\n\n<p><strong>Vypo\u010dujte si aj \u010fal\u0161ie podcasty:<\/strong><br><img decoding=\"async\" src=\"https:\/\/www.websupport.sk\/blogoads\/sites\/2\/2019\/07\/spotify.png\"> <a href=\"https:\/\/open.spotify.com\/episode\/2fb5jAtR3AVtFfEagEkGZp\">Spotify<\/a><br><img decoding=\"async\" src=\"https:\/\/www.websupport.sk\/blogoads\/sites\/2\/2019\/07\/soundcloud.png\"> <a href=\"https:\/\/soundcloud.com\/websupport_sk\/ako-sa-rodila-myslienka-prveho-coworkingu-v-martine\">SoundCloud<\/a><br><img decoding=\"async\" src=\"https:\/\/www.websupport.sk\/blogoads\/sites\/2\/2019\/07\/podbean.png\"> <a href=\"https:\/\/websupport.podbean.com\/e\/ako-sa-rodila-myslienka-prveho-coworkingu-v-martine-vladimir-martynek-a-michal-stupak\/\">Podbean<\/a><br><img decoding=\"async\" src=\"https:\/\/www.websupport.sk\/blogoads\/sites\/2\/2019\/07\/itunes.png\" height=\"10\"> <a href=\"https:\/\/podcasts.apple.com\/gb\/podcast\/ako-sa-rodila-my%C5%A1lienka-prv%C3%A9ho-coworkingu-v-martine\/id1330141229?i=1000445553682\">iTunes<\/a><\/p>\n","protected":false},"excerpt":{"rendered":"<p>Hlavnou t\u00e9mou n\u00e1\u0161ho rozhovoru bol &#8222;hejt&#8220;. S Tom\u00e1\u0161om sme sa rozpr\u00e1vali o tom, pre\u010do je v dne\u0161nej dobe tak roz\u0161\u00edren\u00fd a hlavne, ako s hejtom bojova\u0165 a reagova\u0165 na\u0148. Tom\u00e1\u0161 Kri\u0161\u0161\u00e1k vy\u0161tudoval politol\u00f3giu v Banskej Bystrici, kde sa venoval v\u00fdskumu vplyvu nov\u00fdch komunika\u010dn\u00fdch technol\u00f3gi\u00ed na spolo\u010dnos\u0165 a politiku. Aktu\u00e1lne pracuje v Nad\u00e1cii otvorenej spolo\u010dnosti. V [&hellip;]<\/p>\n","protected":false},"author":84,"featured_media":14863,"comment_status":"open","ping_status":"open","sticky":false,"template":"","format":"standard","meta":{"footnotes":""},"categories":[1438],"tags":[1635,1638,1641,655,956],"class_list":["post-16371","post","type-post","status-publish","format-standard","has-post-thumbnail","hentry","category-podcasty","tag-dezinformacie","tag-fakenews","tag-krissak","tag-podcast","tag-websupport"],"yoast_head":"<!-- This site is optimized with the Yoast SEO plugin v27.4 - https:\/\/yoast.com\/product\/yoast-seo-wordpress\/ -->\n<title>PODCAST: Pre\u010do na internete kvitne hejt a ako sa mu br\u00e1ni\u0165 (Tom\u00e1\u0161 Kri\u0161\u0161\u00e1k) - Websupport blog<\/title>\n<meta name=\"robots\" content=\"index, follow, max-snippet:-1, max-image-preview:large, max-video-preview:-1\" \/>\n<link rel=\"canonical\" href=\"https:\/\/www.websupport.sk\/blog\/2019\/10\/podcast-preco-na-internete-kvitne-hejt-a-ako-sa-mu-branit-tomas-krissak\/\" \/>\n<meta property=\"og:locale\" content=\"sk_SK\" \/>\n<meta property=\"og:type\" content=\"article\" \/>\n<meta property=\"og:title\" content=\"PODCAST: Pre\u010do na internete kvitne hejt a ako sa mu br\u00e1ni\u0165 (Tom\u00e1\u0161 Kri\u0161\u0161\u00e1k) - Websupport blog\" \/>\n<meta property=\"og:description\" content=\"Hlavnou t\u00e9mou n\u00e1\u0161ho rozhovoru bol &#8222;hejt&#8220;. S Tom\u00e1\u0161om sme sa rozpr\u00e1vali o tom, pre\u010do je v dne\u0161nej dobe tak roz\u0161\u00edren\u00fd a hlavne, ako s hejtom bojova\u0165 a reagova\u0165 na\u0148. Tom\u00e1\u0161 Kri\u0161\u0161\u00e1k vy\u0161tudoval politol\u00f3giu v Banskej Bystrici, kde sa venoval v\u00fdskumu vplyvu nov\u00fdch komunika\u010dn\u00fdch technol\u00f3gi\u00ed na spolo\u010dnos\u0165 a politiku. Aktu\u00e1lne pracuje v Nad\u00e1cii otvorenej spolo\u010dnosti. V [&hellip;]\" \/>\n<meta property=\"og:url\" content=\"https:\/\/www.websupport.sk\/blog\/2019\/10\/podcast-preco-na-internete-kvitne-hejt-a-ako-sa-mu-branit-tomas-krissak\/\" \/>\n<meta property=\"og:site_name\" content=\"Websupport blog\" \/>\n<meta property=\"article:published_time\" content=\"2019-10-01T14:20:02+00:00\" \/>\n<meta property=\"article:modified_time\" content=\"2025-03-11T20:07:33+00:00\" \/>\n<meta property=\"og:image\" content=\"https:\/\/www.websupport.sk\/blog\/app\/uploads\/sites\/2\/2019\/05\/BP-Podcasty.jpg\" \/>\n\t<meta property=\"og:image:width\" content=\"1921\" \/>\n\t<meta property=\"og:image:height\" content=\"1081\" \/>\n\t<meta property=\"og:image:type\" content=\"image\/jpeg\" \/>\n<meta name=\"author\" content=\"T\u00edm Websupport\" \/>\n<meta name=\"twitter:card\" content=\"summary_large_image\" \/>\n<meta name=\"twitter:label1\" content=\"Autor\" \/>\n\t<meta name=\"twitter:data1\" content=\"T\u00edm Websupport\" \/>\n\t<meta name=\"twitter:label2\" content=\"Predpokladan\u00fd \u010das \u010d\u00edtania\" \/>\n\t<meta name=\"twitter:data2\" content=\"1 min\u00fata\" \/>\n<script type=\"application\/ld+json\" class=\"yoast-schema-graph\">{\"@context\":\"https:\\\/\\\/schema.org\",\"@graph\":[{\"@type\":\"Article\",\"@id\":\"https:\\\/\\\/www.websupport.sk\\\/blog\\\/2019\\\/10\\\/podcast-preco-na-internete-kvitne-hejt-a-ako-sa-mu-branit-tomas-krissak\\\/#article\",\"isPartOf\":{\"@id\":\"https:\\\/\\\/www.websupport.sk\\\/blog\\\/2019\\\/10\\\/podcast-preco-na-internete-kvitne-hejt-a-ako-sa-mu-branit-tomas-krissak\\\/\"},\"author\":{\"name\":\"T\u00edm Websupport\",\"@id\":\"https:\\\/\\\/www.websupport.sk\\\/blog\\\/#\\\/schema\\\/person\\\/d3f3517a180f66130801edb710ffb6b3\"},\"headline\":\"PODCAST: Pre\u010do na internete kvitne hejt a ako sa mu br\u00e1ni\u0165 (Tom\u00e1\u0161 Kri\u0161\u0161\u00e1k)\",\"datePublished\":\"2019-10-01T14:20:02+00:00\",\"dateModified\":\"2025-03-11T20:07:33+00:00\",\"mainEntityOfPage\":{\"@id\":\"https:\\\/\\\/www.websupport.sk\\\/blog\\\/2019\\\/10\\\/podcast-preco-na-internete-kvitne-hejt-a-ako-sa-mu-branit-tomas-krissak\\\/\"},\"wordCount\":156,\"commentCount\":0,\"publisher\":{\"@id\":\"https:\\\/\\\/www.websupport.sk\\\/blog\\\/#organization\"},\"image\":{\"@id\":\"https:\\\/\\\/www.websupport.sk\\\/blog\\\/2019\\\/10\\\/podcast-preco-na-internete-kvitne-hejt-a-ako-sa-mu-branit-tomas-krissak\\\/#primaryimage\"},\"thumbnailUrl\":\"https:\\\/\\\/www.websupport.sk\\\/blog\\\/app\\\/uploads\\\/sites\\\/2\\\/2019\\\/05\\\/BP-Podcasty.jpg\",\"keywords\":[\"dezinformacie\",\"fakenews\",\"krissak\",\"podcast\",\"websupport\"],\"articleSection\":[\"Podcasty\"],\"inLanguage\":\"sk-SK\",\"potentialAction\":[{\"@type\":\"CommentAction\",\"name\":\"Comment\",\"target\":[\"https:\\\/\\\/www.websupport.sk\\\/blog\\\/2019\\\/10\\\/podcast-preco-na-internete-kvitne-hejt-a-ako-sa-mu-branit-tomas-krissak\\\/#respond\"]}]},{\"@type\":\"WebPage\",\"@id\":\"https:\\\/\\\/www.websupport.sk\\\/blog\\\/2019\\\/10\\\/podcast-preco-na-internete-kvitne-hejt-a-ako-sa-mu-branit-tomas-krissak\\\/\",\"url\":\"https:\\\/\\\/www.websupport.sk\\\/blog\\\/2019\\\/10\\\/podcast-preco-na-internete-kvitne-hejt-a-ako-sa-mu-branit-tomas-krissak\\\/\",\"name\":\"PODCAST: Pre\u010do na internete kvitne hejt a ako sa mu br\u00e1ni\u0165 (Tom\u00e1\u0161 Kri\u0161\u0161\u00e1k) - Websupport blog\",\"isPartOf\":{\"@id\":\"https:\\\/\\\/www.websupport.sk\\\/blog\\\/#website\"},\"primaryImageOfPage\":{\"@id\":\"https:\\\/\\\/www.websupport.sk\\\/blog\\\/2019\\\/10\\\/podcast-preco-na-internete-kvitne-hejt-a-ako-sa-mu-branit-tomas-krissak\\\/#primaryimage\"},\"image\":{\"@id\":\"https:\\\/\\\/www.websupport.sk\\\/blog\\\/2019\\\/10\\\/podcast-preco-na-internete-kvitne-hejt-a-ako-sa-mu-branit-tomas-krissak\\\/#primaryimage\"},\"thumbnailUrl\":\"https:\\\/\\\/www.websupport.sk\\\/blog\\\/app\\\/uploads\\\/sites\\\/2\\\/2019\\\/05\\\/BP-Podcasty.jpg\",\"datePublished\":\"2019-10-01T14:20:02+00:00\",\"dateModified\":\"2025-03-11T20:07:33+00:00\",\"breadcrumb\":{\"@id\":\"https:\\\/\\\/www.websupport.sk\\\/blog\\\/2019\\\/10\\\/podcast-preco-na-internete-kvitne-hejt-a-ako-sa-mu-branit-tomas-krissak\\\/#breadcrumb\"},\"inLanguage\":\"sk-SK\",\"potentialAction\":[{\"@type\":\"ReadAction\",\"target\":[\"https:\\\/\\\/www.websupport.sk\\\/blog\\\/2019\\\/10\\\/podcast-preco-na-internete-kvitne-hejt-a-ako-sa-mu-branit-tomas-krissak\\\/\"]}]},{\"@type\":\"ImageObject\",\"inLanguage\":\"sk-SK\",\"@id\":\"https:\\\/\\\/www.websupport.sk\\\/blog\\\/2019\\\/10\\\/podcast-preco-na-internete-kvitne-hejt-a-ako-sa-mu-branit-tomas-krissak\\\/#primaryimage\",\"url\":\"https:\\\/\\\/www.websupport.sk\\\/blog\\\/app\\\/uploads\\\/sites\\\/2\\\/2019\\\/05\\\/BP-Podcasty.jpg\",\"contentUrl\":\"https:\\\/\\\/www.websupport.sk\\\/blog\\\/app\\\/uploads\\\/sites\\\/2\\\/2019\\\/05\\\/BP-Podcasty.jpg\",\"width\":1921,\"height\":1081},{\"@type\":\"BreadcrumbList\",\"@id\":\"https:\\\/\\\/www.websupport.sk\\\/blog\\\/2019\\\/10\\\/podcast-preco-na-internete-kvitne-hejt-a-ako-sa-mu-branit-tomas-krissak\\\/#breadcrumb\",\"itemListElement\":[{\"@type\":\"ListItem\",\"position\":1,\"name\":\"Home\",\"item\":\"https:\\\/\\\/www.websupport.sk\\\/blog\\\/\"},{\"@type\":\"ListItem\",\"position\":2,\"name\":\"PODCAST: Pre\u010do na internete kvitne hejt a ako sa mu br\u00e1ni\u0165 (Tom\u00e1\u0161 Kri\u0161\u0161\u00e1k)\"}]},{\"@type\":\"WebSite\",\"@id\":\"https:\\\/\\\/www.websupport.sk\\\/blog\\\/#website\",\"url\":\"https:\\\/\\\/www.websupport.sk\\\/blog\\\/\",\"name\":\"Websupport blog\",\"description\":\"Websupport blog\",\"publisher\":{\"@id\":\"https:\\\/\\\/www.websupport.sk\\\/blog\\\/#organization\"},\"potentialAction\":[{\"@type\":\"SearchAction\",\"target\":{\"@type\":\"EntryPoint\",\"urlTemplate\":\"https:\\\/\\\/www.websupport.sk\\\/blog\\\/?s={search_term_string}\"},\"query-input\":{\"@type\":\"PropertyValueSpecification\",\"valueRequired\":true,\"valueName\":\"search_term_string\"}}],\"inLanguage\":\"sk-SK\"},{\"@type\":\"Organization\",\"@id\":\"https:\\\/\\\/www.websupport.sk\\\/blog\\\/#organization\",\"name\":\"Websupport\",\"url\":\"https:\\\/\\\/www.websupport.sk\\\/blog\\\/\",\"logo\":{\"@type\":\"ImageObject\",\"inLanguage\":\"sk-SK\",\"@id\":\"https:\\\/\\\/www.websupport.sk\\\/blog\\\/#\\\/schema\\\/logo\\\/image\\\/\",\"url\":\"https:\\\/\\\/www.websupport.sk\\\/blog\\\/app\\\/uploads\\\/sites\\\/2\\\/2021\\\/08\\\/websupport-logo.svg\",\"contentUrl\":\"https:\\\/\\\/www.websupport.sk\\\/blog\\\/app\\\/uploads\\\/sites\\\/2\\\/2021\\\/08\\\/websupport-logo.svg\",\"width\":153,\"height\":48,\"caption\":\"Websupport\"},\"image\":{\"@id\":\"https:\\\/\\\/www.websupport.sk\\\/blog\\\/#\\\/schema\\\/logo\\\/image\\\/\"}},{\"@type\":\"Person\",\"@id\":\"https:\\\/\\\/www.websupport.sk\\\/blog\\\/#\\\/schema\\\/person\\\/d3f3517a180f66130801edb710ffb6b3\",\"name\":\"T\u00edm Websupport\",\"image\":{\"@type\":\"ImageObject\",\"inLanguage\":\"sk-SK\",\"@id\":\"https:\\\/\\\/secure.gravatar.com\\\/avatar\\\/c69189751d452c13309d44d15907c3aa93630e0cc9e4e874e1bca01fee7ce18b?s=96&d=mm&r=g\",\"url\":\"https:\\\/\\\/secure.gravatar.com\\\/avatar\\\/c69189751d452c13309d44d15907c3aa93630e0cc9e4e874e1bca01fee7ce18b?s=96&d=mm&r=g\",\"contentUrl\":\"https:\\\/\\\/secure.gravatar.com\\\/avatar\\\/c69189751d452c13309d44d15907c3aa93630e0cc9e4e874e1bca01fee7ce18b?s=96&d=mm&r=g\",\"caption\":\"T\u00edm Websupport\"},\"description\":\"Sme slobodn\u00e1 a otvoren\u00e1 firma. Rob\u00edme to, \u010do n\u00e1s bav\u00ed a chceme ka\u017edou na\u0161ou \u010dinnos\u0165ou pos\u00fava\u0165 \u0161tandardy vy\u0161\u0161ie.\",\"url\":\"https:\\\/\\\/www.websupport.sk\\\/blog\\\/author\\\/admin\\\/\"}]}<\/script>\n<!-- \/ Yoast SEO plugin. -->","yoast_head_json":{"title":"PODCAST: Pre\u010do na internete kvitne hejt a ako sa mu br\u00e1ni\u0165 (Tom\u00e1\u0161 Kri\u0161\u0161\u00e1k) - Websupport blog","robots":{"index":"index","follow":"follow","max-snippet":"max-snippet:-1","max-image-preview":"max-image-preview:large","max-video-preview":"max-video-preview:-1"},"canonical":"https:\/\/www.websupport.sk\/blog\/2019\/10\/podcast-preco-na-internete-kvitne-hejt-a-ako-sa-mu-branit-tomas-krissak\/","og_locale":"sk_SK","og_type":"article","og_title":"PODCAST: Pre\u010do na internete kvitne hejt a ako sa mu br\u00e1ni\u0165 (Tom\u00e1\u0161 Kri\u0161\u0161\u00e1k) - Websupport blog","og_description":"Hlavnou t\u00e9mou n\u00e1\u0161ho rozhovoru bol &#8222;hejt&#8220;. S Tom\u00e1\u0161om sme sa rozpr\u00e1vali o tom, pre\u010do je v dne\u0161nej dobe tak roz\u0161\u00edren\u00fd a hlavne, ako s hejtom bojova\u0165 a reagova\u0165 na\u0148. Tom\u00e1\u0161 Kri\u0161\u0161\u00e1k vy\u0161tudoval politol\u00f3giu v Banskej Bystrici, kde sa venoval v\u00fdskumu vplyvu nov\u00fdch komunika\u010dn\u00fdch technol\u00f3gi\u00ed na spolo\u010dnos\u0165 a politiku. Aktu\u00e1lne pracuje v Nad\u00e1cii otvorenej spolo\u010dnosti. V [&hellip;]","og_url":"https:\/\/www.websupport.sk\/blog\/2019\/10\/podcast-preco-na-internete-kvitne-hejt-a-ako-sa-mu-branit-tomas-krissak\/","og_site_name":"Websupport blog","article_published_time":"2019-10-01T14:20:02+00:00","article_modified_time":"2025-03-11T20:07:33+00:00","og_image":[{"width":1921,"height":1081,"url":"https:\/\/www.websupport.sk\/blog\/app\/uploads\/sites\/2\/2019\/05\/BP-Podcasty.jpg","type":"image\/jpeg"}],"author":"T\u00edm Websupport","twitter_card":"summary_large_image","twitter_misc":{"Autor":"T\u00edm Websupport","Predpokladan\u00fd \u010das \u010d\u00edtania":"1 min\u00fata"},"schema":{"@context":"https:\/\/schema.org","@graph":[{"@type":"Article","@id":"https:\/\/www.websupport.sk\/blog\/2019\/10\/podcast-preco-na-internete-kvitne-hejt-a-ako-sa-mu-branit-tomas-krissak\/#article","isPartOf":{"@id":"https:\/\/www.websupport.sk\/blog\/2019\/10\/podcast-preco-na-internete-kvitne-hejt-a-ako-sa-mu-branit-tomas-krissak\/"},"author":{"name":"T\u00edm Websupport","@id":"https:\/\/www.websupport.sk\/blog\/#\/schema\/person\/d3f3517a180f66130801edb710ffb6b3"},"headline":"PODCAST: Pre\u010do na internete kvitne hejt a ako sa mu br\u00e1ni\u0165 (Tom\u00e1\u0161 Kri\u0161\u0161\u00e1k)","datePublished":"2019-10-01T14:20:02+00:00","dateModified":"2025-03-11T20:07:33+00:00","mainEntityOfPage":{"@id":"https:\/\/www.websupport.sk\/blog\/2019\/10\/podcast-preco-na-internete-kvitne-hejt-a-ako-sa-mu-branit-tomas-krissak\/"},"wordCount":156,"commentCount":0,"publisher":{"@id":"https:\/\/www.websupport.sk\/blog\/#organization"},"image":{"@id":"https:\/\/www.websupport.sk\/blog\/2019\/10\/podcast-preco-na-internete-kvitne-hejt-a-ako-sa-mu-branit-tomas-krissak\/#primaryimage"},"thumbnailUrl":"https:\/\/www.websupport.sk\/blog\/app\/uploads\/sites\/2\/2019\/05\/BP-Podcasty.jpg","keywords":["dezinformacie","fakenews","krissak","podcast","websupport"],"articleSection":["Podcasty"],"inLanguage":"sk-SK","potentialAction":[{"@type":"CommentAction","name":"Comment","target":["https:\/\/www.websupport.sk\/blog\/2019\/10\/podcast-preco-na-internete-kvitne-hejt-a-ako-sa-mu-branit-tomas-krissak\/#respond"]}]},{"@type":"WebPage","@id":"https:\/\/www.websupport.sk\/blog\/2019\/10\/podcast-preco-na-internete-kvitne-hejt-a-ako-sa-mu-branit-tomas-krissak\/","url":"https:\/\/www.websupport.sk\/blog\/2019\/10\/podcast-preco-na-internete-kvitne-hejt-a-ako-sa-mu-branit-tomas-krissak\/","name":"PODCAST: Pre\u010do na internete kvitne hejt a ako sa mu br\u00e1ni\u0165 (Tom\u00e1\u0161 Kri\u0161\u0161\u00e1k) - Websupport blog","isPartOf":{"@id":"https:\/\/www.websupport.sk\/blog\/#website"},"primaryImageOfPage":{"@id":"https:\/\/www.websupport.sk\/blog\/2019\/10\/podcast-preco-na-internete-kvitne-hejt-a-ako-sa-mu-branit-tomas-krissak\/#primaryimage"},"image":{"@id":"https:\/\/www.websupport.sk\/blog\/2019\/10\/podcast-preco-na-internete-kvitne-hejt-a-ako-sa-mu-branit-tomas-krissak\/#primaryimage"},"thumbnailUrl":"https:\/\/www.websupport.sk\/blog\/app\/uploads\/sites\/2\/2019\/05\/BP-Podcasty.jpg","datePublished":"2019-10-01T14:20:02+00:00","dateModified":"2025-03-11T20:07:33+00:00","breadcrumb":{"@id":"https:\/\/www.websupport.sk\/blog\/2019\/10\/podcast-preco-na-internete-kvitne-hejt-a-ako-sa-mu-branit-tomas-krissak\/#breadcrumb"},"inLanguage":"sk-SK","potentialAction":[{"@type":"ReadAction","target":["https:\/\/www.websupport.sk\/blog\/2019\/10\/podcast-preco-na-internete-kvitne-hejt-a-ako-sa-mu-branit-tomas-krissak\/"]}]},{"@type":"ImageObject","inLanguage":"sk-SK","@id":"https:\/\/www.websupport.sk\/blog\/2019\/10\/podcast-preco-na-internete-kvitne-hejt-a-ako-sa-mu-branit-tomas-krissak\/#primaryimage","url":"https:\/\/www.websupport.sk\/blog\/app\/uploads\/sites\/2\/2019\/05\/BP-Podcasty.jpg","contentUrl":"https:\/\/www.websupport.sk\/blog\/app\/uploads\/sites\/2\/2019\/05\/BP-Podcasty.jpg","width":1921,"height":1081},{"@type":"BreadcrumbList","@id":"https:\/\/www.websupport.sk\/blog\/2019\/10\/podcast-preco-na-internete-kvitne-hejt-a-ako-sa-mu-branit-tomas-krissak\/#breadcrumb","itemListElement":[{"@type":"ListItem","position":1,"name":"Home","item":"https:\/\/www.websupport.sk\/blog\/"},{"@type":"ListItem","position":2,"name":"PODCAST: Pre\u010do na internete kvitne hejt a ako sa mu br\u00e1ni\u0165 (Tom\u00e1\u0161 Kri\u0161\u0161\u00e1k)"}]},{"@type":"WebSite","@id":"https:\/\/www.websupport.sk\/blog\/#website","url":"https:\/\/www.websupport.sk\/blog\/","name":"Websupport blog","description":"Websupport blog","publisher":{"@id":"https:\/\/www.websupport.sk\/blog\/#organization"},"potentialAction":[{"@type":"SearchAction","target":{"@type":"EntryPoint","urlTemplate":"https:\/\/www.websupport.sk\/blog\/?s={search_term_string}"},"query-input":{"@type":"PropertyValueSpecification","valueRequired":true,"valueName":"search_term_string"}}],"inLanguage":"sk-SK"},{"@type":"Organization","@id":"https:\/\/www.websupport.sk\/blog\/#organization","name":"Websupport","url":"https:\/\/www.websupport.sk\/blog\/","logo":{"@type":"ImageObject","inLanguage":"sk-SK","@id":"https:\/\/www.websupport.sk\/blog\/#\/schema\/logo\/image\/","url":"https:\/\/www.websupport.sk\/blog\/app\/uploads\/sites\/2\/2021\/08\/websupport-logo.svg","contentUrl":"https:\/\/www.websupport.sk\/blog\/app\/uploads\/sites\/2\/2021\/08\/websupport-logo.svg","width":153,"height":48,"caption":"Websupport"},"image":{"@id":"https:\/\/www.websupport.sk\/blog\/#\/schema\/logo\/image\/"}},{"@type":"Person","@id":"https:\/\/www.websupport.sk\/blog\/#\/schema\/person\/d3f3517a180f66130801edb710ffb6b3","name":"T\u00edm Websupport","image":{"@type":"ImageObject","inLanguage":"sk-SK","@id":"https:\/\/secure.gravatar.com\/avatar\/c69189751d452c13309d44d15907c3aa93630e0cc9e4e874e1bca01fee7ce18b?s=96&d=mm&r=g","url":"https:\/\/secure.gravatar.com\/avatar\/c69189751d452c13309d44d15907c3aa93630e0cc9e4e874e1bca01fee7ce18b?s=96&d=mm&r=g","contentUrl":"https:\/\/secure.gravatar.com\/avatar\/c69189751d452c13309d44d15907c3aa93630e0cc9e4e874e1bca01fee7ce18b?s=96&d=mm&r=g","caption":"T\u00edm Websupport"},"description":"Sme slobodn\u00e1 a otvoren\u00e1 firma. Rob\u00edme to, \u010do n\u00e1s bav\u00ed a chceme ka\u017edou na\u0161ou \u010dinnos\u0165ou pos\u00fava\u0165 \u0161tandardy vy\u0161\u0161ie.","url":"https:\/\/www.websupport.sk\/blog\/author\/admin\/"}]}},"_links":{"self":[{"href":"https:\/\/www.websupport.sk\/blog\/wp-json\/wp\/v2\/posts\/16371","targetHints":{"allow":["GET"]}}],"collection":[{"href":"https:\/\/www.websupport.sk\/blog\/wp-json\/wp\/v2\/posts"}],"about":[{"href":"https:\/\/www.websupport.sk\/blog\/wp-json\/wp\/v2\/types\/post"}],"author":[{"embeddable":true,"href":"https:\/\/www.websupport.sk\/blog\/wp-json\/wp\/v2\/users\/84"}],"replies":[{"embeddable":true,"href":"https:\/\/www.websupport.sk\/blog\/wp-json\/wp\/v2\/comments?post=16371"}],"version-history":[{"count":2,"href":"https:\/\/www.websupport.sk\/blog\/wp-json\/wp\/v2\/posts\/16371\/revisions"}],"predecessor-version":[{"id":16380,"href":"https:\/\/www.websupport.sk\/blog\/wp-json\/wp\/v2\/posts\/16371\/revisions\/16380"}],"wp:featuredmedia":[{"embeddable":true,"href":"https:\/\/www.websupport.sk\/blog\/wp-json\/wp\/v2\/media\/14863"}],"wp:attachment":[{"href":"https:\/\/www.websupport.sk\/blog\/wp-json\/wp\/v2\/media?parent=16371"}],"wp:term":[{"taxonomy":"category","embeddable":true,"href":"https:\/\/www.websupport.sk\/blog\/wp-json\/wp\/v2\/categories?post=16371"},{"taxonomy":"post_tag","embeddable":true,"href":"https:\/\/www.websupport.sk\/blog\/wp-json\/wp\/v2\/tags?post=16371"}],"curies":[{"name":"wp","href":"https:\/\/api.w.org\/{rel}","templated":true}]}}