{"id":15223,"date":"2019-06-21T15:38:51","date_gmt":"2019-06-21T13:38:51","guid":{"rendered":"https:\/\/www.websupport.sk\/blog\/?p=15223"},"modified":"2025-03-11T21:07:32","modified_gmt":"2025-03-11T20:07:32","slug":"podcast-ako-sa-zo-slovenska-stava-digitalna-krajina","status":"publish","type":"post","link":"https:\/\/www.websupport.sk\/blog\/2019\/06\/podcast-ako-sa-zo-slovenska-stava-digitalna-krajina\/","title":{"rendered":"PODCAST: Ako sa zo Slovenska st\u00e1va digit\u00e1lna krajina?"},"content":{"rendered":"<span class=\"span-reading-time rt-reading-time\" style=\"display: block;\"><span class=\"rt-label rt-prefix\"><b>Doba \u010d\u00edtania:<\/b><\/span> <span class=\"rt-time\"> 2<\/span> <span class=\"rt-label rt-postfix\">min.<\/span><\/span>\n<p>Inov\u00e1cie v s\u00fakromnom sektore s\u00fa poh\u00e1\u0148an\u00e9 neust\u00e1lym tlakom konkurencie. Digitaliz\u00e1ciu a moderniz\u00e1ciu si v\u0161ak vy\u017eaduje aj na\u0161e hospod\u00e1rstvo a \u0161t\u00e1tna spr\u00e1va. V progres\u00edvnych krajin\u00e1ch u\u017e dnes n\u00e1jdete centr\u00e1 digit\u00e1lnych inov\u00e1ci\u00ed, n\u00e1rodn\u00e9 superpo\u010d\u00edta\u010dov\u00e9 centr\u00e1 \u010di \u0161pecializovan\u00e9 centr\u00e1 pre v\u00fdskum umelej inteligencie, kybernetickej bezpe\u010dnosti a technol\u00f3gi\u00ed blockchain. Mnoh\u00e9 uveden\u00e9 inov\u00e1cie s\u00fa s\u00fa\u010das\u0165ou Strat\u00e9gie digit\u00e1lnej transform\u00e1cie Slovenska 2030. <\/p>\n\n\n\n<p><strong>Jana Novohradsk\u00e1<\/strong> je konzultantkou \u00daradu podpredsedu vl\u00e1dy SR pre invest\u00edcie a informatiz\u00e1ciu. Vy\u0161tudovala pr\u00e1vo na Univerzite Komensk\u00e9ho v Bratislave a Financial Computing na UCL v Lond\u00fdne. Svoju kari\u00e9ru od\u0161tartovala v Barclays Capital ako analyti\u010dka, nesk\u00f4r pre\u0161la do Citi Group na poz\u00edciu asistentky viceprezidenta. Pracovala v Bank of America Merill Lynch, kde navrhovala procesy digit\u00e1lnej transform\u00e1cie. <\/p>\n\n\n\n<figure class=\"wp-block-image\"><img loading=\"lazy\" decoding=\"async\" width=\"1100\" height=\"825\" src=\"https:\/\/www.websupport.sk\/blogoads\/sites\/2\/2019\/06\/IMG_2351-1100x825.jpg\" alt=\"\" class=\"wp-image-15226\" srcset=\"https:\/\/www.websupport.sk\/blog\/app\/uploads\/sites\/2\/2019\/06\/IMG_2351-1100x825.jpg 1100w, https:\/\/www.websupport.sk\/blog\/app\/uploads\/sites\/2\/2019\/06\/IMG_2351-300x225.jpg 300w, https:\/\/www.websupport.sk\/blog\/app\/uploads\/sites\/2\/2019\/06\/IMG_2351-768x576.jpg 768w, https:\/\/www.websupport.sk\/blog\/app\/uploads\/sites\/2\/2019\/06\/IMG_2351-1920x1440.jpg 1920w, https:\/\/www.websupport.sk\/blog\/app\/uploads\/sites\/2\/2019\/06\/IMG_2351-1680x1260.jpg 1680w, https:\/\/www.websupport.sk\/blog\/app\/uploads\/sites\/2\/2019\/06\/IMG_2351-1240x930.jpg 1240w, https:\/\/www.websupport.sk\/blog\/app\/uploads\/sites\/2\/2019\/06\/IMG_2351-860x645.jpg 860w, https:\/\/www.websupport.sk\/blog\/app\/uploads\/sites\/2\/2019\/06\/IMG_2351-680x510.jpg 680w, https:\/\/www.websupport.sk\/blog\/app\/uploads\/sites\/2\/2019\/06\/IMG_2351-500x375.jpg 500w, https:\/\/www.websupport.sk\/blog\/app\/uploads\/sites\/2\/2019\/06\/IMG_2351-400x300.jpg 400w, https:\/\/www.websupport.sk\/blog\/app\/uploads\/sites\/2\/2019\/06\/IMG_2351-250x188.jpg 250w, https:\/\/www.websupport.sk\/blog\/app\/uploads\/sites\/2\/2019\/06\/IMG_2351-200x150.jpg 200w, https:\/\/www.websupport.sk\/blog\/app\/uploads\/sites\/2\/2019\/06\/IMG_2351-100x75.jpg 100w, https:\/\/www.websupport.sk\/blog\/app\/uploads\/sites\/2\/2019\/06\/IMG_2351-76x57.jpg 76w, https:\/\/www.websupport.sk\/blog\/app\/uploads\/sites\/2\/2019\/06\/IMG_2351-50x38.jpg 50w\" sizes=\"auto, (max-width: 1100px) 100vw, 1100px\" \/><figcaption> Mirka Uhnak (Mini Tech MBA for Women) a Jana Novohradsk\u00e1 (\u00daPPVII)<\/figcaption><\/figure>\n\n\n\n<p>Jej \u0161pecializ\u00e1cia na inov\u00e1cie a umel\u00fa inteligenciu ju priviedli z Lond\u00fdna sp\u00e4\u0165 na Slovensko, kde sa v r\u00e1mci \u00daPPVII venuje digit\u00e1lnej transform\u00e1cii verejn\u00e9ho sektora.  <br><\/p>\n\n\n\n<p><strong>V rozhovore sa okrem in\u00e9ho dozviete:<\/strong><br><br>&#8211;  ako sa Jana dostala od pr\u00e1vnickej poz\u00edcie do v\u00fdskumn\u00e9ho oddelenia v bankovom sektore <br>&#8211; \u010do pre \u0148u bola najn\u00e1ro\u010dnej\u0161ia sk\u00fa\u0161ka v IT v bankovom sektore<br>&#8211; ako sa kolegovia v investi\u010dnej banke spr\u00e1vali k \u017een\u00e1m<br>&#8211; pre\u010do chce Jana p\u00f4sobi\u0165 v \u0161t\u00e1tnej spr\u00e1ve<br>&#8211; v \u010dom vid\u00ed Jana 2 hlavn\u00e9 v\u00fdhody technol\u00f3gi\u00ed<br>&#8211; ak\u00e9 je rie\u0161enie pre udr\u017eanie talentovan\u00fdch \u013eud\u00ed na Slovensku \/ v E\u00da<br>&#8211; ak\u00e9 s\u00fa hlavn\u00e9 ciele Strat\u00e9gie 2030 a ak\u00fdm sp\u00f4sobom sa m\u00f4\u017ee zapoji\u0165 verejnos\u0165<br>&#8211; ak\u00e9 je umiestnenie a hodnotenie Slovenska v r\u00e1mci E\u00da \u0161trukt\u00far a indexov<br>&#8211; ak\u00fd vz\u0165ah maj\u00fa Slov\u00e1ci k vzdel\u00e1vaniu a z\u00edskavaniu inform\u00e1ci\u00ed<br>&#8211; ako bude vyzera\u0165 be\u017en\u00fd de\u0148 ob\u010dana v roku 2030<br>&#8211; ak\u00e9 s\u00fa tipy na \u010deskoslovensk\u00e9 vizion\u00e1rske filmy zo 60.-70. rokov<br>&#8211; pre\u010do je potrebn\u00e9 technick\u00e9 vzdelanie, ak s\u00fa soft skills a kreativita \u017eiadan\u00e9 schopnosti bud\u00facnosti<br>&#8211; ako by Jana smerovala politiku zav\u00e1dzania technol\u00f3gi\u00ed vo\u010di verejnosti<br>&#8211; \u010do br\u00e1ni pr\u00ednosn\u00e9mu zav\u00e1dzaniu technol\u00f3gi\u00ed<\/p>\n\n\n\n<p><strong>Vyberte si svoju ob\u013e\u00faben\u00fa platformu:<\/strong><\/p>\n\n\n\n<p><a href=\"https:\/\/open.spotify.com\/episode\/5bhJt46EGJycEB8PCUWE8i\">Spotify<\/a><br><a href=\"https:\/\/soundcloud.com\/websupport_sk\/ako-sa-zo-slovenska-stava-digitalna-krajina-jana-novohradska\">SoundCloud<\/a><br><a href=\"https:\/\/websupport.podbean.com\/e\/ako-sa-zo-slovenska-stava-digitalna-krajina-jana-novohradska\/\">Podbean<\/a><br><a href=\"https:\/\/podcasts.apple.com\/gb\/podcast\/ako-sa-zo-slovenska-st%C3%A1va-digit%C3%A1lna-krajina-jana-novohradsk%C3%A1\/id1330141229?i=1000442028663\">iTunes<\/a><\/p>\n\n\n\n<p>Ak m\u00e1te z\u00e1ujem z\u00fa\u010dastni\u0165 sa \u010fal\u0161ieho eventu zo s\u00e9rie <strong>Nie som technick\u00fd typ<\/strong>, sledujte n\u00e1s na <a href=\"https:\/\/www.facebook.com\/WebSupport.sk\/?\">Facebooku<\/a>. <\/p>\n","protected":false},"excerpt":{"rendered":"<p>Inov\u00e1cie v s\u00fakromnom sektore s\u00fa poh\u00e1\u0148an\u00e9 neust\u00e1lym tlakom konkurencie. Digitaliz\u00e1ciu a moderniz\u00e1ciu si v\u0161ak vy\u017eaduje aj na\u0161e hospod\u00e1rstvo a \u0161t\u00e1tna spr\u00e1va. V progres\u00edvnych krajin\u00e1ch u\u017e dnes n\u00e1jdete centr\u00e1 digit\u00e1lnych inov\u00e1ci\u00ed, n\u00e1rodn\u00e9 superpo\u010d\u00edta\u010dov\u00e9 centr\u00e1 \u010di \u0161pecializovan\u00e9 centr\u00e1 pre v\u00fdskum umelej inteligencie, kybernetickej bezpe\u010dnosti a technol\u00f3gi\u00ed blockchain. Mnoh\u00e9 uveden\u00e9 inov\u00e1cie s\u00fa s\u00fa\u010das\u0165ou Strat\u00e9gie digit\u00e1lnej transform\u00e1cie Slovenska 2030. [&hellip;]<\/p>\n","protected":false},"author":84,"featured_media":14863,"comment_status":"closed","ping_status":"open","sticky":false,"template":"","format":"standard","meta":{"footnotes":""},"categories":[1438],"tags":[1396,1405,1408,840],"class_list":["post-15223","post","type-post","status-publish","format-standard","has-post-thumbnail","hentry","category-podcasty","tag-digitalizacia","tag-statna-sprava","tag-strategia-2030","tag-technologie"],"yoast_head":"<!-- This site is optimized with the Yoast SEO plugin v27.4 - https:\/\/yoast.com\/product\/yoast-seo-wordpress\/ -->\n<title>PODCAST: Ako sa zo Slovenska st\u00e1va digit\u00e1lna krajina? - Websupport blog<\/title>\n<meta name=\"robots\" content=\"index, follow, max-snippet:-1, max-image-preview:large, max-video-preview:-1\" \/>\n<link rel=\"canonical\" href=\"https:\/\/www.websupport.sk\/blog\/2019\/06\/podcast-ako-sa-zo-slovenska-stava-digitalna-krajina\/\" \/>\n<meta property=\"og:locale\" content=\"sk_SK\" \/>\n<meta property=\"og:type\" content=\"article\" \/>\n<meta property=\"og:title\" content=\"PODCAST: Ako sa zo Slovenska st\u00e1va digit\u00e1lna krajina? - Websupport blog\" \/>\n<meta property=\"og:description\" content=\"Inov\u00e1cie v s\u00fakromnom sektore s\u00fa poh\u00e1\u0148an\u00e9 neust\u00e1lym tlakom konkurencie. Digitaliz\u00e1ciu a moderniz\u00e1ciu si v\u0161ak vy\u017eaduje aj na\u0161e hospod\u00e1rstvo a \u0161t\u00e1tna spr\u00e1va. V progres\u00edvnych krajin\u00e1ch u\u017e dnes n\u00e1jdete centr\u00e1 digit\u00e1lnych inov\u00e1ci\u00ed, n\u00e1rodn\u00e9 superpo\u010d\u00edta\u010dov\u00e9 centr\u00e1 \u010di \u0161pecializovan\u00e9 centr\u00e1 pre v\u00fdskum umelej inteligencie, kybernetickej bezpe\u010dnosti a technol\u00f3gi\u00ed blockchain. Mnoh\u00e9 uveden\u00e9 inov\u00e1cie s\u00fa s\u00fa\u010das\u0165ou Strat\u00e9gie digit\u00e1lnej transform\u00e1cie Slovenska 2030. [&hellip;]\" \/>\n<meta property=\"og:url\" content=\"https:\/\/www.websupport.sk\/blog\/2019\/06\/podcast-ako-sa-zo-slovenska-stava-digitalna-krajina\/\" \/>\n<meta property=\"og:site_name\" content=\"Websupport blog\" \/>\n<meta property=\"article:published_time\" content=\"2019-06-21T13:38:51+00:00\" \/>\n<meta property=\"article:modified_time\" content=\"2025-03-11T20:07:32+00:00\" \/>\n<meta property=\"og:image\" content=\"https:\/\/www.websupport.sk\/blog\/app\/uploads\/sites\/2\/2019\/05\/BP-Podcasty.jpg\" \/>\n\t<meta property=\"og:image:width\" content=\"1921\" \/>\n\t<meta property=\"og:image:height\" content=\"1081\" \/>\n\t<meta property=\"og:image:type\" content=\"image\/jpeg\" \/>\n<meta name=\"author\" content=\"T\u00edm Websupport\" \/>\n<meta name=\"twitter:card\" content=\"summary_large_image\" \/>\n<meta name=\"twitter:label1\" content=\"Autor\" \/>\n\t<meta name=\"twitter:data1\" content=\"T\u00edm Websupport\" \/>\n\t<meta name=\"twitter:label2\" content=\"Predpokladan\u00fd \u010das \u010d\u00edtania\" \/>\n\t<meta name=\"twitter:data2\" content=\"2 min\u00faty\" \/>\n<script type=\"application\/ld+json\" class=\"yoast-schema-graph\">{\"@context\":\"https:\\\/\\\/schema.org\",\"@graph\":[{\"@type\":\"Article\",\"@id\":\"https:\\\/\\\/www.websupport.sk\\\/blog\\\/2019\\\/06\\\/podcast-ako-sa-zo-slovenska-stava-digitalna-krajina\\\/#article\",\"isPartOf\":{\"@id\":\"https:\\\/\\\/www.websupport.sk\\\/blog\\\/2019\\\/06\\\/podcast-ako-sa-zo-slovenska-stava-digitalna-krajina\\\/\"},\"author\":{\"name\":\"T\u00edm Websupport\",\"@id\":\"https:\\\/\\\/www.websupport.sk\\\/blog\\\/#\\\/schema\\\/person\\\/d3f3517a180f66130801edb710ffb6b3\"},\"headline\":\"PODCAST: Ako sa zo Slovenska st\u00e1va digit\u00e1lna krajina?\",\"datePublished\":\"2019-06-21T13:38:51+00:00\",\"dateModified\":\"2025-03-11T20:07:32+00:00\",\"mainEntityOfPage\":{\"@id\":\"https:\\\/\\\/www.websupport.sk\\\/blog\\\/2019\\\/06\\\/podcast-ako-sa-zo-slovenska-stava-digitalna-krajina\\\/\"},\"wordCount\":433,\"publisher\":{\"@id\":\"https:\\\/\\\/www.websupport.sk\\\/blog\\\/#organization\"},\"image\":{\"@id\":\"https:\\\/\\\/www.websupport.sk\\\/blog\\\/2019\\\/06\\\/podcast-ako-sa-zo-slovenska-stava-digitalna-krajina\\\/#primaryimage\"},\"thumbnailUrl\":\"https:\\\/\\\/www.websupport.sk\\\/blog\\\/app\\\/uploads\\\/sites\\\/2\\\/2019\\\/05\\\/BP-Podcasty.jpg\",\"keywords\":[\"digitaliz\u00e1cia\",\"\u0161t\u00e1tna spr\u00e1va\",\"Strat\u00e9gia 2030\",\"technologie\"],\"articleSection\":[\"Podcasty\"],\"inLanguage\":\"sk-SK\"},{\"@type\":\"WebPage\",\"@id\":\"https:\\\/\\\/www.websupport.sk\\\/blog\\\/2019\\\/06\\\/podcast-ako-sa-zo-slovenska-stava-digitalna-krajina\\\/\",\"url\":\"https:\\\/\\\/www.websupport.sk\\\/blog\\\/2019\\\/06\\\/podcast-ako-sa-zo-slovenska-stava-digitalna-krajina\\\/\",\"name\":\"PODCAST: Ako sa zo Slovenska st\u00e1va digit\u00e1lna krajina? - Websupport blog\",\"isPartOf\":{\"@id\":\"https:\\\/\\\/www.websupport.sk\\\/blog\\\/#website\"},\"primaryImageOfPage\":{\"@id\":\"https:\\\/\\\/www.websupport.sk\\\/blog\\\/2019\\\/06\\\/podcast-ako-sa-zo-slovenska-stava-digitalna-krajina\\\/#primaryimage\"},\"image\":{\"@id\":\"https:\\\/\\\/www.websupport.sk\\\/blog\\\/2019\\\/06\\\/podcast-ako-sa-zo-slovenska-stava-digitalna-krajina\\\/#primaryimage\"},\"thumbnailUrl\":\"https:\\\/\\\/www.websupport.sk\\\/blog\\\/app\\\/uploads\\\/sites\\\/2\\\/2019\\\/05\\\/BP-Podcasty.jpg\",\"datePublished\":\"2019-06-21T13:38:51+00:00\",\"dateModified\":\"2025-03-11T20:07:32+00:00\",\"breadcrumb\":{\"@id\":\"https:\\\/\\\/www.websupport.sk\\\/blog\\\/2019\\\/06\\\/podcast-ako-sa-zo-slovenska-stava-digitalna-krajina\\\/#breadcrumb\"},\"inLanguage\":\"sk-SK\",\"potentialAction\":[{\"@type\":\"ReadAction\",\"target\":[\"https:\\\/\\\/www.websupport.sk\\\/blog\\\/2019\\\/06\\\/podcast-ako-sa-zo-slovenska-stava-digitalna-krajina\\\/\"]}]},{\"@type\":\"ImageObject\",\"inLanguage\":\"sk-SK\",\"@id\":\"https:\\\/\\\/www.websupport.sk\\\/blog\\\/2019\\\/06\\\/podcast-ako-sa-zo-slovenska-stava-digitalna-krajina\\\/#primaryimage\",\"url\":\"https:\\\/\\\/www.websupport.sk\\\/blog\\\/app\\\/uploads\\\/sites\\\/2\\\/2019\\\/05\\\/BP-Podcasty.jpg\",\"contentUrl\":\"https:\\\/\\\/www.websupport.sk\\\/blog\\\/app\\\/uploads\\\/sites\\\/2\\\/2019\\\/05\\\/BP-Podcasty.jpg\",\"width\":1921,\"height\":1081},{\"@type\":\"BreadcrumbList\",\"@id\":\"https:\\\/\\\/www.websupport.sk\\\/blog\\\/2019\\\/06\\\/podcast-ako-sa-zo-slovenska-stava-digitalna-krajina\\\/#breadcrumb\",\"itemListElement\":[{\"@type\":\"ListItem\",\"position\":1,\"name\":\"Home\",\"item\":\"https:\\\/\\\/www.websupport.sk\\\/blog\\\/\"},{\"@type\":\"ListItem\",\"position\":2,\"name\":\"PODCAST: Ako sa zo Slovenska st\u00e1va digit\u00e1lna krajina?\"}]},{\"@type\":\"WebSite\",\"@id\":\"https:\\\/\\\/www.websupport.sk\\\/blog\\\/#website\",\"url\":\"https:\\\/\\\/www.websupport.sk\\\/blog\\\/\",\"name\":\"Websupport blog\",\"description\":\"Websupport blog\",\"publisher\":{\"@id\":\"https:\\\/\\\/www.websupport.sk\\\/blog\\\/#organization\"},\"potentialAction\":[{\"@type\":\"SearchAction\",\"target\":{\"@type\":\"EntryPoint\",\"urlTemplate\":\"https:\\\/\\\/www.websupport.sk\\\/blog\\\/?s={search_term_string}\"},\"query-input\":{\"@type\":\"PropertyValueSpecification\",\"valueRequired\":true,\"valueName\":\"search_term_string\"}}],\"inLanguage\":\"sk-SK\"},{\"@type\":\"Organization\",\"@id\":\"https:\\\/\\\/www.websupport.sk\\\/blog\\\/#organization\",\"name\":\"Websupport\",\"url\":\"https:\\\/\\\/www.websupport.sk\\\/blog\\\/\",\"logo\":{\"@type\":\"ImageObject\",\"inLanguage\":\"sk-SK\",\"@id\":\"https:\\\/\\\/www.websupport.sk\\\/blog\\\/#\\\/schema\\\/logo\\\/image\\\/\",\"url\":\"https:\\\/\\\/www.websupport.sk\\\/blog\\\/app\\\/uploads\\\/sites\\\/2\\\/2021\\\/08\\\/websupport-logo.svg\",\"contentUrl\":\"https:\\\/\\\/www.websupport.sk\\\/blog\\\/app\\\/uploads\\\/sites\\\/2\\\/2021\\\/08\\\/websupport-logo.svg\",\"width\":153,\"height\":48,\"caption\":\"Websupport\"},\"image\":{\"@id\":\"https:\\\/\\\/www.websupport.sk\\\/blog\\\/#\\\/schema\\\/logo\\\/image\\\/\"}},{\"@type\":\"Person\",\"@id\":\"https:\\\/\\\/www.websupport.sk\\\/blog\\\/#\\\/schema\\\/person\\\/d3f3517a180f66130801edb710ffb6b3\",\"name\":\"T\u00edm Websupport\",\"image\":{\"@type\":\"ImageObject\",\"inLanguage\":\"sk-SK\",\"@id\":\"https:\\\/\\\/secure.gravatar.com\\\/avatar\\\/c69189751d452c13309d44d15907c3aa93630e0cc9e4e874e1bca01fee7ce18b?s=96&d=mm&r=g\",\"url\":\"https:\\\/\\\/secure.gravatar.com\\\/avatar\\\/c69189751d452c13309d44d15907c3aa93630e0cc9e4e874e1bca01fee7ce18b?s=96&d=mm&r=g\",\"contentUrl\":\"https:\\\/\\\/secure.gravatar.com\\\/avatar\\\/c69189751d452c13309d44d15907c3aa93630e0cc9e4e874e1bca01fee7ce18b?s=96&d=mm&r=g\",\"caption\":\"T\u00edm Websupport\"},\"description\":\"Sme slobodn\u00e1 a otvoren\u00e1 firma. Rob\u00edme to, \u010do n\u00e1s bav\u00ed a chceme ka\u017edou na\u0161ou \u010dinnos\u0165ou pos\u00fava\u0165 \u0161tandardy vy\u0161\u0161ie.\",\"url\":\"https:\\\/\\\/www.websupport.sk\\\/blog\\\/author\\\/admin\\\/\"}]}<\/script>\n<!-- \/ Yoast SEO plugin. -->","yoast_head_json":{"title":"PODCAST: Ako sa zo Slovenska st\u00e1va digit\u00e1lna krajina? - Websupport blog","robots":{"index":"index","follow":"follow","max-snippet":"max-snippet:-1","max-image-preview":"max-image-preview:large","max-video-preview":"max-video-preview:-1"},"canonical":"https:\/\/www.websupport.sk\/blog\/2019\/06\/podcast-ako-sa-zo-slovenska-stava-digitalna-krajina\/","og_locale":"sk_SK","og_type":"article","og_title":"PODCAST: Ako sa zo Slovenska st\u00e1va digit\u00e1lna krajina? - Websupport blog","og_description":"Inov\u00e1cie v s\u00fakromnom sektore s\u00fa poh\u00e1\u0148an\u00e9 neust\u00e1lym tlakom konkurencie. Digitaliz\u00e1ciu a moderniz\u00e1ciu si v\u0161ak vy\u017eaduje aj na\u0161e hospod\u00e1rstvo a \u0161t\u00e1tna spr\u00e1va. V progres\u00edvnych krajin\u00e1ch u\u017e dnes n\u00e1jdete centr\u00e1 digit\u00e1lnych inov\u00e1ci\u00ed, n\u00e1rodn\u00e9 superpo\u010d\u00edta\u010dov\u00e9 centr\u00e1 \u010di \u0161pecializovan\u00e9 centr\u00e1 pre v\u00fdskum umelej inteligencie, kybernetickej bezpe\u010dnosti a technol\u00f3gi\u00ed blockchain. Mnoh\u00e9 uveden\u00e9 inov\u00e1cie s\u00fa s\u00fa\u010das\u0165ou Strat\u00e9gie digit\u00e1lnej transform\u00e1cie Slovenska 2030. [&hellip;]","og_url":"https:\/\/www.websupport.sk\/blog\/2019\/06\/podcast-ako-sa-zo-slovenska-stava-digitalna-krajina\/","og_site_name":"Websupport blog","article_published_time":"2019-06-21T13:38:51+00:00","article_modified_time":"2025-03-11T20:07:32+00:00","og_image":[{"width":1921,"height":1081,"url":"https:\/\/www.websupport.sk\/blog\/app\/uploads\/sites\/2\/2019\/05\/BP-Podcasty.jpg","type":"image\/jpeg"}],"author":"T\u00edm Websupport","twitter_card":"summary_large_image","twitter_misc":{"Autor":"T\u00edm Websupport","Predpokladan\u00fd \u010das \u010d\u00edtania":"2 min\u00faty"},"schema":{"@context":"https:\/\/schema.org","@graph":[{"@type":"Article","@id":"https:\/\/www.websupport.sk\/blog\/2019\/06\/podcast-ako-sa-zo-slovenska-stava-digitalna-krajina\/#article","isPartOf":{"@id":"https:\/\/www.websupport.sk\/blog\/2019\/06\/podcast-ako-sa-zo-slovenska-stava-digitalna-krajina\/"},"author":{"name":"T\u00edm Websupport","@id":"https:\/\/www.websupport.sk\/blog\/#\/schema\/person\/d3f3517a180f66130801edb710ffb6b3"},"headline":"PODCAST: Ako sa zo Slovenska st\u00e1va digit\u00e1lna krajina?","datePublished":"2019-06-21T13:38:51+00:00","dateModified":"2025-03-11T20:07:32+00:00","mainEntityOfPage":{"@id":"https:\/\/www.websupport.sk\/blog\/2019\/06\/podcast-ako-sa-zo-slovenska-stava-digitalna-krajina\/"},"wordCount":433,"publisher":{"@id":"https:\/\/www.websupport.sk\/blog\/#organization"},"image":{"@id":"https:\/\/www.websupport.sk\/blog\/2019\/06\/podcast-ako-sa-zo-slovenska-stava-digitalna-krajina\/#primaryimage"},"thumbnailUrl":"https:\/\/www.websupport.sk\/blog\/app\/uploads\/sites\/2\/2019\/05\/BP-Podcasty.jpg","keywords":["digitaliz\u00e1cia","\u0161t\u00e1tna spr\u00e1va","Strat\u00e9gia 2030","technologie"],"articleSection":["Podcasty"],"inLanguage":"sk-SK"},{"@type":"WebPage","@id":"https:\/\/www.websupport.sk\/blog\/2019\/06\/podcast-ako-sa-zo-slovenska-stava-digitalna-krajina\/","url":"https:\/\/www.websupport.sk\/blog\/2019\/06\/podcast-ako-sa-zo-slovenska-stava-digitalna-krajina\/","name":"PODCAST: Ako sa zo Slovenska st\u00e1va digit\u00e1lna krajina? - Websupport blog","isPartOf":{"@id":"https:\/\/www.websupport.sk\/blog\/#website"},"primaryImageOfPage":{"@id":"https:\/\/www.websupport.sk\/blog\/2019\/06\/podcast-ako-sa-zo-slovenska-stava-digitalna-krajina\/#primaryimage"},"image":{"@id":"https:\/\/www.websupport.sk\/blog\/2019\/06\/podcast-ako-sa-zo-slovenska-stava-digitalna-krajina\/#primaryimage"},"thumbnailUrl":"https:\/\/www.websupport.sk\/blog\/app\/uploads\/sites\/2\/2019\/05\/BP-Podcasty.jpg","datePublished":"2019-06-21T13:38:51+00:00","dateModified":"2025-03-11T20:07:32+00:00","breadcrumb":{"@id":"https:\/\/www.websupport.sk\/blog\/2019\/06\/podcast-ako-sa-zo-slovenska-stava-digitalna-krajina\/#breadcrumb"},"inLanguage":"sk-SK","potentialAction":[{"@type":"ReadAction","target":["https:\/\/www.websupport.sk\/blog\/2019\/06\/podcast-ako-sa-zo-slovenska-stava-digitalna-krajina\/"]}]},{"@type":"ImageObject","inLanguage":"sk-SK","@id":"https:\/\/www.websupport.sk\/blog\/2019\/06\/podcast-ako-sa-zo-slovenska-stava-digitalna-krajina\/#primaryimage","url":"https:\/\/www.websupport.sk\/blog\/app\/uploads\/sites\/2\/2019\/05\/BP-Podcasty.jpg","contentUrl":"https:\/\/www.websupport.sk\/blog\/app\/uploads\/sites\/2\/2019\/05\/BP-Podcasty.jpg","width":1921,"height":1081},{"@type":"BreadcrumbList","@id":"https:\/\/www.websupport.sk\/blog\/2019\/06\/podcast-ako-sa-zo-slovenska-stava-digitalna-krajina\/#breadcrumb","itemListElement":[{"@type":"ListItem","position":1,"name":"Home","item":"https:\/\/www.websupport.sk\/blog\/"},{"@type":"ListItem","position":2,"name":"PODCAST: Ako sa zo Slovenska st\u00e1va digit\u00e1lna krajina?"}]},{"@type":"WebSite","@id":"https:\/\/www.websupport.sk\/blog\/#website","url":"https:\/\/www.websupport.sk\/blog\/","name":"Websupport blog","description":"Websupport blog","publisher":{"@id":"https:\/\/www.websupport.sk\/blog\/#organization"},"potentialAction":[{"@type":"SearchAction","target":{"@type":"EntryPoint","urlTemplate":"https:\/\/www.websupport.sk\/blog\/?s={search_term_string}"},"query-input":{"@type":"PropertyValueSpecification","valueRequired":true,"valueName":"search_term_string"}}],"inLanguage":"sk-SK"},{"@type":"Organization","@id":"https:\/\/www.websupport.sk\/blog\/#organization","name":"Websupport","url":"https:\/\/www.websupport.sk\/blog\/","logo":{"@type":"ImageObject","inLanguage":"sk-SK","@id":"https:\/\/www.websupport.sk\/blog\/#\/schema\/logo\/image\/","url":"https:\/\/www.websupport.sk\/blog\/app\/uploads\/sites\/2\/2021\/08\/websupport-logo.svg","contentUrl":"https:\/\/www.websupport.sk\/blog\/app\/uploads\/sites\/2\/2021\/08\/websupport-logo.svg","width":153,"height":48,"caption":"Websupport"},"image":{"@id":"https:\/\/www.websupport.sk\/blog\/#\/schema\/logo\/image\/"}},{"@type":"Person","@id":"https:\/\/www.websupport.sk\/blog\/#\/schema\/person\/d3f3517a180f66130801edb710ffb6b3","name":"T\u00edm Websupport","image":{"@type":"ImageObject","inLanguage":"sk-SK","@id":"https:\/\/secure.gravatar.com\/avatar\/c69189751d452c13309d44d15907c3aa93630e0cc9e4e874e1bca01fee7ce18b?s=96&d=mm&r=g","url":"https:\/\/secure.gravatar.com\/avatar\/c69189751d452c13309d44d15907c3aa93630e0cc9e4e874e1bca01fee7ce18b?s=96&d=mm&r=g","contentUrl":"https:\/\/secure.gravatar.com\/avatar\/c69189751d452c13309d44d15907c3aa93630e0cc9e4e874e1bca01fee7ce18b?s=96&d=mm&r=g","caption":"T\u00edm Websupport"},"description":"Sme slobodn\u00e1 a otvoren\u00e1 firma. Rob\u00edme to, \u010do n\u00e1s bav\u00ed a chceme ka\u017edou na\u0161ou \u010dinnos\u0165ou pos\u00fava\u0165 \u0161tandardy vy\u0161\u0161ie.","url":"https:\/\/www.websupport.sk\/blog\/author\/admin\/"}]}},"_links":{"self":[{"href":"https:\/\/www.websupport.sk\/blog\/wp-json\/wp\/v2\/posts\/15223","targetHints":{"allow":["GET"]}}],"collection":[{"href":"https:\/\/www.websupport.sk\/blog\/wp-json\/wp\/v2\/posts"}],"about":[{"href":"https:\/\/www.websupport.sk\/blog\/wp-json\/wp\/v2\/types\/post"}],"author":[{"embeddable":true,"href":"https:\/\/www.websupport.sk\/blog\/wp-json\/wp\/v2\/users\/84"}],"replies":[{"embeddable":true,"href":"https:\/\/www.websupport.sk\/blog\/wp-json\/wp\/v2\/comments?post=15223"}],"version-history":[{"count":3,"href":"https:\/\/www.websupport.sk\/blog\/wp-json\/wp\/v2\/posts\/15223\/revisions"}],"predecessor-version":[{"id":15235,"href":"https:\/\/www.websupport.sk\/blog\/wp-json\/wp\/v2\/posts\/15223\/revisions\/15235"}],"wp:featuredmedia":[{"embeddable":true,"href":"https:\/\/www.websupport.sk\/blog\/wp-json\/wp\/v2\/media\/14863"}],"wp:attachment":[{"href":"https:\/\/www.websupport.sk\/blog\/wp-json\/wp\/v2\/media?parent=15223"}],"wp:term":[{"taxonomy":"category","embeddable":true,"href":"https:\/\/www.websupport.sk\/blog\/wp-json\/wp\/v2\/categories?post=15223"},{"taxonomy":"post_tag","embeddable":true,"href":"https:\/\/www.websupport.sk\/blog\/wp-json\/wp\/v2\/tags?post=15223"}],"curies":[{"name":"wp","href":"https:\/\/api.w.org\/{rel}","templated":true}]}}