{"id":14436,"date":"2019-04-22T14:23:50","date_gmt":"2019-04-22T12:23:50","guid":{"rendered":"https:\/\/www.websupport.sk\/blog\/?p=14436"},"modified":"2025-03-11T21:07:30","modified_gmt":"2025-03-11T20:07:30","slug":"preco-by-ste-mali-ist-na-kosicky-wordcamp","status":"publish","type":"post","link":"https:\/\/www.websupport.sk\/blog\/2019\/04\/preco-by-ste-mali-ist-na-kosicky-wordcamp\/","title":{"rendered":"Pre\u010do by ste mali \u00eds\u0165 na ko\u0161ick\u00fd WordCamp?"},"content":{"rendered":"<span class=\"span-reading-time rt-reading-time\" style=\"display: block;\"><span class=\"rt-label rt-prefix\"><b>Doba \u010d\u00edtania:<\/b><\/span> <span class=\"rt-time\"> 2<\/span> <span class=\"rt-label rt-postfix\">min.<\/span><\/span>\n<p>Aj tento rok 11. m\u00e1ja sa uskuto\u010dn\u00ed <a rel=\"noreferrer noopener\" aria-label=\"WordCamp Ko\u0161ice (otvor\u00ed sa v novej karte)\" href=\"https:\/\/2019.kosice.wordcamp.org\/\" target=\"_blank\">WordCamp Ko\u0161ice.<\/a> V priestoroch kni\u017enice <strong>Technickej univerzity<\/strong> odznej\u00fa p\u00fatav\u00e9 predn\u00e1\u0161ky a pr\u00edbehy sp\u00edkrov spojen\u00fdch s WordPressom ale aj online marketingom, brand-buildingom alebo napr\u00edklad webdizajnom.<\/p>\n\n\n\n<p>#wcke2019 je skvelou pr\u00edle\u017eitos\u0165ou osvoji\u0165 si nov\u00e9 poznatky nielen o tomto fenomen\u00e1lnom syst\u00e9me, ale i online marketingu, social media strategy, UX a mnoho \u010fal\u0161ieho. Na\u0161i sp\u00edkri sa s tebou podelia o svoje sk\u00fasenosti, pribehy, know-how ale aj o svojich probl\u00e9moch v ich ceste IT svetom.<\/p>\n\n\n\n<h2 class=\"wp-block-heading\">Nezme\u0161kajte &#8222;websuppor\u0165\u00e1kov&#8220;<\/h2>\n\n\n\n<p>Na tohtoro\u010dnom WordCampe vyst\u00fapia aj na\u0161i dvaja kolegovia, dizajn\u00e9r Peter P\u00f3\u0161a a produktov\u00fd mana\u017e\u00e9r Karol V\u00f6r\u00f6s. T\u00e9mou ich predn\u00e1\u0161ok bude \u0161k\u00e1lovate\u013enos\u0165 v r\u00e1mci dizajnu a d\u00f4le\u017eitos\u0165 prekladov WordPress-u a jeho roz\u0161\u00edren\u00ed. <\/p>\n\n\n\n<h2 class=\"wp-block-heading\">Mysl\u00ed\u0161 na \u0161k\u00e1lovatelnos\u0165? \u2013 Atomic design v praxi<\/h2>\n\n\n\n<p>Aj dizajn\u00e9ri maj\u00fa svoj priestor na ko\u0161ickom WordCampe. Predstavte si, \u017ee pr\u00e1ve odovzd\u00e1vate dizajn rozsiahlej aplik\u00e1cie. Na posledn\u00fa chv\u00ed\u013eu v\u00e1m v\u0161ak pr\u00edde po\u017eiadavka od klienta alebo devel-u na zmenu jedn\u00e9ho objektu, ktor\u00fd sa zobrazuje na ka\u017edom jednom screene. C\u00edtite ako dizajn\u00e9r ten tlak? Ten pocit bezn\u00e1dejnosti prech\u00e1dza\u0165 ka\u017ed\u00fd jeden screen, upravova\u0165 jeden po druhom a pritom neporu\u0161i\u0165 \u201cpixel perfect\u201d koncepciu? Nebolo by skvel\u00e9 urobi\u0165 zmenu hromadne na jednom centr\u00e1lnom mieste? O tejto t\u00e9me porozpr\u00e1va n\u00e1\u0161 dvorn\u00fd dizajn\u00e9r Peter P\u00f3\u0161a. <br><\/p>\n\n\n\n<h2 class=\"wp-block-heading\">Slovensk\u00e9 preklady WordPress<\/h2>\n\n\n\n<p>Karol V\u00f6r\u00f6s, n\u00e1\u0161 produktov\u00fd mana\u017e\u00e9r a locale manager slovenskej lokaliz\u00e1cie WordPress v\u00e1m uk\u00e1\u017ee, ako sa tvoria slovensk\u00e9 preklady WordPress-u a ako m\u00f4\u017eete prispie\u0165 aj vy. Do prekladania WordPress-u sa toti\u017e m\u00f4\u017ee zapoji\u0165 \u00faplne ka\u017ed\u00fd, kedyko\u013evek a odkia\u013eko\u013evek. Nezme\u0161kajte t\u00fato predn\u00e1\u0161ku. <\/p>\n\n\n\n<figure class=\"wp-block-embed-youtube wp-block-embed is-type-video is-provider-youtube wp-embed-aspect-16-9 wp-has-aspect-ratio\"><div class=\"wp-block-embed__wrapper\">\n<iframe loading=\"lazy\" title=\"Takto to vyzer\u00e1, ke\u010f opust\u00edme pohodlie na\u0161ich kancel\u00e1ri\u00ed | WebSupport VLOG #3\" width=\"580\" height=\"326\" src=\"https:\/\/www.youtube.com\/embed\/0qRLb5eGxJ4?feature=oembed\" frameborder=\"0\" allow=\"accelerometer; autoplay; clipboard-write; encrypted-media; gyroscope; picture-in-picture; web-share\" referrerpolicy=\"strict-origin-when-cross-origin\" allowfullscreen><\/iframe>\n<\/div><figcaption>Pozrite si vlog z na\u0161ej Roadshow 2018<\/figcaption><\/figure>\n\n\n\n<p>Celkovo sa m\u00f4\u017eete te\u0161i\u0165 na 8 predn\u00e1\u0161ok, ktor\u00e9 bud\u00fa nabit\u00e9 hodnotn\u00fdmi inform\u00e1ciami a know-how od \u013eud\u00ed z praxe. To v\u0161etko doplnen\u00e9 o 3 praktick\u00e9 workshopy, tak\u017ee sa ur\u010dite je na \u010do te\u0161i\u0165. <\/p>\n\n\n\n<p>T\u00e9my, o ktor\u00fdch bud\u00fa sp\u00edkri na #wcke2019 hovori\u0165, s\u00fa z oblasti <strong>web dizajnu<\/strong>, <strong>programovania<\/strong>, <strong>blogovania<\/strong>, <strong>UX<\/strong> ale aj <strong>marketingu<\/strong>, <strong>SEO<\/strong>, <strong>brand-buildingu<\/strong>, &nbsp;jednoducho o v\u0161etkom, \u010do sa t\u00fdka WordPress-u a webov\u00fdch projektov.\u201c , uviedli organiz\u00e1tori tejto IT konferencie. Program si m\u00f4\u017eete pozrie\u0165 na tomto <a href=\"https:\/\/2019.kosice.wordcamp.org\/schedule\/\ufeff\" target=\"_blank\" rel=\"noreferrer noopener\" aria-label=\"odkaze (otvor\u00ed sa v novej karte)\">odkaze<\/a>.<\/p>\n\n\n\n<p>WordCamp Ko\u0161ice &#8211; #wcke2019 je skvelou pr\u00edle\u017eitos\u0165ou spozna\u0165 komunitu zap\u00e1len\u00fdch \u013eud\u00ed a zdie\u013ea\u0165 svoje sk\u00fasenosti s \u010fal\u0161\u00edmi nad\u0161encami. Osvoj\u00edte si nov\u00e9 poznatky o tomto fenomen\u00e1lnom syst\u00e9me, porad\u00edte sa o svojich probl\u00e9moch, dozviete sa o trendoch vo svete IT a web projektov.<\/p>\n\n\n\n<p><br><\/p>\n","protected":false},"excerpt":{"rendered":"<p>Aj tento rok 11. m\u00e1ja sa uskuto\u010dn\u00ed WordCamp Ko\u0161ice. V priestoroch kni\u017enice Technickej univerzity odznej\u00fa p\u00fatav\u00e9 predn\u00e1\u0161ky a pr\u00edbehy sp\u00edkrov spojen\u00fdch s WordPressom ale aj online marketingom, brand-buildingom alebo napr\u00edklad webdizajnom. #wcke2019 je skvelou pr\u00edle\u017eitos\u0165ou osvoji\u0165 si nov\u00e9 poznatky nielen o tomto fenomen\u00e1lnom syst\u00e9me, ale i online marketingu, social media strategy, UX a mnoho \u010fal\u0161ieho. [&hellip;]<\/p>\n","protected":false},"author":84,"featured_media":14553,"comment_status":"closed","ping_status":"open","sticky":false,"template":"","format":"standard","meta":{"footnotes":""},"categories":[10,11],"tags":[1329,1320,1326,1197,956,1317],"class_list":["post-14436","post","type-post","status-publish","format-standard","has-post-thumbnail","hentry","category-vzdelavanie-2","category-zakulisie","tag-karol-voros","tag-kosice","tag-peter-posa","tag-prednasky","tag-websupport","tag-wordcamp"],"yoast_head":"<!-- This site is optimized with the Yoast SEO plugin v27.4 - https:\/\/yoast.com\/product\/yoast-seo-wordpress\/ -->\n<title>Pre\u010do by ste mali \u00eds\u0165 na ko\u0161ick\u00fd WordCamp? - Websupport blog<\/title>\n<meta name=\"robots\" content=\"index, follow, max-snippet:-1, max-image-preview:large, max-video-preview:-1\" \/>\n<link rel=\"canonical\" href=\"https:\/\/www.websupport.sk\/blog\/2019\/04\/preco-by-ste-mali-ist-na-kosicky-wordcamp\/\" \/>\n<meta property=\"og:locale\" content=\"sk_SK\" \/>\n<meta property=\"og:type\" content=\"article\" \/>\n<meta property=\"og:title\" content=\"Pre\u010do by ste mali \u00eds\u0165 na ko\u0161ick\u00fd WordCamp? - Websupport blog\" \/>\n<meta property=\"og:description\" content=\"Aj tento rok 11. m\u00e1ja sa uskuto\u010dn\u00ed WordCamp Ko\u0161ice. V priestoroch kni\u017enice Technickej univerzity odznej\u00fa p\u00fatav\u00e9 predn\u00e1\u0161ky a pr\u00edbehy sp\u00edkrov spojen\u00fdch s WordPressom ale aj online marketingom, brand-buildingom alebo napr\u00edklad webdizajnom. #wcke2019 je skvelou pr\u00edle\u017eitos\u0165ou osvoji\u0165 si nov\u00e9 poznatky nielen o tomto fenomen\u00e1lnom syst\u00e9me, ale i online marketingu, social media strategy, UX a mnoho \u010fal\u0161ieho. [&hellip;]\" \/>\n<meta property=\"og:url\" content=\"https:\/\/www.websupport.sk\/blog\/2019\/04\/preco-by-ste-mali-ist-na-kosicky-wordcamp\/\" \/>\n<meta property=\"og:site_name\" content=\"Websupport blog\" \/>\n<meta property=\"article:published_time\" content=\"2019-04-22T12:23:50+00:00\" \/>\n<meta property=\"article:modified_time\" content=\"2025-03-11T20:07:30+00:00\" \/>\n<meta property=\"og:image\" content=\"https:\/\/www.websupport.sk\/blog\/app\/uploads\/sites\/2\/2019\/04\/Sni\u0301mka-obrazovky-2019-04-25-o-10.09.35.png\" \/>\n\t<meta property=\"og:image:width\" content=\"2874\" \/>\n\t<meta property=\"og:image:height\" content=\"1272\" \/>\n\t<meta property=\"og:image:type\" content=\"image\/png\" \/>\n<meta name=\"author\" content=\"T\u00edm Websupport\" \/>\n<meta name=\"twitter:card\" content=\"summary_large_image\" \/>\n<meta name=\"twitter:label1\" content=\"Autor\" \/>\n\t<meta name=\"twitter:data1\" content=\"T\u00edm Websupport\" \/>\n\t<meta name=\"twitter:label2\" content=\"Predpokladan\u00fd \u010das \u010d\u00edtania\" \/>\n\t<meta name=\"twitter:data2\" content=\"2 min\u00faty\" \/>\n<script type=\"application\/ld+json\" class=\"yoast-schema-graph\">{\"@context\":\"https:\\\/\\\/schema.org\",\"@graph\":[{\"@type\":\"Article\",\"@id\":\"https:\\\/\\\/www.websupport.sk\\\/blog\\\/2019\\\/04\\\/preco-by-ste-mali-ist-na-kosicky-wordcamp\\\/#article\",\"isPartOf\":{\"@id\":\"https:\\\/\\\/www.websupport.sk\\\/blog\\\/2019\\\/04\\\/preco-by-ste-mali-ist-na-kosicky-wordcamp\\\/\"},\"author\":{\"name\":\"T\u00edm Websupport\",\"@id\":\"https:\\\/\\\/www.websupport.sk\\\/blog\\\/#\\\/schema\\\/person\\\/d3f3517a180f66130801edb710ffb6b3\"},\"headline\":\"Pre\u010do by ste mali \u00eds\u0165 na ko\u0161ick\u00fd WordCamp?\",\"datePublished\":\"2019-04-22T12:23:50+00:00\",\"dateModified\":\"2025-03-11T20:07:30+00:00\",\"mainEntityOfPage\":{\"@id\":\"https:\\\/\\\/www.websupport.sk\\\/blog\\\/2019\\\/04\\\/preco-by-ste-mali-ist-na-kosicky-wordcamp\\\/\"},\"wordCount\":486,\"publisher\":{\"@id\":\"https:\\\/\\\/www.websupport.sk\\\/blog\\\/#organization\"},\"image\":{\"@id\":\"https:\\\/\\\/www.websupport.sk\\\/blog\\\/2019\\\/04\\\/preco-by-ste-mali-ist-na-kosicky-wordcamp\\\/#primaryimage\"},\"thumbnailUrl\":\"https:\\\/\\\/www.websupport.sk\\\/blog\\\/app\\\/uploads\\\/sites\\\/2\\\/2019\\\/04\\\/wcke-bp.jpg\",\"keywords\":[\"karol voros\",\"kosice\",\"peter posa\",\"predn\u00e1\u0161ky\",\"websupport\",\"wordcamp\"],\"articleSection\":[\"Vzdel\u00e1vanie\",\"Z\u00e1kulisie\"],\"inLanguage\":\"sk-SK\"},{\"@type\":\"WebPage\",\"@id\":\"https:\\\/\\\/www.websupport.sk\\\/blog\\\/2019\\\/04\\\/preco-by-ste-mali-ist-na-kosicky-wordcamp\\\/\",\"url\":\"https:\\\/\\\/www.websupport.sk\\\/blog\\\/2019\\\/04\\\/preco-by-ste-mali-ist-na-kosicky-wordcamp\\\/\",\"name\":\"Pre\u010do by ste mali \u00eds\u0165 na ko\u0161ick\u00fd WordCamp? - Websupport blog\",\"isPartOf\":{\"@id\":\"https:\\\/\\\/www.websupport.sk\\\/blog\\\/#website\"},\"primaryImageOfPage\":{\"@id\":\"https:\\\/\\\/www.websupport.sk\\\/blog\\\/2019\\\/04\\\/preco-by-ste-mali-ist-na-kosicky-wordcamp\\\/#primaryimage\"},\"image\":{\"@id\":\"https:\\\/\\\/www.websupport.sk\\\/blog\\\/2019\\\/04\\\/preco-by-ste-mali-ist-na-kosicky-wordcamp\\\/#primaryimage\"},\"thumbnailUrl\":\"https:\\\/\\\/www.websupport.sk\\\/blog\\\/app\\\/uploads\\\/sites\\\/2\\\/2019\\\/04\\\/wcke-bp.jpg\",\"datePublished\":\"2019-04-22T12:23:50+00:00\",\"dateModified\":\"2025-03-11T20:07:30+00:00\",\"breadcrumb\":{\"@id\":\"https:\\\/\\\/www.websupport.sk\\\/blog\\\/2019\\\/04\\\/preco-by-ste-mali-ist-na-kosicky-wordcamp\\\/#breadcrumb\"},\"inLanguage\":\"sk-SK\",\"potentialAction\":[{\"@type\":\"ReadAction\",\"target\":[\"https:\\\/\\\/www.websupport.sk\\\/blog\\\/2019\\\/04\\\/preco-by-ste-mali-ist-na-kosicky-wordcamp\\\/\"]}]},{\"@type\":\"ImageObject\",\"inLanguage\":\"sk-SK\",\"@id\":\"https:\\\/\\\/www.websupport.sk\\\/blog\\\/2019\\\/04\\\/preco-by-ste-mali-ist-na-kosicky-wordcamp\\\/#primaryimage\",\"url\":\"https:\\\/\\\/www.websupport.sk\\\/blog\\\/app\\\/uploads\\\/sites\\\/2\\\/2019\\\/04\\\/wcke-bp.jpg\",\"contentUrl\":\"https:\\\/\\\/www.websupport.sk\\\/blog\\\/app\\\/uploads\\\/sites\\\/2\\\/2019\\\/04\\\/wcke-bp.jpg\",\"width\":2000,\"height\":1190},{\"@type\":\"BreadcrumbList\",\"@id\":\"https:\\\/\\\/www.websupport.sk\\\/blog\\\/2019\\\/04\\\/preco-by-ste-mali-ist-na-kosicky-wordcamp\\\/#breadcrumb\",\"itemListElement\":[{\"@type\":\"ListItem\",\"position\":1,\"name\":\"Home\",\"item\":\"https:\\\/\\\/www.websupport.sk\\\/blog\\\/\"},{\"@type\":\"ListItem\",\"position\":2,\"name\":\"Pre\u010do by ste mali \u00eds\u0165 na ko\u0161ick\u00fd WordCamp?\"}]},{\"@type\":\"WebSite\",\"@id\":\"https:\\\/\\\/www.websupport.sk\\\/blog\\\/#website\",\"url\":\"https:\\\/\\\/www.websupport.sk\\\/blog\\\/\",\"name\":\"Websupport blog\",\"description\":\"Websupport blog\",\"publisher\":{\"@id\":\"https:\\\/\\\/www.websupport.sk\\\/blog\\\/#organization\"},\"potentialAction\":[{\"@type\":\"SearchAction\",\"target\":{\"@type\":\"EntryPoint\",\"urlTemplate\":\"https:\\\/\\\/www.websupport.sk\\\/blog\\\/?s={search_term_string}\"},\"query-input\":{\"@type\":\"PropertyValueSpecification\",\"valueRequired\":true,\"valueName\":\"search_term_string\"}}],\"inLanguage\":\"sk-SK\"},{\"@type\":\"Organization\",\"@id\":\"https:\\\/\\\/www.websupport.sk\\\/blog\\\/#organization\",\"name\":\"Websupport\",\"url\":\"https:\\\/\\\/www.websupport.sk\\\/blog\\\/\",\"logo\":{\"@type\":\"ImageObject\",\"inLanguage\":\"sk-SK\",\"@id\":\"https:\\\/\\\/www.websupport.sk\\\/blog\\\/#\\\/schema\\\/logo\\\/image\\\/\",\"url\":\"https:\\\/\\\/www.websupport.sk\\\/blog\\\/app\\\/uploads\\\/sites\\\/2\\\/2021\\\/08\\\/websupport-logo.svg\",\"contentUrl\":\"https:\\\/\\\/www.websupport.sk\\\/blog\\\/app\\\/uploads\\\/sites\\\/2\\\/2021\\\/08\\\/websupport-logo.svg\",\"width\":153,\"height\":48,\"caption\":\"Websupport\"},\"image\":{\"@id\":\"https:\\\/\\\/www.websupport.sk\\\/blog\\\/#\\\/schema\\\/logo\\\/image\\\/\"}},{\"@type\":\"Person\",\"@id\":\"https:\\\/\\\/www.websupport.sk\\\/blog\\\/#\\\/schema\\\/person\\\/d3f3517a180f66130801edb710ffb6b3\",\"name\":\"T\u00edm Websupport\",\"image\":{\"@type\":\"ImageObject\",\"inLanguage\":\"sk-SK\",\"@id\":\"https:\\\/\\\/secure.gravatar.com\\\/avatar\\\/c69189751d452c13309d44d15907c3aa93630e0cc9e4e874e1bca01fee7ce18b?s=96&d=mm&r=g\",\"url\":\"https:\\\/\\\/secure.gravatar.com\\\/avatar\\\/c69189751d452c13309d44d15907c3aa93630e0cc9e4e874e1bca01fee7ce18b?s=96&d=mm&r=g\",\"contentUrl\":\"https:\\\/\\\/secure.gravatar.com\\\/avatar\\\/c69189751d452c13309d44d15907c3aa93630e0cc9e4e874e1bca01fee7ce18b?s=96&d=mm&r=g\",\"caption\":\"T\u00edm Websupport\"},\"description\":\"Sme slobodn\u00e1 a otvoren\u00e1 firma. Rob\u00edme to, \u010do n\u00e1s bav\u00ed a chceme ka\u017edou na\u0161ou \u010dinnos\u0165ou pos\u00fava\u0165 \u0161tandardy vy\u0161\u0161ie.\",\"url\":\"https:\\\/\\\/www.websupport.sk\\\/blog\\\/author\\\/admin\\\/\"}]}<\/script>\n<!-- \/ Yoast SEO plugin. -->","yoast_head_json":{"title":"Pre\u010do by ste mali \u00eds\u0165 na ko\u0161ick\u00fd WordCamp? - Websupport blog","robots":{"index":"index","follow":"follow","max-snippet":"max-snippet:-1","max-image-preview":"max-image-preview:large","max-video-preview":"max-video-preview:-1"},"canonical":"https:\/\/www.websupport.sk\/blog\/2019\/04\/preco-by-ste-mali-ist-na-kosicky-wordcamp\/","og_locale":"sk_SK","og_type":"article","og_title":"Pre\u010do by ste mali \u00eds\u0165 na ko\u0161ick\u00fd WordCamp? - Websupport blog","og_description":"Aj tento rok 11. m\u00e1ja sa uskuto\u010dn\u00ed WordCamp Ko\u0161ice. V priestoroch kni\u017enice Technickej univerzity odznej\u00fa p\u00fatav\u00e9 predn\u00e1\u0161ky a pr\u00edbehy sp\u00edkrov spojen\u00fdch s WordPressom ale aj online marketingom, brand-buildingom alebo napr\u00edklad webdizajnom. #wcke2019 je skvelou pr\u00edle\u017eitos\u0165ou osvoji\u0165 si nov\u00e9 poznatky nielen o tomto fenomen\u00e1lnom syst\u00e9me, ale i online marketingu, social media strategy, UX a mnoho \u010fal\u0161ieho. [&hellip;]","og_url":"https:\/\/www.websupport.sk\/blog\/2019\/04\/preco-by-ste-mali-ist-na-kosicky-wordcamp\/","og_site_name":"Websupport blog","article_published_time":"2019-04-22T12:23:50+00:00","article_modified_time":"2025-03-11T20:07:30+00:00","og_image":[{"width":2874,"height":1272,"url":"https:\/\/www.websupport.sk\/blog\/app\/uploads\/sites\/2\/2019\/04\/Sni\u0301mka-obrazovky-2019-04-25-o-10.09.35.png","type":"image\/png"}],"author":"T\u00edm Websupport","twitter_card":"summary_large_image","twitter_misc":{"Autor":"T\u00edm Websupport","Predpokladan\u00fd \u010das \u010d\u00edtania":"2 min\u00faty"},"schema":{"@context":"https:\/\/schema.org","@graph":[{"@type":"Article","@id":"https:\/\/www.websupport.sk\/blog\/2019\/04\/preco-by-ste-mali-ist-na-kosicky-wordcamp\/#article","isPartOf":{"@id":"https:\/\/www.websupport.sk\/blog\/2019\/04\/preco-by-ste-mali-ist-na-kosicky-wordcamp\/"},"author":{"name":"T\u00edm Websupport","@id":"https:\/\/www.websupport.sk\/blog\/#\/schema\/person\/d3f3517a180f66130801edb710ffb6b3"},"headline":"Pre\u010do by ste mali \u00eds\u0165 na ko\u0161ick\u00fd WordCamp?","datePublished":"2019-04-22T12:23:50+00:00","dateModified":"2025-03-11T20:07:30+00:00","mainEntityOfPage":{"@id":"https:\/\/www.websupport.sk\/blog\/2019\/04\/preco-by-ste-mali-ist-na-kosicky-wordcamp\/"},"wordCount":486,"publisher":{"@id":"https:\/\/www.websupport.sk\/blog\/#organization"},"image":{"@id":"https:\/\/www.websupport.sk\/blog\/2019\/04\/preco-by-ste-mali-ist-na-kosicky-wordcamp\/#primaryimage"},"thumbnailUrl":"https:\/\/www.websupport.sk\/blog\/app\/uploads\/sites\/2\/2019\/04\/wcke-bp.jpg","keywords":["karol voros","kosice","peter posa","predn\u00e1\u0161ky","websupport","wordcamp"],"articleSection":["Vzdel\u00e1vanie","Z\u00e1kulisie"],"inLanguage":"sk-SK"},{"@type":"WebPage","@id":"https:\/\/www.websupport.sk\/blog\/2019\/04\/preco-by-ste-mali-ist-na-kosicky-wordcamp\/","url":"https:\/\/www.websupport.sk\/blog\/2019\/04\/preco-by-ste-mali-ist-na-kosicky-wordcamp\/","name":"Pre\u010do by ste mali \u00eds\u0165 na ko\u0161ick\u00fd WordCamp? - Websupport blog","isPartOf":{"@id":"https:\/\/www.websupport.sk\/blog\/#website"},"primaryImageOfPage":{"@id":"https:\/\/www.websupport.sk\/blog\/2019\/04\/preco-by-ste-mali-ist-na-kosicky-wordcamp\/#primaryimage"},"image":{"@id":"https:\/\/www.websupport.sk\/blog\/2019\/04\/preco-by-ste-mali-ist-na-kosicky-wordcamp\/#primaryimage"},"thumbnailUrl":"https:\/\/www.websupport.sk\/blog\/app\/uploads\/sites\/2\/2019\/04\/wcke-bp.jpg","datePublished":"2019-04-22T12:23:50+00:00","dateModified":"2025-03-11T20:07:30+00:00","breadcrumb":{"@id":"https:\/\/www.websupport.sk\/blog\/2019\/04\/preco-by-ste-mali-ist-na-kosicky-wordcamp\/#breadcrumb"},"inLanguage":"sk-SK","potentialAction":[{"@type":"ReadAction","target":["https:\/\/www.websupport.sk\/blog\/2019\/04\/preco-by-ste-mali-ist-na-kosicky-wordcamp\/"]}]},{"@type":"ImageObject","inLanguage":"sk-SK","@id":"https:\/\/www.websupport.sk\/blog\/2019\/04\/preco-by-ste-mali-ist-na-kosicky-wordcamp\/#primaryimage","url":"https:\/\/www.websupport.sk\/blog\/app\/uploads\/sites\/2\/2019\/04\/wcke-bp.jpg","contentUrl":"https:\/\/www.websupport.sk\/blog\/app\/uploads\/sites\/2\/2019\/04\/wcke-bp.jpg","width":2000,"height":1190},{"@type":"BreadcrumbList","@id":"https:\/\/www.websupport.sk\/blog\/2019\/04\/preco-by-ste-mali-ist-na-kosicky-wordcamp\/#breadcrumb","itemListElement":[{"@type":"ListItem","position":1,"name":"Home","item":"https:\/\/www.websupport.sk\/blog\/"},{"@type":"ListItem","position":2,"name":"Pre\u010do by ste mali \u00eds\u0165 na ko\u0161ick\u00fd WordCamp?"}]},{"@type":"WebSite","@id":"https:\/\/www.websupport.sk\/blog\/#website","url":"https:\/\/www.websupport.sk\/blog\/","name":"Websupport blog","description":"Websupport blog","publisher":{"@id":"https:\/\/www.websupport.sk\/blog\/#organization"},"potentialAction":[{"@type":"SearchAction","target":{"@type":"EntryPoint","urlTemplate":"https:\/\/www.websupport.sk\/blog\/?s={search_term_string}"},"query-input":{"@type":"PropertyValueSpecification","valueRequired":true,"valueName":"search_term_string"}}],"inLanguage":"sk-SK"},{"@type":"Organization","@id":"https:\/\/www.websupport.sk\/blog\/#organization","name":"Websupport","url":"https:\/\/www.websupport.sk\/blog\/","logo":{"@type":"ImageObject","inLanguage":"sk-SK","@id":"https:\/\/www.websupport.sk\/blog\/#\/schema\/logo\/image\/","url":"https:\/\/www.websupport.sk\/blog\/app\/uploads\/sites\/2\/2021\/08\/websupport-logo.svg","contentUrl":"https:\/\/www.websupport.sk\/blog\/app\/uploads\/sites\/2\/2021\/08\/websupport-logo.svg","width":153,"height":48,"caption":"Websupport"},"image":{"@id":"https:\/\/www.websupport.sk\/blog\/#\/schema\/logo\/image\/"}},{"@type":"Person","@id":"https:\/\/www.websupport.sk\/blog\/#\/schema\/person\/d3f3517a180f66130801edb710ffb6b3","name":"T\u00edm Websupport","image":{"@type":"ImageObject","inLanguage":"sk-SK","@id":"https:\/\/secure.gravatar.com\/avatar\/c69189751d452c13309d44d15907c3aa93630e0cc9e4e874e1bca01fee7ce18b?s=96&d=mm&r=g","url":"https:\/\/secure.gravatar.com\/avatar\/c69189751d452c13309d44d15907c3aa93630e0cc9e4e874e1bca01fee7ce18b?s=96&d=mm&r=g","contentUrl":"https:\/\/secure.gravatar.com\/avatar\/c69189751d452c13309d44d15907c3aa93630e0cc9e4e874e1bca01fee7ce18b?s=96&d=mm&r=g","caption":"T\u00edm Websupport"},"description":"Sme slobodn\u00e1 a otvoren\u00e1 firma. Rob\u00edme to, \u010do n\u00e1s bav\u00ed a chceme ka\u017edou na\u0161ou \u010dinnos\u0165ou pos\u00fava\u0165 \u0161tandardy vy\u0161\u0161ie.","url":"https:\/\/www.websupport.sk\/blog\/author\/admin\/"}]}},"_links":{"self":[{"href":"https:\/\/www.websupport.sk\/blog\/wp-json\/wp\/v2\/posts\/14436","targetHints":{"allow":["GET"]}}],"collection":[{"href":"https:\/\/www.websupport.sk\/blog\/wp-json\/wp\/v2\/posts"}],"about":[{"href":"https:\/\/www.websupport.sk\/blog\/wp-json\/wp\/v2\/types\/post"}],"author":[{"embeddable":true,"href":"https:\/\/www.websupport.sk\/blog\/wp-json\/wp\/v2\/users\/84"}],"replies":[{"embeddable":true,"href":"https:\/\/www.websupport.sk\/blog\/wp-json\/wp\/v2\/comments?post=14436"}],"version-history":[{"count":2,"href":"https:\/\/www.websupport.sk\/blog\/wp-json\/wp\/v2\/posts\/14436\/revisions"}],"predecessor-version":[{"id":14559,"href":"https:\/\/www.websupport.sk\/blog\/wp-json\/wp\/v2\/posts\/14436\/revisions\/14559"}],"wp:featuredmedia":[{"embeddable":true,"href":"https:\/\/www.websupport.sk\/blog\/wp-json\/wp\/v2\/media\/14553"}],"wp:attachment":[{"href":"https:\/\/www.websupport.sk\/blog\/wp-json\/wp\/v2\/media?parent=14436"}],"wp:term":[{"taxonomy":"category","embeddable":true,"href":"https:\/\/www.websupport.sk\/blog\/wp-json\/wp\/v2\/categories?post=14436"},{"taxonomy":"post_tag","embeddable":true,"href":"https:\/\/www.websupport.sk\/blog\/wp-json\/wp\/v2\/tags?post=14436"}],"curies":[{"name":"wp","href":"https:\/\/api.w.org\/{rel}","templated":true}]}}