{"id":12127,"date":"2018-06-27T12:46:15","date_gmt":"2018-06-27T10:46:15","guid":{"rendered":"https:\/\/www.websupport.sk\/blog\/?p=12127"},"modified":"2025-03-11T21:07:21","modified_gmt":"2025-03-11T20:07:21","slug":"najlepsie-ted-prednasky-podla-organizatorov-tedxbratislava","status":"publish","type":"post","link":"https:\/\/www.websupport.sk\/blog\/2018\/06\/najlepsie-ted-prednasky-podla-organizatorov-tedxbratislava\/","title":{"rendered":"Najlep\u0161ie TED predn\u00e1\u0161ky pod\u013ea organiz\u00e1torov TEDxBratislava"},"content":{"rendered":"<span class=\"span-reading-time rt-reading-time\" style=\"display: block;\"><span class=\"rt-label rt-prefix\"><b>Doba \u010d\u00edtania:<\/b><\/span> <span class=\"rt-time\"> 4<\/span> <span class=\"rt-label rt-postfix\">min.<\/span><\/span><p><em>Ka\u017ed\u00fd rok stoja za \u00faspechom jednej z najob\u013e\u00fabenej\u0161\u00edch bratislavsk\u00fdch konferenci\u00ed. Robia v\u00fdber re\u010dn\u00edkov, kou\u010duj\u00fa ich v pr\u00edprave na vyst\u00fapenie a popri tom sami cel\u00fa konferenciu aj zorganizuj\u00fa. Vo vo\u013enom \u010dase a bez n\u00e1roku na honor\u00e1r. Ktor\u00e9 TED predn\u00e1\u0161ky maj\u00fa najrad\u0161ej? Pozrite si playlist, ktor\u00ed zostavili \u010dlenovia t\u00edmu TEDxBratislava.<\/em><\/p>\n<h2>\u0160imon \u0160ipl\u00e1k: Chcete niekomu pom\u00f4c\u0165? Zavrite hubu a po\u010d\u00favajte<\/h2>\n<p><iframe loading=\"lazy\" title=\"Ernesto Sirolli: Ernesto Sirolli: Chcete niekomu pom\u00f4c\u0165? Zavrite hubu a po\u010d\u00favajte!\" src=\"https:\/\/embed.ted.com\/talks\/lang\/sk\/ernesto_sirolli_want_to_help_someone_shut_up_and_listen\" width=\"580\" height=\"327\" frameborder=\"0\" scrolling=\"no\" webkitAllowFullScreen mozallowfullscreen allowFullScreen><\/iframe><\/p>\n<p>\u201eJeden z prv\u00fdch TED talkov, ktor\u00e9 som videl, bol od Ernesta Sirolliho, a st\u00e1le sa k nemu vraciam,\u201c hovor\u00ed \u0160imon \u0160ipl\u00e1k, projektov\u00fd mana\u017e\u00e9r 9. ro\u010dn\u00edka TEDxBratislava a Head of performance vo Websupporte. Ernesto je \u0161pecialista na rozvojov\u00fa pomoc, ktorej sa v africk\u00fdch krajin\u00e1ch venuje od 70. rokov. Za ten \u010das sa v\u0161ak nau\u010dil jednu k\u013e\u00fa\u010dov\u00fa vec, a to \u017ee ke\u010f chcete niekomu pom\u00f4c\u0165, prv\u00fdm krokom je na\u010d\u00fava\u0165. Odkedy videl Ernestovu predn\u00e1\u0161ku, \u0160imonovi sa heslo \u201cZatvor \u00fasta a po\u010d\u00favaj\u201d vybav\u00ed v\u017edy, ke\u010f m\u00e1 chu\u0165 niekoho pou\u010dova\u0165 alebo mu radi\u0165, \u010do m\u00e1 urobi\u0165. \u201cD\u00e1vajte si pozor, komu a ako chcete pom\u00f4c\u0165,\u201d upozor\u0148uje. \u201cM\u00f4\u017ee sa uk\u00e1za\u0165, \u017ee va\u0161a pomoc sprav\u00ed viac \u0161kody ako \u00fa\u017eitku.\u201d<\/p>\n<h2>Monika \u010eurajkov\u00e1: Extr\u00e9mne pl\u00e1vanie s najnebezpe\u010d\u0148ej\u0161ou med\u00fazou na svete<\/h2>\n<p><iframe loading=\"lazy\" title=\"Diana Nyad: Extreme swimming with the world&#039;s most dangerous jellyfish\" src=\"https:\/\/embed.ted.com\/talks\/diana_nyad_extreme_swimming_with_the_world_s_most_dangerous_jellyfish\" width=\"580\" height=\"327\" frameborder=\"0\" scrolling=\"no\" webkitAllowFullScreen mozallowfullscreen allowFullScreen><\/iframe><\/p>\n<p>V 70. rokoch uskuto\u010dnila Diana Nyad nieko\u013eko plaveck\u00fdch rekordov, ktor\u00e9 dodnes zostali nepokoren\u00e9. O tridsa\u0165 rokov nesk\u00f4r, vo veku 60 rokov sa rozhodla vyda\u0165 na najdlh\u0161iu trasu a prepl\u00e1va\u0165 z Kuby na Floridu. Jej video o tom, ako to dopadlo, m\u00e1 ve\u013emi rada Monika \u010eurajkov\u00e1, preto\u017ee jej st\u00e1le pripom\u00edna, \u017ee vek je len \u010d\u00edslo a nikdy nie je neskoro za\u010da\u0165. \u201cJe in\u0161piruj\u00face vidie\u0165, \u017ee napriek nepriazni mnoh\u00fdch faktorov, ktor\u00fdm Diana v mori \u010delila, sa nikdy nevzdala svojho cie\u013ea,\u201d vrav\u00ed Monika. Doprajte si d\u00e1vku motiv\u00e1cie, oplat\u00ed sa.<\/p>\n<h2>Vladim\u00edr Ka\u0161tier: Najlep\u0161ie \u0161tatistiky, ak\u00e9 ste kedy videli<\/h2>\n<p><iframe loading=\"lazy\" title=\"Hans Rosling: Hans Rosling predstavuje najlep\u0161ie \u0161tatistiky, ak\u00e9 ste kedy videli\" src=\"https:\/\/embed.ted.com\/talks\/lang\/sk\/hans_rosling_the_best_stats_you_ve_ever_seen\" width=\"580\" height=\"436\" frameborder=\"0\" scrolling=\"no\" webkitAllowFullScreen mozallowfullscreen allowFullScreen><\/iframe><\/p>\n<p>Napriek tomu, \u017ee toto video trv\u00e1 20 min\u00fat a obsahuje nespo\u010detn\u00e9 mno\u017estvo n\u00e1ro\u010dn\u00fdch grafov a \u0161tatist\u00edk, Hana Rosling si n\u00edm v roku 2006 z\u00edskal cel\u00e9 publikum. A aj Vladim\u00edra Ka\u0161tiera z organiza\u010dn\u00e9ho t\u00edmu TEDxBratislava. Bola to prv\u00e1 TED predn\u00e1\u0161ka, ak\u00fa kedy videl, a zanechala v \u0148om vraj dojem ako namakan\u00e1 punkov\u00e1 pesni\u010dka. \u201eVe\u013ea energie, \u013eudskosti a t\u00fa\u017eby zmeni\u0165 svet rozbit\u00edm utkvel\u00fdch predst\u00e1v \u013eud\u00ed,\u201c zh\u0155\u0148a svoj z\u00e1\u017eitok Vlado. \u201e\u0160koda len, \u017ee Hans ned\u00e1vno zomrel &#8211; po stretnutiach s celebritami obvykle neprahnem, ale pri \u0148om ma naozaj mrz\u00ed, \u017ee som nemal mo\u017enos\u0165 stretn\u00fa\u0165 ho.\u201c<\/p>\n<h2>Dominika Babulicov\u00e1: Do toho, vym\u00fd\u0161\u013eajte si nov\u00e9 slov\u00e1<\/h2>\n<p><iframe loading=\"lazy\" title=\"Erin McKean: Do toho, vym\u00fd\u0161\u013eaj nov\u00e9 slov\u00e1!\" src=\"https:\/\/embed.ted.com\/talks\/lang\/sk\/erin_mckean_go_ahead_make_up_new_words\" width=\"580\" height=\"327\" frameborder=\"0\" scrolling=\"no\" webkitAllowFullScreen mozallowfullscreen allowFullScreen><\/iframe><\/p>\n<p>Dominika Babulicov\u00e1 sa pohybuje sa medzi marketingom a m\u00e9diami, a tak je spisovn\u00e9 slovo jej hlavn\u00fdm pracovn\u00fdm n\u00e1strojom. \u201eKe\u010f som si uvedomila, \u017ee do mojej slovnej z\u00e1soby st\u00e1le viac prenikaj\u00fa anglicizmy a r\u00f4zne hybridn\u00e9 novotvary z technologickej hant\u00edrky, vy\u010d\u00edtala som si to,\u201c spom\u00edna si. N\u00e1zor jej v\u0161ak zmenila predn\u00e1\u0161ka Erin McKean, ktor\u00e1 vtipne a svi\u017ene povzbudzuje, aby sme sa neb\u00e1li tvori\u0165 nov\u00e9 v\u00fdrazy, ke\u010f n\u00e1m tie existuj\u00face skr\u00e1tka nesta\u010dia. \u201eVe\u013emi ma bav\u00ed najm\u00e4 \u0161t\u00fdl, ktor\u00fdm si z\u00edskala mlad\u00e9 publiku na TEDYouth. D\u00fafam, \u017ee re\u010dn\u00edkom <a href=\"https:\/\/www.tedxbratislava.sk\/tedxbratislava-2018\/\">TEDxBratislava 2018<\/a> sa 1. j\u00fala podar\u00ed to iste, ke\u010f\u017ee n\u00e1m za\u010d\u00edna narasta\u0165 po\u010det n\u00e1s\u0165ro\u010dn\u00fdch \u00fa\u010dastn\u00edkov.\u201c \ud83d\ude42<\/p>\n<h2>Ras\u0165o Geschwandtner: Ako u\u010di\u0165 \u017eivotn\u00e9 lekcie hrou<\/h2>\n<p><iframe loading=\"lazy\" title=\"Gever Tulley: Gever Tulley u\u010d\u00ed \u017eivotn\u00e9 lekcie hrou\" src=\"https:\/\/embed.ted.com\/talks\/lang\/sk\/gever_tulley_life_lessons_through_tinkering\" width=\"580\" height=\"327\" frameborder=\"0\" scrolling=\"no\" webkitAllowFullScreen mozallowfullscreen allowFullScreen><\/iframe><\/p>\n<p>Jedno z prv\u00fdch vide\u00ed, ktor\u00e9 videl, sa zap\u00edsalo do pam\u00e4te aj zakladate\u013eovi TEDxBratislava Ras\u0165ovi Geschwandtnerovi. Gever Tulley n\u00edm v Ras\u0165ovi vzbudil z\u00e1ujem o alternat\u00edvne formy vzdel\u00e1vania hrou, objavovania a pr\u00e1ce na projektoch. \u201eTo ma postupne priviedlo k Montessori pedagogike, zalo\u017eeniu kr\u00fa\u017eku a nesk\u00f4r letnej \u0160koly majstrovania a v podstate aj k rozhodnutiu organizova\u0165 v Bratislave TEDx,\u201c spom\u00edna si Ras\u0165o. Geverov talk ho v\u0161ak ako kou\u010da zaujal aj z form\u00e1lnej str\u00e1nky: \u201eFascinuje ma, ko\u013eko toho dok\u00e1zal za tri min\u00faty poveda\u0165. Jednoduch\u00e9 vety zredukovan\u00e9 a\u017e na kos\u0165. Uvo\u013enen\u00e9 tempo. Jasn\u00e1 my\u0161lienka. \u017diadna vata. Geni\u00e1lne.\u201c Ras\u0165o pozval Gevera aj do Bratislavy, kde <a href=\"https:\/\/www.tedxbratislava.sk\/video\/gever-tulley-tajomstva-zazitkoveho-vzdelavania-secrets-of-engagement-based-learning\/\">vyst\u00fapil v roku 2012<\/a>.<\/p>\n<h2>Lenka Gondolov\u00e1: Keby by som mala ma\u0165 dc\u00e9ru&#8230;<\/h2>\n<p><iframe loading=\"lazy\" title=\"Sarah Kay: Sarah Kay: Keby by som mala ma\u0165 dc\u00e9ru ...\" src=\"https:\/\/embed.ted.com\/talks\/lang\/sk\/sarah_kay_if_i_should_have_a_daughter\" width=\"580\" height=\"327\" frameborder=\"0\" scrolling=\"no\" webkitAllowFullScreen mozallowfullscreen allowFullScreen><\/iframe><\/p>\n<p>Poetka hovoren\u00e9ho slova Sarah Kay za\u010d\u00edna svoje TED vyst\u00fapenie b\u00e1s\u0148ou \u201eKeby som mala ma\u0165 dc\u00e9ru\u201c. Pr\u00e1ve pre tento prednes si ju ob\u013e\u00fabila Lenka Gondolov\u00e1: \u201eNed\u00e1vno som t\u00fa b\u00e1se\u0148 po rokoch znova po\u010dula a op\u00e4\u0165 som mala zimomriavky. Teraz u\u017e ale moja dc\u00e9ra nebola mali\u010dk\u00e9 b\u00e1b\u00e4tko, ale takmer \u0161kol\u00e1\u010dka. A t\u00e1 b\u00e1se\u0148 je aj o mne, aj o nej.\u201c Mo\u017eno ste po\u00e9zii nikdy nepri\u0161li na chu\u0165, no dajte Sarah \u0161ancu. Ver\u0161e v hovorenom slove maj\u00fa \u00faplne in\u00fa silu ako tie, ktor\u00e9 v\u00e1s n\u00fatila \u010d\u00edta\u0165 sloven\u010din\u00e1rka. \ud83d\ude42<\/p>\n<p>Najbli\u017e\u0161ie vydanie TEDxBratislava sa bude kona\u0165 1. J\u00fala 2018 v novej budove Slovensk\u00e9ho n\u00e1rodn\u00e9ho divadla. Vyst\u00fapi \u0161trn\u00e1stka re\u010dn\u00edkov, ktor\u00e1 sa zameria na vedu, inov\u00e1cie i spolo\u010densk\u00e9 ot\u00e1zky a bude pos\u00fava\u0165 n\u00e1zorov\u00e9 hranice v hlav\u00e1ch div\u00e1kov. Pre\u010d\u00edtajte si, <a href=\"https:\/\/www.tedxbratislava.sk\/ako-zazit-tedxbratislava-aj-ked-nemate-listok\/\">ako m\u00f4\u017eete by\u0165 pri tom<\/a>.<\/p>\n","protected":false},"excerpt":{"rendered":"<p>Ka\u017ed\u00fd rok stoja za \u00faspechom jednej z najob\u013e\u00fabenej\u0161\u00edch bratislavsk\u00fdch konferenci\u00ed. Robia v\u00fdber re\u010dn\u00edkov, kou\u010duj\u00fa ich v pr\u00edprave na vyst\u00fapenie a popri tom sami cel\u00fa konferenciu aj zorganizuj\u00fa. Vo vo\u013enom \u010dase a bez n\u00e1roku na honor\u00e1r. Ktor\u00e9 TED predn\u00e1\u0161ky maj\u00fa najrad\u0161ej? Pozrite si playlist, ktor\u00ed zostavili \u010dlenovia t\u00edmu TEDxBratislava. \u0160imon \u0160ipl\u00e1k: Chcete niekomu pom\u00f4c\u0165? Zavrite hubu [&hellip;]<\/p>\n","protected":false},"author":87,"featured_media":12136,"comment_status":"closed","ping_status":"open","sticky":false,"template":"","format":"standard","meta":{"footnotes":""},"categories":[10],"tags":[371,1197,841,842,939],"class_list":["post-12127","post","type-post","status-publish","format-standard","has-post-thumbnail","hentry","category-vzdelavanie-2","tag-inspiracia","tag-prednasky","tag-ted","tag-tedx-2","tag-vzdelavanie"],"yoast_head":"<!-- This site is optimized with the Yoast SEO plugin v27.4 - https:\/\/yoast.com\/product\/yoast-seo-wordpress\/ -->\n<title>Najlep\u0161ie TED predn\u00e1\u0161ky pod\u013ea organiz\u00e1torov TEDxBratislava - Websupport blog<\/title>\n<meta name=\"robots\" content=\"index, follow, max-snippet:-1, max-image-preview:large, max-video-preview:-1\" \/>\n<link rel=\"canonical\" href=\"https:\/\/www.websupport.sk\/blog\/2018\/06\/najlepsie-ted-prednasky-podla-organizatorov-tedxbratislava\/\" \/>\n<meta property=\"og:locale\" content=\"sk_SK\" \/>\n<meta property=\"og:type\" content=\"article\" \/>\n<meta property=\"og:title\" content=\"Najlep\u0161ie TED predn\u00e1\u0161ky pod\u013ea organiz\u00e1torov TEDxBratislava - Websupport blog\" \/>\n<meta property=\"og:description\" content=\"Ka\u017ed\u00fd rok stoja za \u00faspechom jednej z najob\u013e\u00fabenej\u0161\u00edch bratislavsk\u00fdch konferenci\u00ed. Robia v\u00fdber re\u010dn\u00edkov, kou\u010duj\u00fa ich v pr\u00edprave na vyst\u00fapenie a popri tom sami cel\u00fa konferenciu aj zorganizuj\u00fa. Vo vo\u013enom \u010dase a bez n\u00e1roku na honor\u00e1r. Ktor\u00e9 TED predn\u00e1\u0161ky maj\u00fa najrad\u0161ej? Pozrite si playlist, ktor\u00ed zostavili \u010dlenovia t\u00edmu TEDxBratislava. \u0160imon \u0160ipl\u00e1k: Chcete niekomu pom\u00f4c\u0165? Zavrite hubu [&hellip;]\" \/>\n<meta property=\"og:url\" content=\"https:\/\/www.websupport.sk\/blog\/2018\/06\/najlepsie-ted-prednasky-podla-organizatorov-tedxbratislava\/\" \/>\n<meta property=\"og:site_name\" content=\"Websupport blog\" \/>\n<meta property=\"article:author\" content=\"https:\/\/www.facebook.com\/bezprostredna?fref=ts&amp;ref=br_tf\" \/>\n<meta property=\"article:published_time\" content=\"2018-06-27T10:46:15+00:00\" \/>\n<meta property=\"article:modified_time\" content=\"2025-03-11T20:07:21+00:00\" \/>\n<meta property=\"og:image\" content=\"https:\/\/www.websupport.sk\/blog\/app\/uploads\/sites\/2\/2018\/06\/tedx-websupport.jpg\" \/>\n\t<meta property=\"og:image:width\" content=\"1920\" \/>\n\t<meta property=\"og:image:height\" content=\"1080\" \/>\n\t<meta property=\"og:image:type\" content=\"image\/jpeg\" \/>\n<meta name=\"author\" content=\"Barbora Ili\u0107\" \/>\n<meta name=\"twitter:card\" content=\"summary_large_image\" \/>\n<meta name=\"twitter:label1\" content=\"Autor\" \/>\n\t<meta name=\"twitter:data1\" content=\"Barbora Ili\u0107\" \/>\n\t<meta name=\"twitter:label2\" content=\"Predpokladan\u00fd \u010das \u010d\u00edtania\" \/>\n\t<meta name=\"twitter:data2\" content=\"5 min\u00fat\" \/>\n<script type=\"application\/ld+json\" class=\"yoast-schema-graph\">{\"@context\":\"https:\\\/\\\/schema.org\",\"@graph\":[{\"@type\":\"Article\",\"@id\":\"https:\\\/\\\/www.websupport.sk\\\/blog\\\/2018\\\/06\\\/najlepsie-ted-prednasky-podla-organizatorov-tedxbratislava\\\/#article\",\"isPartOf\":{\"@id\":\"https:\\\/\\\/www.websupport.sk\\\/blog\\\/2018\\\/06\\\/najlepsie-ted-prednasky-podla-organizatorov-tedxbratislava\\\/\"},\"author\":{\"name\":\"Barbora Ili\u0107\",\"@id\":\"https:\\\/\\\/www.websupport.sk\\\/blog\\\/#\\\/schema\\\/person\\\/1ea42c977359d5a825d7cbc2a46e12fd\"},\"headline\":\"Najlep\u0161ie TED predn\u00e1\u0161ky pod\u013ea organiz\u00e1torov TEDxBratislava\",\"datePublished\":\"2018-06-27T10:46:15+00:00\",\"dateModified\":\"2025-03-11T20:07:21+00:00\",\"mainEntityOfPage\":{\"@id\":\"https:\\\/\\\/www.websupport.sk\\\/blog\\\/2018\\\/06\\\/najlepsie-ted-prednasky-podla-organizatorov-tedxbratislava\\\/\"},\"wordCount\":1015,\"publisher\":{\"@id\":\"https:\\\/\\\/www.websupport.sk\\\/blog\\\/#organization\"},\"image\":{\"@id\":\"https:\\\/\\\/www.websupport.sk\\\/blog\\\/2018\\\/06\\\/najlepsie-ted-prednasky-podla-organizatorov-tedxbratislava\\\/#primaryimage\"},\"thumbnailUrl\":\"https:\\\/\\\/www.websupport.sk\\\/blog\\\/app\\\/uploads\\\/sites\\\/2\\\/2018\\\/06\\\/tedx-websupport.jpg\",\"keywords\":[\"inspiracia\",\"predn\u00e1\u0161ky\",\"ted\",\"tedx\",\"vzdel\u00e1vanie\"],\"articleSection\":[\"Vzdel\u00e1vanie\"],\"inLanguage\":\"sk-SK\"},{\"@type\":\"WebPage\",\"@id\":\"https:\\\/\\\/www.websupport.sk\\\/blog\\\/2018\\\/06\\\/najlepsie-ted-prednasky-podla-organizatorov-tedxbratislava\\\/\",\"url\":\"https:\\\/\\\/www.websupport.sk\\\/blog\\\/2018\\\/06\\\/najlepsie-ted-prednasky-podla-organizatorov-tedxbratislava\\\/\",\"name\":\"Najlep\u0161ie TED predn\u00e1\u0161ky pod\u013ea organiz\u00e1torov TEDxBratislava - Websupport blog\",\"isPartOf\":{\"@id\":\"https:\\\/\\\/www.websupport.sk\\\/blog\\\/#website\"},\"primaryImageOfPage\":{\"@id\":\"https:\\\/\\\/www.websupport.sk\\\/blog\\\/2018\\\/06\\\/najlepsie-ted-prednasky-podla-organizatorov-tedxbratislava\\\/#primaryimage\"},\"image\":{\"@id\":\"https:\\\/\\\/www.websupport.sk\\\/blog\\\/2018\\\/06\\\/najlepsie-ted-prednasky-podla-organizatorov-tedxbratislava\\\/#primaryimage\"},\"thumbnailUrl\":\"https:\\\/\\\/www.websupport.sk\\\/blog\\\/app\\\/uploads\\\/sites\\\/2\\\/2018\\\/06\\\/tedx-websupport.jpg\",\"datePublished\":\"2018-06-27T10:46:15+00:00\",\"dateModified\":\"2025-03-11T20:07:21+00:00\",\"breadcrumb\":{\"@id\":\"https:\\\/\\\/www.websupport.sk\\\/blog\\\/2018\\\/06\\\/najlepsie-ted-prednasky-podla-organizatorov-tedxbratislava\\\/#breadcrumb\"},\"inLanguage\":\"sk-SK\",\"potentialAction\":[{\"@type\":\"ReadAction\",\"target\":[\"https:\\\/\\\/www.websupport.sk\\\/blog\\\/2018\\\/06\\\/najlepsie-ted-prednasky-podla-organizatorov-tedxbratislava\\\/\"]}]},{\"@type\":\"ImageObject\",\"inLanguage\":\"sk-SK\",\"@id\":\"https:\\\/\\\/www.websupport.sk\\\/blog\\\/2018\\\/06\\\/najlepsie-ted-prednasky-podla-organizatorov-tedxbratislava\\\/#primaryimage\",\"url\":\"https:\\\/\\\/www.websupport.sk\\\/blog\\\/app\\\/uploads\\\/sites\\\/2\\\/2018\\\/06\\\/tedx-websupport.jpg\",\"contentUrl\":\"https:\\\/\\\/www.websupport.sk\\\/blog\\\/app\\\/uploads\\\/sites\\\/2\\\/2018\\\/06\\\/tedx-websupport.jpg\",\"width\":1920,\"height\":1080},{\"@type\":\"BreadcrumbList\",\"@id\":\"https:\\\/\\\/www.websupport.sk\\\/blog\\\/2018\\\/06\\\/najlepsie-ted-prednasky-podla-organizatorov-tedxbratislava\\\/#breadcrumb\",\"itemListElement\":[{\"@type\":\"ListItem\",\"position\":1,\"name\":\"Home\",\"item\":\"https:\\\/\\\/www.websupport.sk\\\/blog\\\/\"},{\"@type\":\"ListItem\",\"position\":2,\"name\":\"Najlep\u0161ie TED predn\u00e1\u0161ky pod\u013ea organiz\u00e1torov TEDxBratislava\"}]},{\"@type\":\"WebSite\",\"@id\":\"https:\\\/\\\/www.websupport.sk\\\/blog\\\/#website\",\"url\":\"https:\\\/\\\/www.websupport.sk\\\/blog\\\/\",\"name\":\"Websupport blog\",\"description\":\"Websupport blog\",\"publisher\":{\"@id\":\"https:\\\/\\\/www.websupport.sk\\\/blog\\\/#organization\"},\"potentialAction\":[{\"@type\":\"SearchAction\",\"target\":{\"@type\":\"EntryPoint\",\"urlTemplate\":\"https:\\\/\\\/www.websupport.sk\\\/blog\\\/?s={search_term_string}\"},\"query-input\":{\"@type\":\"PropertyValueSpecification\",\"valueRequired\":true,\"valueName\":\"search_term_string\"}}],\"inLanguage\":\"sk-SK\"},{\"@type\":\"Organization\",\"@id\":\"https:\\\/\\\/www.websupport.sk\\\/blog\\\/#organization\",\"name\":\"Websupport\",\"url\":\"https:\\\/\\\/www.websupport.sk\\\/blog\\\/\",\"logo\":{\"@type\":\"ImageObject\",\"inLanguage\":\"sk-SK\",\"@id\":\"https:\\\/\\\/www.websupport.sk\\\/blog\\\/#\\\/schema\\\/logo\\\/image\\\/\",\"url\":\"https:\\\/\\\/www.websupport.sk\\\/blog\\\/app\\\/uploads\\\/sites\\\/2\\\/2021\\\/08\\\/websupport-logo.svg\",\"contentUrl\":\"https:\\\/\\\/www.websupport.sk\\\/blog\\\/app\\\/uploads\\\/sites\\\/2\\\/2021\\\/08\\\/websupport-logo.svg\",\"width\":153,\"height\":48,\"caption\":\"Websupport\"},\"image\":{\"@id\":\"https:\\\/\\\/www.websupport.sk\\\/blog\\\/#\\\/schema\\\/logo\\\/image\\\/\"}},{\"@type\":\"Person\",\"@id\":\"https:\\\/\\\/www.websupport.sk\\\/blog\\\/#\\\/schema\\\/person\\\/1ea42c977359d5a825d7cbc2a46e12fd\",\"name\":\"Barbora Ili\u0107\",\"image\":{\"@type\":\"ImageObject\",\"inLanguage\":\"sk-SK\",\"@id\":\"https:\\\/\\\/secure.gravatar.com\\\/avatar\\\/5c5e819eb148ed3b87a6bef0740230ecc742a51e4ed370c2711a9a44e66e66a5?s=96&d=mm&r=g\",\"url\":\"https:\\\/\\\/secure.gravatar.com\\\/avatar\\\/5c5e819eb148ed3b87a6bef0740230ecc742a51e4ed370c2711a9a44e66e66a5?s=96&d=mm&r=g\",\"contentUrl\":\"https:\\\/\\\/secure.gravatar.com\\\/avatar\\\/5c5e819eb148ed3b87a6bef0740230ecc742a51e4ed370c2711a9a44e66e66a5?s=96&d=mm&r=g\",\"caption\":\"Barbora Ili\u0107\"},\"description\":\"Miluje inovat\u00edvne rie\u0161enia, p\u00ed\u0161e pre svetov\u00e9 medi\u00e1 a spolupracuje s r\u00f4znymi startupmi. Tvor\u00ed komunika\u010dn\u00e9 strat\u00e9gie, je market\u00e9rka, milovn\u00ed\u010dka zdrav\u00e9ho jedla a v\u00e1\u0161niv\u00e1 cestovate\u013eka.\",\"sameAs\":[\"https:\\\/\\\/www.facebook.com\\\/bezprostredna?fref=ts&ref=br_tf\"],\"url\":\"https:\\\/\\\/www.websupport.sk\\\/blog\\\/author\\\/barbora-ilic\\\/\"}]}<\/script>\n<!-- \/ Yoast SEO plugin. -->","yoast_head_json":{"title":"Najlep\u0161ie TED predn\u00e1\u0161ky pod\u013ea organiz\u00e1torov TEDxBratislava - Websupport blog","robots":{"index":"index","follow":"follow","max-snippet":"max-snippet:-1","max-image-preview":"max-image-preview:large","max-video-preview":"max-video-preview:-1"},"canonical":"https:\/\/www.websupport.sk\/blog\/2018\/06\/najlepsie-ted-prednasky-podla-organizatorov-tedxbratislava\/","og_locale":"sk_SK","og_type":"article","og_title":"Najlep\u0161ie TED predn\u00e1\u0161ky pod\u013ea organiz\u00e1torov TEDxBratislava - Websupport blog","og_description":"Ka\u017ed\u00fd rok stoja za \u00faspechom jednej z najob\u013e\u00fabenej\u0161\u00edch bratislavsk\u00fdch konferenci\u00ed. Robia v\u00fdber re\u010dn\u00edkov, kou\u010duj\u00fa ich v pr\u00edprave na vyst\u00fapenie a popri tom sami cel\u00fa konferenciu aj zorganizuj\u00fa. Vo vo\u013enom \u010dase a bez n\u00e1roku na honor\u00e1r. Ktor\u00e9 TED predn\u00e1\u0161ky maj\u00fa najrad\u0161ej? Pozrite si playlist, ktor\u00ed zostavili \u010dlenovia t\u00edmu TEDxBratislava. \u0160imon \u0160ipl\u00e1k: Chcete niekomu pom\u00f4c\u0165? Zavrite hubu [&hellip;]","og_url":"https:\/\/www.websupport.sk\/blog\/2018\/06\/najlepsie-ted-prednasky-podla-organizatorov-tedxbratislava\/","og_site_name":"Websupport blog","article_author":"https:\/\/www.facebook.com\/bezprostredna?fref=ts&ref=br_tf","article_published_time":"2018-06-27T10:46:15+00:00","article_modified_time":"2025-03-11T20:07:21+00:00","og_image":[{"width":1920,"height":1080,"url":"https:\/\/www.websupport.sk\/blog\/app\/uploads\/sites\/2\/2018\/06\/tedx-websupport.jpg","type":"image\/jpeg"}],"author":"Barbora Ili\u0107","twitter_card":"summary_large_image","twitter_misc":{"Autor":"Barbora Ili\u0107","Predpokladan\u00fd \u010das \u010d\u00edtania":"5 min\u00fat"},"schema":{"@context":"https:\/\/schema.org","@graph":[{"@type":"Article","@id":"https:\/\/www.websupport.sk\/blog\/2018\/06\/najlepsie-ted-prednasky-podla-organizatorov-tedxbratislava\/#article","isPartOf":{"@id":"https:\/\/www.websupport.sk\/blog\/2018\/06\/najlepsie-ted-prednasky-podla-organizatorov-tedxbratislava\/"},"author":{"name":"Barbora Ili\u0107","@id":"https:\/\/www.websupport.sk\/blog\/#\/schema\/person\/1ea42c977359d5a825d7cbc2a46e12fd"},"headline":"Najlep\u0161ie TED predn\u00e1\u0161ky pod\u013ea organiz\u00e1torov TEDxBratislava","datePublished":"2018-06-27T10:46:15+00:00","dateModified":"2025-03-11T20:07:21+00:00","mainEntityOfPage":{"@id":"https:\/\/www.websupport.sk\/blog\/2018\/06\/najlepsie-ted-prednasky-podla-organizatorov-tedxbratislava\/"},"wordCount":1015,"publisher":{"@id":"https:\/\/www.websupport.sk\/blog\/#organization"},"image":{"@id":"https:\/\/www.websupport.sk\/blog\/2018\/06\/najlepsie-ted-prednasky-podla-organizatorov-tedxbratislava\/#primaryimage"},"thumbnailUrl":"https:\/\/www.websupport.sk\/blog\/app\/uploads\/sites\/2\/2018\/06\/tedx-websupport.jpg","keywords":["inspiracia","predn\u00e1\u0161ky","ted","tedx","vzdel\u00e1vanie"],"articleSection":["Vzdel\u00e1vanie"],"inLanguage":"sk-SK"},{"@type":"WebPage","@id":"https:\/\/www.websupport.sk\/blog\/2018\/06\/najlepsie-ted-prednasky-podla-organizatorov-tedxbratislava\/","url":"https:\/\/www.websupport.sk\/blog\/2018\/06\/najlepsie-ted-prednasky-podla-organizatorov-tedxbratislava\/","name":"Najlep\u0161ie TED predn\u00e1\u0161ky pod\u013ea organiz\u00e1torov TEDxBratislava - Websupport blog","isPartOf":{"@id":"https:\/\/www.websupport.sk\/blog\/#website"},"primaryImageOfPage":{"@id":"https:\/\/www.websupport.sk\/blog\/2018\/06\/najlepsie-ted-prednasky-podla-organizatorov-tedxbratislava\/#primaryimage"},"image":{"@id":"https:\/\/www.websupport.sk\/blog\/2018\/06\/najlepsie-ted-prednasky-podla-organizatorov-tedxbratislava\/#primaryimage"},"thumbnailUrl":"https:\/\/www.websupport.sk\/blog\/app\/uploads\/sites\/2\/2018\/06\/tedx-websupport.jpg","datePublished":"2018-06-27T10:46:15+00:00","dateModified":"2025-03-11T20:07:21+00:00","breadcrumb":{"@id":"https:\/\/www.websupport.sk\/blog\/2018\/06\/najlepsie-ted-prednasky-podla-organizatorov-tedxbratislava\/#breadcrumb"},"inLanguage":"sk-SK","potentialAction":[{"@type":"ReadAction","target":["https:\/\/www.websupport.sk\/blog\/2018\/06\/najlepsie-ted-prednasky-podla-organizatorov-tedxbratislava\/"]}]},{"@type":"ImageObject","inLanguage":"sk-SK","@id":"https:\/\/www.websupport.sk\/blog\/2018\/06\/najlepsie-ted-prednasky-podla-organizatorov-tedxbratislava\/#primaryimage","url":"https:\/\/www.websupport.sk\/blog\/app\/uploads\/sites\/2\/2018\/06\/tedx-websupport.jpg","contentUrl":"https:\/\/www.websupport.sk\/blog\/app\/uploads\/sites\/2\/2018\/06\/tedx-websupport.jpg","width":1920,"height":1080},{"@type":"BreadcrumbList","@id":"https:\/\/www.websupport.sk\/blog\/2018\/06\/najlepsie-ted-prednasky-podla-organizatorov-tedxbratislava\/#breadcrumb","itemListElement":[{"@type":"ListItem","position":1,"name":"Home","item":"https:\/\/www.websupport.sk\/blog\/"},{"@type":"ListItem","position":2,"name":"Najlep\u0161ie TED predn\u00e1\u0161ky pod\u013ea organiz\u00e1torov TEDxBratislava"}]},{"@type":"WebSite","@id":"https:\/\/www.websupport.sk\/blog\/#website","url":"https:\/\/www.websupport.sk\/blog\/","name":"Websupport blog","description":"Websupport blog","publisher":{"@id":"https:\/\/www.websupport.sk\/blog\/#organization"},"potentialAction":[{"@type":"SearchAction","target":{"@type":"EntryPoint","urlTemplate":"https:\/\/www.websupport.sk\/blog\/?s={search_term_string}"},"query-input":{"@type":"PropertyValueSpecification","valueRequired":true,"valueName":"search_term_string"}}],"inLanguage":"sk-SK"},{"@type":"Organization","@id":"https:\/\/www.websupport.sk\/blog\/#organization","name":"Websupport","url":"https:\/\/www.websupport.sk\/blog\/","logo":{"@type":"ImageObject","inLanguage":"sk-SK","@id":"https:\/\/www.websupport.sk\/blog\/#\/schema\/logo\/image\/","url":"https:\/\/www.websupport.sk\/blog\/app\/uploads\/sites\/2\/2021\/08\/websupport-logo.svg","contentUrl":"https:\/\/www.websupport.sk\/blog\/app\/uploads\/sites\/2\/2021\/08\/websupport-logo.svg","width":153,"height":48,"caption":"Websupport"},"image":{"@id":"https:\/\/www.websupport.sk\/blog\/#\/schema\/logo\/image\/"}},{"@type":"Person","@id":"https:\/\/www.websupport.sk\/blog\/#\/schema\/person\/1ea42c977359d5a825d7cbc2a46e12fd","name":"Barbora Ili\u0107","image":{"@type":"ImageObject","inLanguage":"sk-SK","@id":"https:\/\/secure.gravatar.com\/avatar\/5c5e819eb148ed3b87a6bef0740230ecc742a51e4ed370c2711a9a44e66e66a5?s=96&d=mm&r=g","url":"https:\/\/secure.gravatar.com\/avatar\/5c5e819eb148ed3b87a6bef0740230ecc742a51e4ed370c2711a9a44e66e66a5?s=96&d=mm&r=g","contentUrl":"https:\/\/secure.gravatar.com\/avatar\/5c5e819eb148ed3b87a6bef0740230ecc742a51e4ed370c2711a9a44e66e66a5?s=96&d=mm&r=g","caption":"Barbora Ili\u0107"},"description":"Miluje inovat\u00edvne rie\u0161enia, p\u00ed\u0161e pre svetov\u00e9 medi\u00e1 a spolupracuje s r\u00f4znymi startupmi. Tvor\u00ed komunika\u010dn\u00e9 strat\u00e9gie, je market\u00e9rka, milovn\u00ed\u010dka zdrav\u00e9ho jedla a v\u00e1\u0161niv\u00e1 cestovate\u013eka.","sameAs":["https:\/\/www.facebook.com\/bezprostredna?fref=ts&ref=br_tf"],"url":"https:\/\/www.websupport.sk\/blog\/author\/barbora-ilic\/"}]}},"_links":{"self":[{"href":"https:\/\/www.websupport.sk\/blog\/wp-json\/wp\/v2\/posts\/12127","targetHints":{"allow":["GET"]}}],"collection":[{"href":"https:\/\/www.websupport.sk\/blog\/wp-json\/wp\/v2\/posts"}],"about":[{"href":"https:\/\/www.websupport.sk\/blog\/wp-json\/wp\/v2\/types\/post"}],"author":[{"embeddable":true,"href":"https:\/\/www.websupport.sk\/blog\/wp-json\/wp\/v2\/users\/87"}],"replies":[{"embeddable":true,"href":"https:\/\/www.websupport.sk\/blog\/wp-json\/wp\/v2\/comments?post=12127"}],"version-history":[{"count":3,"href":"https:\/\/www.websupport.sk\/blog\/wp-json\/wp\/v2\/posts\/12127\/revisions"}],"predecessor-version":[{"id":12138,"href":"https:\/\/www.websupport.sk\/blog\/wp-json\/wp\/v2\/posts\/12127\/revisions\/12138"}],"wp:featuredmedia":[{"embeddable":true,"href":"https:\/\/www.websupport.sk\/blog\/wp-json\/wp\/v2\/media\/12136"}],"wp:attachment":[{"href":"https:\/\/www.websupport.sk\/blog\/wp-json\/wp\/v2\/media?parent=12127"}],"wp:term":[{"taxonomy":"category","embeddable":true,"href":"https:\/\/www.websupport.sk\/blog\/wp-json\/wp\/v2\/categories?post=12127"},{"taxonomy":"post_tag","embeddable":true,"href":"https:\/\/www.websupport.sk\/blog\/wp-json\/wp\/v2\/tags?post=12127"}],"curies":[{"name":"wp","href":"https:\/\/api.w.org\/{rel}","templated":true}]}}