{"id":11130,"date":"2018-01-29T12:11:28","date_gmt":"2018-01-29T11:11:28","guid":{"rendered":"https:\/\/www.websupport.sk\/blog\/?p=11130"},"modified":"2025-03-11T21:07:12","modified_gmt":"2025-03-11T20:07:12","slug":"eventy-marketing-zima-2018","status":"publish","type":"post","link":"https:\/\/www.websupport.sk\/blog\/2018\/01\/eventy-marketing-zima-2018\/","title":{"rendered":"Kam sa oplat\u00ed \u00eds\u0165: Eventy pre market\u00e9rov"},"content":{"rendered":"<span class=\"span-reading-time rt-reading-time\" style=\"display: block;\"><span class=\"rt-label rt-prefix\"><b>Doba \u010d\u00edtania:<\/b><\/span> <span class=\"rt-time\"> 3<\/span> <span class=\"rt-label rt-postfix\">min.<\/span><\/span><p><em>Za\u010dnite nov\u00fd rok s nov\u00fdmi vedomos\u0165ami. Vybrali sme pre v\u00e1s top marketingov\u00e9 podujatia, ktor\u00fdch sa m\u00f4\u017eete z\u00fa\u010dastni\u0165 od janu\u00e1ra do marca 2018 v r\u00f4znych eur\u00f3pskych krajin\u00e1ch.<\/em><\/p>\n<blockquote>\n<h2>Janu\u00e1r<\/h2>\n<\/blockquote>\n<h2><strong><a href=\"http:\/\/www.superweek.hu\" target=\"_blank\" rel=\"noopener\">Superweek<\/a><\/strong>, Budape\u0161\u0165 (29.1. &#8211; 2.2. 2018)<\/h2>\n<p>Zameranie konferencie: analytika, data, AI<br \/>\nCena: od 260 \u20ac + DPH za de\u0148 konferencie<\/p>\n<h2><strong><a href=\"https:\/\/ecommerce-expo.cz\" target=\"_blank\" rel=\"noopener\">Ecommerce Expo<\/a><\/strong>, Praha (30.1. 2018)<\/h2>\n<p>Zameranie konferencie: ecommerce<br \/>\nCena: ve\u013etrh zadarmo, konferencia a ve\u013etrh 3618 K\u010d<\/p>\n<h2><strong><a href=\"https:\/\/mobileshoppingeu.wbresearch.com\/\" target=\"_blank\" rel=\"noopener\">Mobile Shopping Europe<\/a><\/strong>, Lond\u00fdn (30.1. &#8211; 1.2. 2018)<\/h2>\n<p>Zameranie konferencie: e-commerce<br \/>\nCena: od \u00a3 499<\/p>\n<p><img loading=\"lazy\" decoding=\"async\" class=\"aligncenter wp-image-11191 size-full\" src=\"https:\/\/www.websupport.sk\/blogoads\/sites\/2\/2017\/11\/marketingova-konferencia.jpg\" alt=\"Marketingov\u00e9 konferencie\" width=\"800\" height=\"571\" srcset=\"https:\/\/www.websupport.sk\/blog\/app\/uploads\/sites\/2\/2017\/11\/marketingova-konferencia.jpg 800w, https:\/\/www.websupport.sk\/blog\/app\/uploads\/sites\/2\/2017\/11\/marketingova-konferencia-300x214.jpg 300w, https:\/\/www.websupport.sk\/blog\/app\/uploads\/sites\/2\/2017\/11\/marketingova-konferencia-768x548.jpg 768w, https:\/\/www.websupport.sk\/blog\/app\/uploads\/sites\/2\/2017\/11\/marketingova-konferencia-530x378.jpg 530w\" sizes=\"auto, (max-width: 800px) 100vw, 800px\" \/><\/p>\n<blockquote>\n<h2>Febru\u00e1r<\/h2>\n<\/blockquote>\n<h2><strong><a href=\"http:\/\/affiliatesummit.com\/events\/aseuro18-london\/\" target=\"_blank\" rel=\"noopener\">Affiliate Summit Europe<\/a><\/strong>, Lond\u00fdn (6.2. &#8211; 7.2. 2018)<\/h2>\n<p>Zameranie konferencie: affiliate marketing<br \/>\nCena: od \u00a3 349<\/p>\n<h2><strong><a href=\"https:\/\/smashingconf.com\" target=\"_blank\" rel=\"noopener\">Smashing conference<\/a><\/strong>, Lond\u00fdn (7 &#8211; 8.2. 2018)<\/h2>\n<p>Zameranie: web, marketing, tech<br \/>\nCena: \u00a3 459<\/p>\n<h2><strong><a href=\"http:\/\/3xedigital.com\" target=\"_blank\" rel=\"noopener\">3XE Digital<\/a><\/strong>, Dublin (8.2. 2018)<\/h2>\n<p>Zameranie konferncie: digit\u00e1lny marketing, obsahov\u00fd marketing, social media<br \/>\nCena: od 195 \u20ac bez DPH (early bird)<\/p>\n<h2><a href=\"https:\/\/ecommerceberlin.com\/\" target=\"_blank\" rel=\"noopener\"><strong>Ecommerce Berlin<\/strong><\/a>, Berl\u00edn (15.2. 2018)<\/h2>\n<p>Zameranie konferencie: ecommerce<br \/>\nCena: pre n\u00e1v\u0161tevn\u00edkov zadarmo<\/p>\n<h2><strong><a href=\"http:\/\/ppcmasters.de\/en\/\" target=\"_blank\" rel=\"noopener\">PPC Masters<\/a><\/strong>, Berl\u00edn (22.2. 2018)<\/h2>\n<p>Zameranie konferencie: PPC advertising, SEM<br \/>\nCena: od 249 \u20ac bez DPH<\/p>\n<h2><strong><a href=\"https:\/\/www.campixx.de\/contentixx\/\" target=\"_blank\" rel=\"noopener\">Contentixx<\/a><\/strong>, Berl\u00edn (27.2. &#8211; 28.2. 2018)<\/h2>\n<p>Zameranie konferencie: obsahov\u00fd marketing<br \/>\nCena: 449 \u20ac bez DPH (early bird)<\/p>\n<h2><strong><a href=\"https:\/\/live.prolificnorth.co.uk\/\" target=\"_blank\" rel=\"noopener\">Prolific North Live<\/a><\/strong>, Manchester (28.2. &#8211; 1.3. 2018)<\/h2>\n<p>Zameranie konferencie: digit\u00e1lny marketing, advertising, multim\u00e9di\u00e1, obsahov\u00fd marketing, PR, branding, technol\u00f3gie<br \/>\nCena: l\u00edstky e\u0161te nie s\u00fa v predaji<\/p>\n<h2><a href=\"https:\/\/smwhh.org\/\" target=\"_blank\" rel=\"noopener\"><strong>Social Media Week<\/strong><\/a>, Hamburg (28.2. &#8211; 2.3. 2018)<\/h2>\n<p>Zameranie: social media<br \/>\nCena: od 25 \u20ac<\/p>\n<blockquote>\n<h2>Marec<\/h2>\n<\/blockquote>\n<h2><strong><a href=\"https:\/\/www.campixx.de\/seo\" target=\"_blank\" rel=\"noopener\">SEO Campixx<\/a><\/strong>, Berl\u00edn (1.3. &#8211; 2.3. 2018)<\/h2>\n<p>Zameranie konferencie: SEO<br \/>\nCena: od 449 \u20ac (early bird)<\/p>\n<h2><strong><a href=\"http:\/\/www.theeuropeansummit.com\/\" target=\"_blank\" rel=\"noopener\">The European Summit<\/a><\/strong>, Lisabon (2.3. &#8211; 5.3. 2018 )<\/h2>\n<p>Zameranie konferencie: biznis, marketing, nov\u00e9 technol\u00f3gie, fintech<br \/>\nCena: od 349 \u20ac<\/p>\n<h2><strong><a href=\"http:\/\/www.marketingweeklive.co.uk\" target=\"_blank\" rel=\"noopener\">Marketing Week Live<\/a><\/strong>, Lond\u00fdn (7 &#8211; 8.3. 2018)<\/h2>\n<p>Zameranie konferencie: marketing<br \/>\nCena: l\u00edstky e\u0161te nie s\u00fa dostupn\u00e9<\/p>\n<h2><strong><a href=\"https:\/\/etailgermany.wbresearch.com\/\" target=\"_blank\" rel=\"noopener\">eTail Germany<\/a><\/strong>, Berl\u00edn (13.3. &#8211; 14.3. 2018 )<\/h2>\n<p>Zameranie konferencie: ecommerce, retail<br \/>\nCena: 799 \u20ac<\/p>\n<h2><a href=\"https:\/\/www.inorbit.si\/\" target=\"_blank\" rel=\"noopener\"><strong>inOrbit 18<\/strong><\/a>, Portoro\u017e, Slovinsko (15 &#8211; 16.3. 2018)<\/h2>\n<p>Zameranie konferencie: growth hacking, konverzie<br \/>\nCena: od 190 \u20ac<\/p>\n<h2><a href=\"http:\/\/london.measurecamp.org\/\" target=\"_blank\" rel=\"noopener\"><strong>MeasureCamp<\/strong><\/a>, Lond\u00fdn (17.3. 2018)<\/h2>\n<p>Zameranie konferencie: webov\u00e1 analytika<br \/>\nCena: zadarmo, registr\u00e1cia je nutn\u00e1<\/p>\n<h2><a href=\"https:\/\/smxmuenchen.de\/\" target=\"_blank\" rel=\"noopener\"><strong>SMX Mn\u00edchov<\/strong><\/a><strong> (<\/strong><strong>20 &#8211; 21.3. 2018)<\/strong><\/h2>\n<p>Zameranie konferencie: search marketing<br \/>\nCena: od 745 \u20ac za de\u0148 (early bird)<\/p>\n<h2><strong><a href=\"http:\/\/www.b2bmarketingexpo.co.uk\" target=\"_blank\" rel=\"noopener\">B2B Marketing Expo<\/a><\/strong>, Lond\u00fdn (21 &#8211; 22.3. 2018)<\/h2>\n<p>Zameranie konferencie: B2B marketing<br \/>\nCena: zadarmo<\/p>\n<h2><a href=\"http:\/\/www.b2cmarketingexpo.co.uk\" target=\"_blank\" rel=\"noopener\"><strong>B2C Marketing Expo<\/strong><\/a>, Lond\u00fdn (21 &#8211; 22.3. 2018)<\/h2>\n<p>Zameranie konferencie: B2C marketing<br \/>\nCena: zadarmo<\/p>\n<h2><strong><a href=\"https:\/\/omr.com\/festival\/en\/\" target=\"_blank\" rel=\"noopener\">Online Marketing Rockstars Festival<\/a><\/strong>, Hamburg (22 &#8211; 23.3. 2018)<\/h2>\n<p>Zameranie konferencie: Online marketing<br \/>\nCena: 25 \u20ac bez DPH (iba expo), 419 \u20ac bez DPH (komplet)<\/p>\n<h2><strong><a href=\"http:\/\/vidconeurope.com\" target=\"_blank\" rel=\"noopener\">VidCon Europe<\/a><\/strong>, Amsterdam (22 &#8211; 24.3. 2018)<\/h2>\n<p>Zameranie konferencie: Video<br \/>\nCena: od 199 \u20ac<\/p>\n<h2><strong><a href=\"http:\/\/bratislava.measurecamp.org\" target=\"_blank\" rel=\"noopener\">MeasureCamp Bratislava<\/a> (24.3. 2018)<\/strong><\/h2>\n<p>Zameranie konferencie: Webov\u00e1 analytika<br \/>\nCena: zadarmo<\/p>\n<div>Zabudli sme na nejak\u00fa super konferenciu? Nap\u00ed\u0161te n\u00e1m do koment\u00e1rov a zoznam aktualizujeme.<\/div>\n","protected":false},"excerpt":{"rendered":"<p>Za\u010dnite nov\u00fd rok s nov\u00fdmi vedomos\u0165ami. Vybrali sme pre v\u00e1s top marketingov\u00e9 podujatia, ktor\u00fdch sa m\u00f4\u017eete z\u00fa\u010dastni\u0165 od janu\u00e1ra do marca 2018 v r\u00f4znych eur\u00f3pskych krajin\u00e1ch. Janu\u00e1r Superweek, Budape\u0161\u0165 (29.1. &#8211; 2.2. 2018) Zameranie konferencie: analytika, data, AI Cena: od 260 \u20ac + DPH za de\u0148 konferencie Ecommerce Expo, Praha (30.1. 2018) Zameranie konferencie: ecommerce [&hellip;]<\/p>\n","protected":false},"author":87,"featured_media":11383,"comment_status":"closed","ping_status":"open","sticky":false,"template":"","format":"standard","meta":{"footnotes":""},"categories":[6],"tags":[],"class_list":["post-11130","post","type-post","status-publish","format-standard","has-post-thumbnail","hentry","category-ostatne"],"yoast_head":"<!-- This site is optimized with the Yoast SEO plugin v27.4 - https:\/\/yoast.com\/product\/yoast-seo-wordpress\/ -->\n<title>Kam sa oplat\u00ed \u00eds\u0165: Eventy pre market\u00e9rov - Websupport blog<\/title>\n<meta name=\"robots\" content=\"index, follow, max-snippet:-1, max-image-preview:large, max-video-preview:-1\" \/>\n<link rel=\"canonical\" href=\"https:\/\/www.websupport.sk\/blog\/2018\/01\/eventy-marketing-zima-2018\/\" \/>\n<meta property=\"og:locale\" content=\"sk_SK\" \/>\n<meta property=\"og:type\" content=\"article\" \/>\n<meta property=\"og:title\" content=\"Kam sa oplat\u00ed \u00eds\u0165: Eventy pre market\u00e9rov - Websupport blog\" \/>\n<meta property=\"og:description\" content=\"Za\u010dnite nov\u00fd rok s nov\u00fdmi vedomos\u0165ami. Vybrali sme pre v\u00e1s top marketingov\u00e9 podujatia, ktor\u00fdch sa m\u00f4\u017eete z\u00fa\u010dastni\u0165 od janu\u00e1ra do marca 2018 v r\u00f4znych eur\u00f3pskych krajin\u00e1ch. Janu\u00e1r Superweek, Budape\u0161\u0165 (29.1. &#8211; 2.2. 2018) Zameranie konferencie: analytika, data, AI Cena: od 260 \u20ac + DPH za de\u0148 konferencie Ecommerce Expo, Praha (30.1. 2018) Zameranie konferencie: ecommerce [&hellip;]\" \/>\n<meta property=\"og:url\" content=\"https:\/\/www.websupport.sk\/blog\/2018\/01\/eventy-marketing-zima-2018\/\" \/>\n<meta property=\"og:site_name\" content=\"Websupport blog\" \/>\n<meta property=\"article:author\" content=\"https:\/\/www.facebook.com\/bezprostredna?fref=ts&amp;ref=br_tf\" \/>\n<meta property=\"article:published_time\" content=\"2018-01-29T11:11:28+00:00\" \/>\n<meta property=\"article:modified_time\" content=\"2025-03-11T20:07:12+00:00\" \/>\n<meta property=\"og:image\" content=\"https:\/\/www.websupport.sk\/blog\/app\/uploads\/sites\/2\/2018\/01\/marketeri2.jpg\" \/>\n\t<meta property=\"og:image:width\" content=\"1920\" \/>\n\t<meta property=\"og:image:height\" content=\"1920\" \/>\n\t<meta property=\"og:image:type\" content=\"image\/jpeg\" \/>\n<meta name=\"author\" content=\"Barbora Ili\u0107\" \/>\n<meta name=\"twitter:card\" content=\"summary_large_image\" \/>\n<meta name=\"twitter:label1\" content=\"Autor\" \/>\n\t<meta name=\"twitter:data1\" content=\"Barbora Ili\u0107\" \/>\n\t<meta name=\"twitter:label2\" content=\"Predpokladan\u00fd \u010das \u010d\u00edtania\" \/>\n\t<meta name=\"twitter:data2\" content=\"2 min\u00faty\" \/>\n<script type=\"application\/ld+json\" class=\"yoast-schema-graph\">{\"@context\":\"https:\\\/\\\/schema.org\",\"@graph\":[{\"@type\":\"Article\",\"@id\":\"https:\\\/\\\/www.websupport.sk\\\/blog\\\/2018\\\/01\\\/eventy-marketing-zima-2018\\\/#article\",\"isPartOf\":{\"@id\":\"https:\\\/\\\/www.websupport.sk\\\/blog\\\/2018\\\/01\\\/eventy-marketing-zima-2018\\\/\"},\"author\":{\"name\":\"Barbora Ili\u0107\",\"@id\":\"https:\\\/\\\/www.websupport.sk\\\/blog\\\/#\\\/schema\\\/person\\\/1ea42c977359d5a825d7cbc2a46e12fd\"},\"headline\":\"Kam sa oplat\u00ed \u00eds\u0165: Eventy pre market\u00e9rov\",\"datePublished\":\"2018-01-29T11:11:28+00:00\",\"dateModified\":\"2025-03-11T20:07:12+00:00\",\"mainEntityOfPage\":{\"@id\":\"https:\\\/\\\/www.websupport.sk\\\/blog\\\/2018\\\/01\\\/eventy-marketing-zima-2018\\\/\"},\"wordCount\":378,\"publisher\":{\"@id\":\"https:\\\/\\\/www.websupport.sk\\\/blog\\\/#organization\"},\"image\":{\"@id\":\"https:\\\/\\\/www.websupport.sk\\\/blog\\\/2018\\\/01\\\/eventy-marketing-zima-2018\\\/#primaryimage\"},\"thumbnailUrl\":\"https:\\\/\\\/www.websupport.sk\\\/blog\\\/app\\\/uploads\\\/sites\\\/2\\\/2018\\\/01\\\/marketeri2.jpg\",\"articleSection\":[\"Ostatn\u00e9\"],\"inLanguage\":\"sk-SK\"},{\"@type\":\"WebPage\",\"@id\":\"https:\\\/\\\/www.websupport.sk\\\/blog\\\/2018\\\/01\\\/eventy-marketing-zima-2018\\\/\",\"url\":\"https:\\\/\\\/www.websupport.sk\\\/blog\\\/2018\\\/01\\\/eventy-marketing-zima-2018\\\/\",\"name\":\"Kam sa oplat\u00ed \u00eds\u0165: Eventy pre market\u00e9rov - Websupport blog\",\"isPartOf\":{\"@id\":\"https:\\\/\\\/www.websupport.sk\\\/blog\\\/#website\"},\"primaryImageOfPage\":{\"@id\":\"https:\\\/\\\/www.websupport.sk\\\/blog\\\/2018\\\/01\\\/eventy-marketing-zima-2018\\\/#primaryimage\"},\"image\":{\"@id\":\"https:\\\/\\\/www.websupport.sk\\\/blog\\\/2018\\\/01\\\/eventy-marketing-zima-2018\\\/#primaryimage\"},\"thumbnailUrl\":\"https:\\\/\\\/www.websupport.sk\\\/blog\\\/app\\\/uploads\\\/sites\\\/2\\\/2018\\\/01\\\/marketeri2.jpg\",\"datePublished\":\"2018-01-29T11:11:28+00:00\",\"dateModified\":\"2025-03-11T20:07:12+00:00\",\"breadcrumb\":{\"@id\":\"https:\\\/\\\/www.websupport.sk\\\/blog\\\/2018\\\/01\\\/eventy-marketing-zima-2018\\\/#breadcrumb\"},\"inLanguage\":\"sk-SK\",\"potentialAction\":[{\"@type\":\"ReadAction\",\"target\":[\"https:\\\/\\\/www.websupport.sk\\\/blog\\\/2018\\\/01\\\/eventy-marketing-zima-2018\\\/\"]}]},{\"@type\":\"ImageObject\",\"inLanguage\":\"sk-SK\",\"@id\":\"https:\\\/\\\/www.websupport.sk\\\/blog\\\/2018\\\/01\\\/eventy-marketing-zima-2018\\\/#primaryimage\",\"url\":\"https:\\\/\\\/www.websupport.sk\\\/blog\\\/app\\\/uploads\\\/sites\\\/2\\\/2018\\\/01\\\/marketeri2.jpg\",\"contentUrl\":\"https:\\\/\\\/www.websupport.sk\\\/blog\\\/app\\\/uploads\\\/sites\\\/2\\\/2018\\\/01\\\/marketeri2.jpg\",\"width\":1920,\"height\":1920},{\"@type\":\"BreadcrumbList\",\"@id\":\"https:\\\/\\\/www.websupport.sk\\\/blog\\\/2018\\\/01\\\/eventy-marketing-zima-2018\\\/#breadcrumb\",\"itemListElement\":[{\"@type\":\"ListItem\",\"position\":1,\"name\":\"Home\",\"item\":\"https:\\\/\\\/www.websupport.sk\\\/blog\\\/\"},{\"@type\":\"ListItem\",\"position\":2,\"name\":\"Kam sa oplat\u00ed \u00eds\u0165: Eventy pre market\u00e9rov\"}]},{\"@type\":\"WebSite\",\"@id\":\"https:\\\/\\\/www.websupport.sk\\\/blog\\\/#website\",\"url\":\"https:\\\/\\\/www.websupport.sk\\\/blog\\\/\",\"name\":\"Websupport blog\",\"description\":\"Websupport blog\",\"publisher\":{\"@id\":\"https:\\\/\\\/www.websupport.sk\\\/blog\\\/#organization\"},\"potentialAction\":[{\"@type\":\"SearchAction\",\"target\":{\"@type\":\"EntryPoint\",\"urlTemplate\":\"https:\\\/\\\/www.websupport.sk\\\/blog\\\/?s={search_term_string}\"},\"query-input\":{\"@type\":\"PropertyValueSpecification\",\"valueRequired\":true,\"valueName\":\"search_term_string\"}}],\"inLanguage\":\"sk-SK\"},{\"@type\":\"Organization\",\"@id\":\"https:\\\/\\\/www.websupport.sk\\\/blog\\\/#organization\",\"name\":\"Websupport\",\"url\":\"https:\\\/\\\/www.websupport.sk\\\/blog\\\/\",\"logo\":{\"@type\":\"ImageObject\",\"inLanguage\":\"sk-SK\",\"@id\":\"https:\\\/\\\/www.websupport.sk\\\/blog\\\/#\\\/schema\\\/logo\\\/image\\\/\",\"url\":\"https:\\\/\\\/www.websupport.sk\\\/blog\\\/app\\\/uploads\\\/sites\\\/2\\\/2021\\\/08\\\/websupport-logo.svg\",\"contentUrl\":\"https:\\\/\\\/www.websupport.sk\\\/blog\\\/app\\\/uploads\\\/sites\\\/2\\\/2021\\\/08\\\/websupport-logo.svg\",\"width\":153,\"height\":48,\"caption\":\"Websupport\"},\"image\":{\"@id\":\"https:\\\/\\\/www.websupport.sk\\\/blog\\\/#\\\/schema\\\/logo\\\/image\\\/\"}},{\"@type\":\"Person\",\"@id\":\"https:\\\/\\\/www.websupport.sk\\\/blog\\\/#\\\/schema\\\/person\\\/1ea42c977359d5a825d7cbc2a46e12fd\",\"name\":\"Barbora Ili\u0107\",\"image\":{\"@type\":\"ImageObject\",\"inLanguage\":\"sk-SK\",\"@id\":\"https:\\\/\\\/secure.gravatar.com\\\/avatar\\\/5c5e819eb148ed3b87a6bef0740230ecc742a51e4ed370c2711a9a44e66e66a5?s=96&d=mm&r=g\",\"url\":\"https:\\\/\\\/secure.gravatar.com\\\/avatar\\\/5c5e819eb148ed3b87a6bef0740230ecc742a51e4ed370c2711a9a44e66e66a5?s=96&d=mm&r=g\",\"contentUrl\":\"https:\\\/\\\/secure.gravatar.com\\\/avatar\\\/5c5e819eb148ed3b87a6bef0740230ecc742a51e4ed370c2711a9a44e66e66a5?s=96&d=mm&r=g\",\"caption\":\"Barbora Ili\u0107\"},\"description\":\"Miluje inovat\u00edvne rie\u0161enia, p\u00ed\u0161e pre svetov\u00e9 medi\u00e1 a spolupracuje s r\u00f4znymi startupmi. Tvor\u00ed komunika\u010dn\u00e9 strat\u00e9gie, je market\u00e9rka, milovn\u00ed\u010dka zdrav\u00e9ho jedla a v\u00e1\u0161niv\u00e1 cestovate\u013eka.\",\"sameAs\":[\"https:\\\/\\\/www.facebook.com\\\/bezprostredna?fref=ts&ref=br_tf\"],\"url\":\"https:\\\/\\\/www.websupport.sk\\\/blog\\\/author\\\/barbora-ilic\\\/\"}]}<\/script>\n<!-- \/ Yoast SEO plugin. -->","yoast_head_json":{"title":"Kam sa oplat\u00ed \u00eds\u0165: Eventy pre market\u00e9rov - Websupport blog","robots":{"index":"index","follow":"follow","max-snippet":"max-snippet:-1","max-image-preview":"max-image-preview:large","max-video-preview":"max-video-preview:-1"},"canonical":"https:\/\/www.websupport.sk\/blog\/2018\/01\/eventy-marketing-zima-2018\/","og_locale":"sk_SK","og_type":"article","og_title":"Kam sa oplat\u00ed \u00eds\u0165: Eventy pre market\u00e9rov - Websupport blog","og_description":"Za\u010dnite nov\u00fd rok s nov\u00fdmi vedomos\u0165ami. Vybrali sme pre v\u00e1s top marketingov\u00e9 podujatia, ktor\u00fdch sa m\u00f4\u017eete z\u00fa\u010dastni\u0165 od janu\u00e1ra do marca 2018 v r\u00f4znych eur\u00f3pskych krajin\u00e1ch. Janu\u00e1r Superweek, Budape\u0161\u0165 (29.1. &#8211; 2.2. 2018) Zameranie konferencie: analytika, data, AI Cena: od 260 \u20ac + DPH za de\u0148 konferencie Ecommerce Expo, Praha (30.1. 2018) Zameranie konferencie: ecommerce [&hellip;]","og_url":"https:\/\/www.websupport.sk\/blog\/2018\/01\/eventy-marketing-zima-2018\/","og_site_name":"Websupport blog","article_author":"https:\/\/www.facebook.com\/bezprostredna?fref=ts&ref=br_tf","article_published_time":"2018-01-29T11:11:28+00:00","article_modified_time":"2025-03-11T20:07:12+00:00","og_image":[{"width":1920,"height":1920,"url":"https:\/\/www.websupport.sk\/blog\/app\/uploads\/sites\/2\/2018\/01\/marketeri2.jpg","type":"image\/jpeg"}],"author":"Barbora Ili\u0107","twitter_card":"summary_large_image","twitter_misc":{"Autor":"Barbora Ili\u0107","Predpokladan\u00fd \u010das \u010d\u00edtania":"2 min\u00faty"},"schema":{"@context":"https:\/\/schema.org","@graph":[{"@type":"Article","@id":"https:\/\/www.websupport.sk\/blog\/2018\/01\/eventy-marketing-zima-2018\/#article","isPartOf":{"@id":"https:\/\/www.websupport.sk\/blog\/2018\/01\/eventy-marketing-zima-2018\/"},"author":{"name":"Barbora Ili\u0107","@id":"https:\/\/www.websupport.sk\/blog\/#\/schema\/person\/1ea42c977359d5a825d7cbc2a46e12fd"},"headline":"Kam sa oplat\u00ed \u00eds\u0165: Eventy pre market\u00e9rov","datePublished":"2018-01-29T11:11:28+00:00","dateModified":"2025-03-11T20:07:12+00:00","mainEntityOfPage":{"@id":"https:\/\/www.websupport.sk\/blog\/2018\/01\/eventy-marketing-zima-2018\/"},"wordCount":378,"publisher":{"@id":"https:\/\/www.websupport.sk\/blog\/#organization"},"image":{"@id":"https:\/\/www.websupport.sk\/blog\/2018\/01\/eventy-marketing-zima-2018\/#primaryimage"},"thumbnailUrl":"https:\/\/www.websupport.sk\/blog\/app\/uploads\/sites\/2\/2018\/01\/marketeri2.jpg","articleSection":["Ostatn\u00e9"],"inLanguage":"sk-SK"},{"@type":"WebPage","@id":"https:\/\/www.websupport.sk\/blog\/2018\/01\/eventy-marketing-zima-2018\/","url":"https:\/\/www.websupport.sk\/blog\/2018\/01\/eventy-marketing-zima-2018\/","name":"Kam sa oplat\u00ed \u00eds\u0165: Eventy pre market\u00e9rov - Websupport blog","isPartOf":{"@id":"https:\/\/www.websupport.sk\/blog\/#website"},"primaryImageOfPage":{"@id":"https:\/\/www.websupport.sk\/blog\/2018\/01\/eventy-marketing-zima-2018\/#primaryimage"},"image":{"@id":"https:\/\/www.websupport.sk\/blog\/2018\/01\/eventy-marketing-zima-2018\/#primaryimage"},"thumbnailUrl":"https:\/\/www.websupport.sk\/blog\/app\/uploads\/sites\/2\/2018\/01\/marketeri2.jpg","datePublished":"2018-01-29T11:11:28+00:00","dateModified":"2025-03-11T20:07:12+00:00","breadcrumb":{"@id":"https:\/\/www.websupport.sk\/blog\/2018\/01\/eventy-marketing-zima-2018\/#breadcrumb"},"inLanguage":"sk-SK","potentialAction":[{"@type":"ReadAction","target":["https:\/\/www.websupport.sk\/blog\/2018\/01\/eventy-marketing-zima-2018\/"]}]},{"@type":"ImageObject","inLanguage":"sk-SK","@id":"https:\/\/www.websupport.sk\/blog\/2018\/01\/eventy-marketing-zima-2018\/#primaryimage","url":"https:\/\/www.websupport.sk\/blog\/app\/uploads\/sites\/2\/2018\/01\/marketeri2.jpg","contentUrl":"https:\/\/www.websupport.sk\/blog\/app\/uploads\/sites\/2\/2018\/01\/marketeri2.jpg","width":1920,"height":1920},{"@type":"BreadcrumbList","@id":"https:\/\/www.websupport.sk\/blog\/2018\/01\/eventy-marketing-zima-2018\/#breadcrumb","itemListElement":[{"@type":"ListItem","position":1,"name":"Home","item":"https:\/\/www.websupport.sk\/blog\/"},{"@type":"ListItem","position":2,"name":"Kam sa oplat\u00ed \u00eds\u0165: Eventy pre market\u00e9rov"}]},{"@type":"WebSite","@id":"https:\/\/www.websupport.sk\/blog\/#website","url":"https:\/\/www.websupport.sk\/blog\/","name":"Websupport blog","description":"Websupport blog","publisher":{"@id":"https:\/\/www.websupport.sk\/blog\/#organization"},"potentialAction":[{"@type":"SearchAction","target":{"@type":"EntryPoint","urlTemplate":"https:\/\/www.websupport.sk\/blog\/?s={search_term_string}"},"query-input":{"@type":"PropertyValueSpecification","valueRequired":true,"valueName":"search_term_string"}}],"inLanguage":"sk-SK"},{"@type":"Organization","@id":"https:\/\/www.websupport.sk\/blog\/#organization","name":"Websupport","url":"https:\/\/www.websupport.sk\/blog\/","logo":{"@type":"ImageObject","inLanguage":"sk-SK","@id":"https:\/\/www.websupport.sk\/blog\/#\/schema\/logo\/image\/","url":"https:\/\/www.websupport.sk\/blog\/app\/uploads\/sites\/2\/2021\/08\/websupport-logo.svg","contentUrl":"https:\/\/www.websupport.sk\/blog\/app\/uploads\/sites\/2\/2021\/08\/websupport-logo.svg","width":153,"height":48,"caption":"Websupport"},"image":{"@id":"https:\/\/www.websupport.sk\/blog\/#\/schema\/logo\/image\/"}},{"@type":"Person","@id":"https:\/\/www.websupport.sk\/blog\/#\/schema\/person\/1ea42c977359d5a825d7cbc2a46e12fd","name":"Barbora Ili\u0107","image":{"@type":"ImageObject","inLanguage":"sk-SK","@id":"https:\/\/secure.gravatar.com\/avatar\/5c5e819eb148ed3b87a6bef0740230ecc742a51e4ed370c2711a9a44e66e66a5?s=96&d=mm&r=g","url":"https:\/\/secure.gravatar.com\/avatar\/5c5e819eb148ed3b87a6bef0740230ecc742a51e4ed370c2711a9a44e66e66a5?s=96&d=mm&r=g","contentUrl":"https:\/\/secure.gravatar.com\/avatar\/5c5e819eb148ed3b87a6bef0740230ecc742a51e4ed370c2711a9a44e66e66a5?s=96&d=mm&r=g","caption":"Barbora Ili\u0107"},"description":"Miluje inovat\u00edvne rie\u0161enia, p\u00ed\u0161e pre svetov\u00e9 medi\u00e1 a spolupracuje s r\u00f4znymi startupmi. Tvor\u00ed komunika\u010dn\u00e9 strat\u00e9gie, je market\u00e9rka, milovn\u00ed\u010dka zdrav\u00e9ho jedla a v\u00e1\u0161niv\u00e1 cestovate\u013eka.","sameAs":["https:\/\/www.facebook.com\/bezprostredna?fref=ts&ref=br_tf"],"url":"https:\/\/www.websupport.sk\/blog\/author\/barbora-ilic\/"}]}},"_links":{"self":[{"href":"https:\/\/www.websupport.sk\/blog\/wp-json\/wp\/v2\/posts\/11130","targetHints":{"allow":["GET"]}}],"collection":[{"href":"https:\/\/www.websupport.sk\/blog\/wp-json\/wp\/v2\/posts"}],"about":[{"href":"https:\/\/www.websupport.sk\/blog\/wp-json\/wp\/v2\/types\/post"}],"author":[{"embeddable":true,"href":"https:\/\/www.websupport.sk\/blog\/wp-json\/wp\/v2\/users\/87"}],"replies":[{"embeddable":true,"href":"https:\/\/www.websupport.sk\/blog\/wp-json\/wp\/v2\/comments?post=11130"}],"version-history":[{"count":1,"href":"https:\/\/www.websupport.sk\/blog\/wp-json\/wp\/v2\/posts\/11130\/revisions"}],"predecessor-version":[{"id":34356,"href":"https:\/\/www.websupport.sk\/blog\/wp-json\/wp\/v2\/posts\/11130\/revisions\/34356"}],"wp:featuredmedia":[{"embeddable":true,"href":"https:\/\/www.websupport.sk\/blog\/wp-json\/wp\/v2\/media\/11383"}],"wp:attachment":[{"href":"https:\/\/www.websupport.sk\/blog\/wp-json\/wp\/v2\/media?parent=11130"}],"wp:term":[{"taxonomy":"category","embeddable":true,"href":"https:\/\/www.websupport.sk\/blog\/wp-json\/wp\/v2\/categories?post=11130"},{"taxonomy":"post_tag","embeddable":true,"href":"https:\/\/www.websupport.sk\/blog\/wp-json\/wp\/v2\/tags?post=11130"}],"curies":[{"name":"wp","href":"https:\/\/api.w.org\/{rel}","templated":true}]}}