{"id":10596,"date":"2017-06-26T09:51:44","date_gmt":"2017-06-26T07:51:44","guid":{"rendered":"https:\/\/www.websupport.sk\/blog\/?p=10596"},"modified":"2025-03-11T21:07:08","modified_gmt":"2025-03-11T20:07:08","slug":"tedxbratislava-2017","status":"publish","type":"post","link":"https:\/\/www.websupport.sk\/blog\/2017\/06\/tedxbratislava-2017\/","title":{"rendered":"Podporujeme TEDxBratislava 2017"},"content":{"rendered":"<span class=\"span-reading-time rt-reading-time\" style=\"display: block;\"><span class=\"rt-label rt-prefix\"><b>Doba \u010d\u00edtania:<\/b><\/span> <span class=\"rt-time\"> 6<\/span> <span class=\"rt-label rt-postfix\">min.<\/span><\/span><p><em><a href=\"http:\/\/www.tedxbratislava.sk\" target=\"_blank\" rel=\"noopener noreferrer\">TEDxBratislava<\/a> u\u017e ka\u017edoro\u010dne prin\u00e1\u0161a top osobnosti\u00a0zo Slovenska aj zo sveta, ktor\u00e9 s\u00fa v\u00fdnimo\u010dn\u00e9 svojim talentom, skutkami \u010di zm\u00fd\u0161\u013ean\u00edm. Po\u010das jedn\u00e9ho d\u0148a in\u0161piruj\u00fa stovky div\u00e1kov priamo na podujat\u00ed a tis\u00edcky \u013eud\u00ed cez <a href=\"https:\/\/www.youtube.com\/user\/tedxbratislava\" target=\"_blank\" rel=\"noopener noreferrer\">vide\u00e1 na YouTube<\/a>. Ak potrebujete nakopn\u00fa\u0165 pozit\u00edvnou energiou, vyhra\u010fte\u00a0si 2. j\u00fal pre <a href=\"http:\/\/www.tedxbratislava.sk\/\" target=\"_blank\" rel=\"noopener noreferrer\">TEDxBratislava<\/a>.\u00a0Dominika Babulicov\u00e1 n\u00e1m prezradila, \u010do na v\u00e1s tento rok \u010dak\u00e1.<\/em><\/p>\n<p><strong>Ak\u00fa t\u00e9mu ste si zvolili pre tohtoro\u010dn\u00fd TEDxBratislava?<\/strong><\/p>\n<p>Ka\u017ed\u00fd rok sa sna\u017e\u00edme da\u0165 konferencii v\u00fdsti\u017en\u00fd podtitul so schopnos\u0165ou obsiahnu\u0165 t\u00e9my, ktor\u00e9 pova\u017eujeme za aktu\u00e1lne a d\u00f4le\u017eit\u00e9. Tentoraz padla vo\u013eba na zdanlivo jednoduch\u00e9 Straty a n\u00e1lezy, ktor\u00e9 v\u0161ak mnoh\u00e9 skr\u00fdvaj\u00fa a ka\u017ed\u00fd \u00fa\u010dastn\u00edk za touto fr\u00e1zou n\u00e1jde nie\u010do vlastn\u00e9. Ke\u010f sme titul \u00f4smeho ro\u010dn\u00edka vyberali, v t\u00edme rezonovali naozaj rozli\u010dn\u00e9 t\u00e9my, no opakovali sa napr\u00edklad extr\u00e9mizmus \u010di imigr\u00e1cia. A tak sme si uvedomili, \u017ee tieto aj ostatn\u00e9 t\u00e9my sp\u00e1ja pr\u00e1ve rozdielnos\u0165 a polarita. Vzd\u00e1vanie sa vlastn\u00fdch n\u00e1zorov a nekritick\u00e9 preberanie cudz\u00edch. H\u013eadanie pravdy, akcept\u00e1cia \u010di hum\u00e1nnos\u0165 ako protip\u00f3ly n\u00e1s n\u00e1sledne viedli aj k v\u00fdberu niektor\u00fdch re\u010dn\u00edkov. Podtitul sa bude prel\u00edna\u0165 celou konferenciou, nebude to v\u0161ak len o str\u00e1can\u00ed a nach\u00e1dzan\u00ed.<\/p>\n<p><img loading=\"lazy\" decoding=\"async\" class=\"aligncenter wp-image-10599 size-full\" src=\"https:\/\/www.websupport.sk\/blogoads\/sites\/2\/2017\/06\/tedx-bratislava-stage.jpg\" alt=\"TEDxBratislava stage\" width=\"640\" height=\"427\" srcset=\"https:\/\/www.websupport.sk\/blog\/app\/uploads\/sites\/2\/2017\/06\/tedx-bratislava-stage.jpg 640w, https:\/\/www.websupport.sk\/blog\/app\/uploads\/sites\/2\/2017\/06\/tedx-bratislava-stage-300x200.jpg 300w, https:\/\/www.websupport.sk\/blog\/app\/uploads\/sites\/2\/2017\/06\/tedx-bratislava-stage-530x354.jpg 530w\" sizes=\"auto, (max-width: 640px) 100vw, 640px\" \/><\/p>\n<p><strong>Na ak\u00fdch re\u010dn\u00edkov sa vy te\u0161\u00edte tento rok najviac?<\/strong><\/p>\n<p>Osobne sa najviac te\u0161\u00edm z toho, \u017ee sn\u00e1\u010f po prv\u00fd raz v hist\u00f3rii TEDxBratislava sme sa museli zaobera\u0165 \u201cpozit\u00edvnou diskrimin\u00e1ciou\u201d, ke\u010f sme zistili, \u017ee v programe m\u00e1me prevahu \u017eien. Aj tento rok sme si dali z\u00e1le\u017ea\u0165 na multi\u017e\u00e1nrovosti a tematickej pestrosti a na p\u00f3dium sme pozvali naozaj v\u00fdnimo\u010dn\u00fdch slovensk\u00fdch aj zahrani\u010dn\u00fdch re\u010dn\u00edkov. Histori\u010dka Jarmila Bedna\u0159\u00edkov\u00e1 uk\u00e1\u017ee, \u017ee migr\u00e1cia m\u00f4\u017ee dopadn\u00fa\u0165 dobre aj zle a je len na n\u00e1s, ktorou cestou sa vyberieme. Biohacker Jowan \u00d6sterlund porozpr\u00e1va o digitaliz\u00e1cii \u013eudsk\u00e9ho tela implantovan\u00edm \u010dipov a jazykovedky\u0148a Lucia Moln\u00e1r Satinsk\u00e1 sa pozrie na viacjazy\u010dnos\u0165 v Bratislave a na Slovensku. Mikrobiol\u00f3g Slava Epstein predstav\u00ed jedine\u010dn\u00fd v\u00fdskum mikrobi\u00e1lnej \u201etemnej hmoty\u201c, v\u010faka ktorej jeho laborat\u00f3rium vyvinulo nov\u00fd pr\u00edstup k objavovaniu liekov. Youtuberka Jessica McCabe pr\u00edde zb\u00fara\u0165 m\u00fdty o tom, \u017ee diagn\u00f3zu ADHD m\u00e1 ka\u017ed\u00e9 neposedn\u00e9 die\u0165a. Najviac sa v\u0161ak te\u0161\u00edm na \u010distokrvn\u00fa humanitu, ktor\u00fa 2. j\u00fala do SND vnesie vojnov\u00e1 pam\u00e4tn\u00ed\u010dka Eva Mosn\u00e1kov\u00e1.<\/p>\n<p><strong>Ak\u00fd je z\u00e1ujem o TEDxBratislava 2017?<\/strong><\/p>\n<p>Sme radi, \u017ee TEDxBratislava ka\u017ed\u00fd rok pril\u00e1ka pestr\u00fa vzorku \u00fa\u010dastn\u00edkov, preto\u017ee aj to dotv\u00e1ra \u010daro podujatia. Pr\u00e1ve mo\u017enos\u0165 stretn\u00fa\u0165 stovky otvoren\u00fdch hl\u00e1v na jednom mieste rob\u00ed konferencie TEDx z\u00e1\u017eitkom, ktor\u00e9mu sa sledovanie predn\u00e1\u0161ok na internete nevyrovn\u00e1. Je u\u017e trad\u00edciou, \u017ee vstupenky na TEDxBratislava sa pred podujat\u00edm vypredaj\u00fa, preto je riziko odklada\u0165 k\u00fapu na posledn\u00fa chv\u00ed\u013eu.<\/p>\n<p><img loading=\"lazy\" decoding=\"async\" class=\"aligncenter wp-image-10600 size-full\" src=\"https:\/\/www.websupport.sk\/blogoads\/sites\/2\/2017\/06\/tedx-bratislava.jpg\" alt=\"TEDxBratislava speaker\" width=\"640\" height=\"428\" srcset=\"https:\/\/www.websupport.sk\/blog\/app\/uploads\/sites\/2\/2017\/06\/tedx-bratislava.jpg 640w, https:\/\/www.websupport.sk\/blog\/app\/uploads\/sites\/2\/2017\/06\/tedx-bratislava-300x201.jpg 300w, https:\/\/www.websupport.sk\/blog\/app\/uploads\/sites\/2\/2017\/06\/tedx-bratislava-530x354.jpg 530w\" sizes=\"auto, (max-width: 640px) 100vw, 640px\" \/><\/p>\n<p><strong>Ak\u00e9 s\u00fa va\u0161e sny a v\u00edzie v spojitosti s TEDxBratislava do bud\u00facnosti?<\/strong><\/p>\n<p>Radi hovorievame, \u017ee TEDxBratislava nie je len pre Bratislavu, a sna\u017e\u00edme sa, aby t\u00e9my, ktor\u00e9 na p\u00f3diu otv\u00e1rame, niesli posolstvo pre cel\u00e9 Slovensko \u010di dokonca glob\u00e1lne publikum. Te\u0161\u00ed n\u00e1s, \u017ee TED vide\u00e1 z\u00edskavaj\u00fa st\u00e1le v\u00e4\u010d\u0161iu popularitu aj na Slovensku, no pr\u00e1ve o predn\u00e1\u0161kach z t\u00fdch slovensk\u00fdch TEDx-ov sa u n\u00e1s vie m\u00e1lo. Na\u0161ou dlhodobou snahou je zmeni\u0165 to a vyhn\u00fa\u0165 sa n\u00e1lepke \u201cbratislavsk\u00e1 kaviare\u0148\u201d. Preto h\u013ead\u00e1me napr\u00edklad aj ambas\u00e1dorov, ktor\u00ed n\u00e1m pom\u00f4\u017eu vyst\u00fapenia z TEDxBratislava formou zorganizovania viewing party dosta\u0165 do in\u00fdch miest a pokojne aj do zahrani\u010dia. Ide o skupinov\u00e9 sledovanie \u017eiv\u00e9ho streamu zo s\u00e1ly SND, ktor\u00e9 organiz\u00e1tori m\u00f4\u017eu obohati\u0165 vlastn\u00fdmi prest\u00e1vkov\u00fdmi aktivitami, ob\u010derstven\u00edm \u010di pozva\u0165 si lok\u00e1lneho re\u010dn\u00edka.<\/p>\n<p><strong>\u010co boli va\u0161e doteraj\u0161ie najv\u00e4\u010d\u0161ie v\u00fdzvy?<\/strong><\/p>\n<p>Ke\u010f to vezmem \u00faplne od podstaty, v neziskovom sektore b\u00fdva v\u00fdzvou v\u00f4bec nejak\u00e9 \u010fal\u0161ie podujatie urobi\u0165. Ke\u010f\u017ee sa v\u0161ak te\u0161\u00edme priazni podporovate\u013eov, m\u00f4\u017eeme sa na v\u00fdzvy pozera\u0165 nie ako na hrozby, ale ako na pr\u00edle\u017eitosti. Tou najv\u00e4\u010d\u0161ou je bezpochyby z roka na rok prekro\u010di\u0165 \u010fal\u0161\u00ed pomyseln\u00fd stupienok na rebr\u00ed\u010dku kvality, pri\u010dom t\u00e1 m\u00f4\u017ee u ka\u017ed\u00e9ho spo\u010d\u00edva\u0165 v nie\u010dom inom. Na niektor\u00e9 konferencie sa \u013eudia chodia vyslovene iba najes\u0165 a povymiena\u0165 si vizitky, na in\u00fdch zase z\u00edskaj\u00fa nov\u00e9 inform\u00e1cie, ale odch\u00e1dzaj\u00fa s pr\u00e1zdnym \u017eal\u00fadkom a bez jedin\u00e9ho z\u00e1\u017eitku, o ktor\u00fd by sa chceli podeli\u0165. My sa sna\u017e\u00edme nezanedba\u0165 ani jednu s\u00fa\u010das\u0165 podujatia, \u010di u\u017e je to vo\u013eba t\u00e9m a re\u010dn\u00edkov, catering, prest\u00e1vkov\u00e9 aktivity, vizu\u00e1lna str\u00e1nka alebo jednoducho len dobr\u00e1 sk\u00fasenos\u0165 s n\u00e1pomocn\u00fdm dobrovo\u013en\u00edkom. Sna\u017e\u00edme sa nielen nezaosta\u0165, ale ka\u017ed\u00fd rok o nie\u010do predbehn\u00fa\u0165 predch\u00e1dzaj\u00faci ro\u010dn\u00edk. A to je permanentn\u00e1 v\u00fdzva.<\/p>\n<p><strong>\u010co v\u00e1s najviac te\u0161\u00ed na tejto pr\u00e1ci?<\/strong><\/p>\n<p>T\u00e1 neuverite\u013en\u00e1 sloboda zrealizova\u0165 \u010doko\u013evek, \u010do si vymysl\u00edme a od\u00f4vodn\u00edme. Pri\u010dom je to vlastne paradox, preto\u017ee v skuto\u010dnosti sme zviazan\u00ed mnoh\u00fdmi licen\u010dn\u00fdmi podmienkami a, samozrejme, nemal\u00fdmi re\u017eijn\u00fdmi n\u00e1kladmi. No v\u010faka podporovate\u013eom a partnerom, ktor\u00ed n\u00e1m opakovane preukazuj\u00fa svoju d\u00f4veru, sa n\u00e1m dar\u00ed z podujatia robi\u0165 v\u00fdnimo\u010dn\u00fd z\u00e1\u017eitok. Tak\u00fd v\u00fdnimo\u010dn\u00fd, \u017ee hoci je to iba jedin\u00fd de\u0148, \u013eudia sa k nemu vracaj\u00fa po cel\u00fd nasleduj\u00faci rok. A ke\u010f to nakoniec vid\u00edte do seba zapadn\u00fa\u0165, je skvel\u00e9 vedie\u0165, \u017ee z mali\u010dkej \u010dasti sa to podarilo aj v\u010faka v\u00e1m.<\/p>\n<p><img loading=\"lazy\" decoding=\"async\" class=\"aligncenter wp-image-10598 size-full\" src=\"https:\/\/www.websupport.sk\/blogoads\/sites\/2\/2017\/06\/tedx-bratislava-crowd.jpg\" alt=\"TEDxBratislava crowd\" width=\"640\" height=\"427\" srcset=\"https:\/\/www.websupport.sk\/blog\/app\/uploads\/sites\/2\/2017\/06\/tedx-bratislava-crowd.jpg 640w, https:\/\/www.websupport.sk\/blog\/app\/uploads\/sites\/2\/2017\/06\/tedx-bratislava-crowd-300x200.jpg 300w, https:\/\/www.websupport.sk\/blog\/app\/uploads\/sites\/2\/2017\/06\/tedx-bratislava-crowd-530x354.jpg 530w\" sizes=\"auto, (max-width: 640px) 100vw, 640px\" \/><\/p>\n<p><strong>Ako v\u00e1m m\u00f4\u017eu in\u00ed pom\u00f4c\u0165?<\/strong><\/p>\n<p>Ak\u00fako\u013evek v\u00fdpomoc hocikedy po\u010das roka si ve\u013emi cen\u00edme. Sami sme dobrovo\u013en\u00edkmi, ktor\u00ed sa pr\u00edprave TEDxBratislava venuj\u00fa popri svojich zamestnaniach, a sp\u00e1ja n\u00e1s spolo\u010dn\u00fd z\u00e1v\u00e4zok. Preto ani ponuka pom\u00f4c\u0165 zv\u00e4\u010d\u0161a nezostane nevyu\u017eit\u00e1. Najintenz\u00edvnej\u0161ie spolupracujeme s dobrovo\u013en\u00edkmi, ktor\u00ed n\u00e1m pom\u00e1haj\u00fa priamo v de\u0148 konania, ale i s kr\u00e1tkodob\u00fdmi pr\u00edpravami, preto ich v\u00fdber realizujeme u\u017e na jar. St\u00e1le je v\u0161ak mo\u017enos\u0165 sta\u0165 sa ambas\u00e1dorom a zorganizova\u0165 viewing party alebo na\u0161e aktivity podpori\u0165 finan\u010dn\u00fdm pr\u00edspevkom, ktor\u00fd n\u00e1m napr\u00edklad pom\u00f4\u017ee pripravova\u0165 \u010dastej\u0161ie na\u0161e komorn\u00e9 TEDx-y s pr\u00edvlastkom Sal\u00f3n.<\/p>\n<p><strong>Spolupracujete na Slovensku aj s in\u00fdmi organiz\u00e1ciami a coworkingami?<\/strong><\/p>\n<p>Bratislavsk\u00fdm coworkingom v\u010fa\u010d\u00edme za mo\u017enosti vies\u0165 tu svoje nekone\u010dn\u00e9 hodiny \u00favah o pripravovanom ro\u010dn\u00edku. Okrem nich spolupracujeme aj s niektor\u00fdmi mimobratislavsk\u00fdmi, ktor\u00e9 sa podujali zorganizova\u0165 priamy prenos z podujatia. To mno\u017estvo pozoruhodn\u00fdch neziskoviek a organiz\u00e1ci\u00ed, ktor\u00e9 sa sna\u017e\u00edme podporova\u0165 aspo\u0148 prost\u00fdm zdie\u013ean\u00edm ich my\u0161lienky, sa sn\u00e1\u010f ani ned\u00e1 spo\u010d\u00edta\u0165. A samozrejme, sna\u017e\u00edme sa by\u0165 v kontakte aj s organiz\u00e1tormi in\u00fdch TEDx konferenci\u00ed na Slovensku a okolit\u00fdch krajin\u00e1ch.<\/p>\n<p><strong>Od kedy ste za\u010dali robi\u0165 TEDxBratislava, vn\u00edmate nejak\u00fd ideov\u00fd posun v r\u00e1mci Slovenska?<\/strong><\/p>\n<p>Bolo by odv\u00e1\u017ene tvrdi\u0165, \u017ee za nejak\u00fd ideov\u00fd posun Slov\u00e1kov m\u00f4\u017ee pr\u00e1ve TEDxBratislava. Sna\u017e\u00edme sa v\u0161ak robi\u0165 v\u0161etko pre to, aby v spolo\u010dnosti zarezonovali t\u00e9my, ktor\u00e9 pova\u017eujeme za d\u00f4le\u017eit\u00e9, no zd\u00e1 sa n\u00e1m, \u017ee sa im nevenuje dostato\u010dn\u00e1 pozornos\u0165. Ver\u00edm, \u017ee v\u010faka spr\u00e1vnej vo\u013ebe re\u010dn\u00edkov sa n\u00e1m takto u\u017e nieko\u013eko t\u00e9m podarilo vytiahnu\u0165 na o\u010di \u0161irokej verejnosti. Uvid\u00edme, ktor\u00e1 to bude tento rok.<\/p>\n","protected":false},"excerpt":{"rendered":"<p>TEDxBratislava u\u017e ka\u017edoro\u010dne prin\u00e1\u0161a top osobnosti\u00a0zo Slovenska aj zo sveta, ktor\u00e9 s\u00fa v\u00fdnimo\u010dn\u00e9 svojim talentom, skutkami \u010di zm\u00fd\u0161\u013ean\u00edm. Po\u010das jedn\u00e9ho d\u0148a in\u0161piruj\u00fa stovky div\u00e1kov priamo na podujat\u00ed a tis\u00edcky \u013eud\u00ed cez vide\u00e1 na YouTube. Ak potrebujete nakopn\u00fa\u0165 pozit\u00edvnou energiou, vyhra\u010fte\u00a0si 2. j\u00fal pre TEDxBratislava.\u00a0Dominika Babulicov\u00e1 n\u00e1m prezradila, \u010do na v\u00e1s tento rok \u010dak\u00e1. Ak\u00fa t\u00e9mu [&hellip;]<\/p>\n","protected":false},"author":87,"featured_media":10607,"comment_status":"closed","ping_status":"open","sticky":false,"template":"","format":"standard","meta":{"footnotes":""},"categories":[10,11],"tags":[116,1098,792,842,956],"class_list":["post-10596","post","type-post","status-publish","format-standard","has-post-thumbnail","hentry","category-vzdelavanie-2","category-zakulisie","tag-blog","tag-podporujeme","tag-sponzoring","tag-tedx-2","tag-websupport"],"yoast_head":"<!-- This site is optimized with the Yoast SEO plugin v27.4 - https:\/\/yoast.com\/product\/yoast-seo-wordpress\/ -->\n<title>Podporujeme TEDxBratislava 2017 - Websupport blog<\/title>\n<meta name=\"robots\" content=\"index, follow, max-snippet:-1, max-image-preview:large, max-video-preview:-1\" \/>\n<link rel=\"canonical\" href=\"https:\/\/www.websupport.sk\/blog\/2017\/06\/tedxbratislava-2017\/\" \/>\n<meta property=\"og:locale\" content=\"sk_SK\" \/>\n<meta property=\"og:type\" content=\"article\" \/>\n<meta property=\"og:title\" content=\"Podporujeme TEDxBratislava 2017 - Websupport blog\" \/>\n<meta property=\"og:description\" content=\"TEDxBratislava u\u017e ka\u017edoro\u010dne prin\u00e1\u0161a top osobnosti\u00a0zo Slovenska aj zo sveta, ktor\u00e9 s\u00fa v\u00fdnimo\u010dn\u00e9 svojim talentom, skutkami \u010di zm\u00fd\u0161\u013ean\u00edm. Po\u010das jedn\u00e9ho d\u0148a in\u0161piruj\u00fa stovky div\u00e1kov priamo na podujat\u00ed a tis\u00edcky \u013eud\u00ed cez vide\u00e1 na YouTube. Ak potrebujete nakopn\u00fa\u0165 pozit\u00edvnou energiou, vyhra\u010fte\u00a0si 2. j\u00fal pre TEDxBratislava.\u00a0Dominika Babulicov\u00e1 n\u00e1m prezradila, \u010do na v\u00e1s tento rok \u010dak\u00e1. Ak\u00fa t\u00e9mu [&hellip;]\" \/>\n<meta property=\"og:url\" content=\"https:\/\/www.websupport.sk\/blog\/2017\/06\/tedxbratislava-2017\/\" \/>\n<meta property=\"og:site_name\" content=\"Websupport blog\" \/>\n<meta property=\"article:author\" content=\"https:\/\/www.facebook.com\/bezprostredna?fref=ts&amp;ref=br_tf\" \/>\n<meta property=\"article:published_time\" content=\"2017-06-26T07:51:44+00:00\" \/>\n<meta property=\"article:modified_time\" content=\"2025-03-11T20:07:08+00:00\" \/>\n<meta property=\"og:image\" content=\"https:\/\/www.websupport.sk\/blog\/app\/uploads\/sites\/2\/2017\/06\/tedx-ba-thumb.jpg\" \/>\n\t<meta property=\"og:image:width\" content=\"1920\" \/>\n\t<meta property=\"og:image:height\" content=\"2255\" \/>\n\t<meta property=\"og:image:type\" content=\"image\/jpeg\" \/>\n<meta name=\"author\" content=\"Barbora Ili\u0107\" \/>\n<meta name=\"twitter:card\" content=\"summary_large_image\" \/>\n<meta name=\"twitter:label1\" content=\"Autor\" \/>\n\t<meta name=\"twitter:data1\" content=\"Barbora Ili\u0107\" \/>\n\t<meta name=\"twitter:label2\" content=\"Predpokladan\u00fd \u010das \u010d\u00edtania\" \/>\n\t<meta name=\"twitter:data2\" content=\"7 min\u00fat\" \/>\n<script type=\"application\/ld+json\" class=\"yoast-schema-graph\">{\"@context\":\"https:\\\/\\\/schema.org\",\"@graph\":[{\"@type\":\"Article\",\"@id\":\"https:\\\/\\\/www.websupport.sk\\\/blog\\\/2017\\\/06\\\/tedxbratislava-2017\\\/#article\",\"isPartOf\":{\"@id\":\"https:\\\/\\\/www.websupport.sk\\\/blog\\\/2017\\\/06\\\/tedxbratislava-2017\\\/\"},\"author\":{\"name\":\"Barbora Ili\u0107\",\"@id\":\"https:\\\/\\\/www.websupport.sk\\\/blog\\\/#\\\/schema\\\/person\\\/1ea42c977359d5a825d7cbc2a46e12fd\"},\"headline\":\"Podporujeme TEDxBratislava 2017\",\"datePublished\":\"2017-06-26T07:51:44+00:00\",\"dateModified\":\"2025-03-11T20:07:08+00:00\",\"mainEntityOfPage\":{\"@id\":\"https:\\\/\\\/www.websupport.sk\\\/blog\\\/2017\\\/06\\\/tedxbratislava-2017\\\/\"},\"wordCount\":1355,\"publisher\":{\"@id\":\"https:\\\/\\\/www.websupport.sk\\\/blog\\\/#organization\"},\"image\":{\"@id\":\"https:\\\/\\\/www.websupport.sk\\\/blog\\\/2017\\\/06\\\/tedxbratislava-2017\\\/#primaryimage\"},\"thumbnailUrl\":\"https:\\\/\\\/www.websupport.sk\\\/blog\\\/app\\\/uploads\\\/sites\\\/2\\\/2017\\\/06\\\/tedx-ba-thumb.jpg\",\"keywords\":[\"blog\",\"podporujeme\",\"sponzoring\",\"tedx\",\"websupport\"],\"articleSection\":[\"Vzdel\u00e1vanie\",\"Z\u00e1kulisie\"],\"inLanguage\":\"sk-SK\"},{\"@type\":\"WebPage\",\"@id\":\"https:\\\/\\\/www.websupport.sk\\\/blog\\\/2017\\\/06\\\/tedxbratislava-2017\\\/\",\"url\":\"https:\\\/\\\/www.websupport.sk\\\/blog\\\/2017\\\/06\\\/tedxbratislava-2017\\\/\",\"name\":\"Podporujeme TEDxBratislava 2017 - Websupport blog\",\"isPartOf\":{\"@id\":\"https:\\\/\\\/www.websupport.sk\\\/blog\\\/#website\"},\"primaryImageOfPage\":{\"@id\":\"https:\\\/\\\/www.websupport.sk\\\/blog\\\/2017\\\/06\\\/tedxbratislava-2017\\\/#primaryimage\"},\"image\":{\"@id\":\"https:\\\/\\\/www.websupport.sk\\\/blog\\\/2017\\\/06\\\/tedxbratislava-2017\\\/#primaryimage\"},\"thumbnailUrl\":\"https:\\\/\\\/www.websupport.sk\\\/blog\\\/app\\\/uploads\\\/sites\\\/2\\\/2017\\\/06\\\/tedx-ba-thumb.jpg\",\"datePublished\":\"2017-06-26T07:51:44+00:00\",\"dateModified\":\"2025-03-11T20:07:08+00:00\",\"breadcrumb\":{\"@id\":\"https:\\\/\\\/www.websupport.sk\\\/blog\\\/2017\\\/06\\\/tedxbratislava-2017\\\/#breadcrumb\"},\"inLanguage\":\"sk-SK\",\"potentialAction\":[{\"@type\":\"ReadAction\",\"target\":[\"https:\\\/\\\/www.websupport.sk\\\/blog\\\/2017\\\/06\\\/tedxbratislava-2017\\\/\"]}]},{\"@type\":\"ImageObject\",\"inLanguage\":\"sk-SK\",\"@id\":\"https:\\\/\\\/www.websupport.sk\\\/blog\\\/2017\\\/06\\\/tedxbratislava-2017\\\/#primaryimage\",\"url\":\"https:\\\/\\\/www.websupport.sk\\\/blog\\\/app\\\/uploads\\\/sites\\\/2\\\/2017\\\/06\\\/tedx-ba-thumb.jpg\",\"contentUrl\":\"https:\\\/\\\/www.websupport.sk\\\/blog\\\/app\\\/uploads\\\/sites\\\/2\\\/2017\\\/06\\\/tedx-ba-thumb.jpg\",\"width\":1920,\"height\":2255,\"caption\":\"WebSupport podporuje TEDx\"},{\"@type\":\"BreadcrumbList\",\"@id\":\"https:\\\/\\\/www.websupport.sk\\\/blog\\\/2017\\\/06\\\/tedxbratislava-2017\\\/#breadcrumb\",\"itemListElement\":[{\"@type\":\"ListItem\",\"position\":1,\"name\":\"Home\",\"item\":\"https:\\\/\\\/www.websupport.sk\\\/blog\\\/\"},{\"@type\":\"ListItem\",\"position\":2,\"name\":\"Podporujeme TEDxBratislava 2017\"}]},{\"@type\":\"WebSite\",\"@id\":\"https:\\\/\\\/www.websupport.sk\\\/blog\\\/#website\",\"url\":\"https:\\\/\\\/www.websupport.sk\\\/blog\\\/\",\"name\":\"Websupport blog\",\"description\":\"Websupport blog\",\"publisher\":{\"@id\":\"https:\\\/\\\/www.websupport.sk\\\/blog\\\/#organization\"},\"potentialAction\":[{\"@type\":\"SearchAction\",\"target\":{\"@type\":\"EntryPoint\",\"urlTemplate\":\"https:\\\/\\\/www.websupport.sk\\\/blog\\\/?s={search_term_string}\"},\"query-input\":{\"@type\":\"PropertyValueSpecification\",\"valueRequired\":true,\"valueName\":\"search_term_string\"}}],\"inLanguage\":\"sk-SK\"},{\"@type\":\"Organization\",\"@id\":\"https:\\\/\\\/www.websupport.sk\\\/blog\\\/#organization\",\"name\":\"Websupport\",\"url\":\"https:\\\/\\\/www.websupport.sk\\\/blog\\\/\",\"logo\":{\"@type\":\"ImageObject\",\"inLanguage\":\"sk-SK\",\"@id\":\"https:\\\/\\\/www.websupport.sk\\\/blog\\\/#\\\/schema\\\/logo\\\/image\\\/\",\"url\":\"https:\\\/\\\/www.websupport.sk\\\/blog\\\/app\\\/uploads\\\/sites\\\/2\\\/2021\\\/08\\\/websupport-logo.svg\",\"contentUrl\":\"https:\\\/\\\/www.websupport.sk\\\/blog\\\/app\\\/uploads\\\/sites\\\/2\\\/2021\\\/08\\\/websupport-logo.svg\",\"width\":153,\"height\":48,\"caption\":\"Websupport\"},\"image\":{\"@id\":\"https:\\\/\\\/www.websupport.sk\\\/blog\\\/#\\\/schema\\\/logo\\\/image\\\/\"}},{\"@type\":\"Person\",\"@id\":\"https:\\\/\\\/www.websupport.sk\\\/blog\\\/#\\\/schema\\\/person\\\/1ea42c977359d5a825d7cbc2a46e12fd\",\"name\":\"Barbora Ili\u0107\",\"image\":{\"@type\":\"ImageObject\",\"inLanguage\":\"sk-SK\",\"@id\":\"https:\\\/\\\/secure.gravatar.com\\\/avatar\\\/5c5e819eb148ed3b87a6bef0740230ecc742a51e4ed370c2711a9a44e66e66a5?s=96&d=mm&r=g\",\"url\":\"https:\\\/\\\/secure.gravatar.com\\\/avatar\\\/5c5e819eb148ed3b87a6bef0740230ecc742a51e4ed370c2711a9a44e66e66a5?s=96&d=mm&r=g\",\"contentUrl\":\"https:\\\/\\\/secure.gravatar.com\\\/avatar\\\/5c5e819eb148ed3b87a6bef0740230ecc742a51e4ed370c2711a9a44e66e66a5?s=96&d=mm&r=g\",\"caption\":\"Barbora Ili\u0107\"},\"description\":\"Miluje inovat\u00edvne rie\u0161enia, p\u00ed\u0161e pre svetov\u00e9 medi\u00e1 a spolupracuje s r\u00f4znymi startupmi. Tvor\u00ed komunika\u010dn\u00e9 strat\u00e9gie, je market\u00e9rka, milovn\u00ed\u010dka zdrav\u00e9ho jedla a v\u00e1\u0161niv\u00e1 cestovate\u013eka.\",\"sameAs\":[\"https:\\\/\\\/www.facebook.com\\\/bezprostredna?fref=ts&ref=br_tf\"],\"url\":\"https:\\\/\\\/www.websupport.sk\\\/blog\\\/author\\\/barbora-ilic\\\/\"}]}<\/script>\n<!-- \/ Yoast SEO plugin. -->","yoast_head_json":{"title":"Podporujeme TEDxBratislava 2017 - Websupport blog","robots":{"index":"index","follow":"follow","max-snippet":"max-snippet:-1","max-image-preview":"max-image-preview:large","max-video-preview":"max-video-preview:-1"},"canonical":"https:\/\/www.websupport.sk\/blog\/2017\/06\/tedxbratislava-2017\/","og_locale":"sk_SK","og_type":"article","og_title":"Podporujeme TEDxBratislava 2017 - Websupport blog","og_description":"TEDxBratislava u\u017e ka\u017edoro\u010dne prin\u00e1\u0161a top osobnosti\u00a0zo Slovenska aj zo sveta, ktor\u00e9 s\u00fa v\u00fdnimo\u010dn\u00e9 svojim talentom, skutkami \u010di zm\u00fd\u0161\u013ean\u00edm. Po\u010das jedn\u00e9ho d\u0148a in\u0161piruj\u00fa stovky div\u00e1kov priamo na podujat\u00ed a tis\u00edcky \u013eud\u00ed cez vide\u00e1 na YouTube. Ak potrebujete nakopn\u00fa\u0165 pozit\u00edvnou energiou, vyhra\u010fte\u00a0si 2. j\u00fal pre TEDxBratislava.\u00a0Dominika Babulicov\u00e1 n\u00e1m prezradila, \u010do na v\u00e1s tento rok \u010dak\u00e1. Ak\u00fa t\u00e9mu [&hellip;]","og_url":"https:\/\/www.websupport.sk\/blog\/2017\/06\/tedxbratislava-2017\/","og_site_name":"Websupport blog","article_author":"https:\/\/www.facebook.com\/bezprostredna?fref=ts&ref=br_tf","article_published_time":"2017-06-26T07:51:44+00:00","article_modified_time":"2025-03-11T20:07:08+00:00","og_image":[{"width":1920,"height":2255,"url":"https:\/\/www.websupport.sk\/blog\/app\/uploads\/sites\/2\/2017\/06\/tedx-ba-thumb.jpg","type":"image\/jpeg"}],"author":"Barbora Ili\u0107","twitter_card":"summary_large_image","twitter_misc":{"Autor":"Barbora Ili\u0107","Predpokladan\u00fd \u010das \u010d\u00edtania":"7 min\u00fat"},"schema":{"@context":"https:\/\/schema.org","@graph":[{"@type":"Article","@id":"https:\/\/www.websupport.sk\/blog\/2017\/06\/tedxbratislava-2017\/#article","isPartOf":{"@id":"https:\/\/www.websupport.sk\/blog\/2017\/06\/tedxbratislava-2017\/"},"author":{"name":"Barbora Ili\u0107","@id":"https:\/\/www.websupport.sk\/blog\/#\/schema\/person\/1ea42c977359d5a825d7cbc2a46e12fd"},"headline":"Podporujeme TEDxBratislava 2017","datePublished":"2017-06-26T07:51:44+00:00","dateModified":"2025-03-11T20:07:08+00:00","mainEntityOfPage":{"@id":"https:\/\/www.websupport.sk\/blog\/2017\/06\/tedxbratislava-2017\/"},"wordCount":1355,"publisher":{"@id":"https:\/\/www.websupport.sk\/blog\/#organization"},"image":{"@id":"https:\/\/www.websupport.sk\/blog\/2017\/06\/tedxbratislava-2017\/#primaryimage"},"thumbnailUrl":"https:\/\/www.websupport.sk\/blog\/app\/uploads\/sites\/2\/2017\/06\/tedx-ba-thumb.jpg","keywords":["blog","podporujeme","sponzoring","tedx","websupport"],"articleSection":["Vzdel\u00e1vanie","Z\u00e1kulisie"],"inLanguage":"sk-SK"},{"@type":"WebPage","@id":"https:\/\/www.websupport.sk\/blog\/2017\/06\/tedxbratislava-2017\/","url":"https:\/\/www.websupport.sk\/blog\/2017\/06\/tedxbratislava-2017\/","name":"Podporujeme TEDxBratislava 2017 - Websupport blog","isPartOf":{"@id":"https:\/\/www.websupport.sk\/blog\/#website"},"primaryImageOfPage":{"@id":"https:\/\/www.websupport.sk\/blog\/2017\/06\/tedxbratislava-2017\/#primaryimage"},"image":{"@id":"https:\/\/www.websupport.sk\/blog\/2017\/06\/tedxbratislava-2017\/#primaryimage"},"thumbnailUrl":"https:\/\/www.websupport.sk\/blog\/app\/uploads\/sites\/2\/2017\/06\/tedx-ba-thumb.jpg","datePublished":"2017-06-26T07:51:44+00:00","dateModified":"2025-03-11T20:07:08+00:00","breadcrumb":{"@id":"https:\/\/www.websupport.sk\/blog\/2017\/06\/tedxbratislava-2017\/#breadcrumb"},"inLanguage":"sk-SK","potentialAction":[{"@type":"ReadAction","target":["https:\/\/www.websupport.sk\/blog\/2017\/06\/tedxbratislava-2017\/"]}]},{"@type":"ImageObject","inLanguage":"sk-SK","@id":"https:\/\/www.websupport.sk\/blog\/2017\/06\/tedxbratislava-2017\/#primaryimage","url":"https:\/\/www.websupport.sk\/blog\/app\/uploads\/sites\/2\/2017\/06\/tedx-ba-thumb.jpg","contentUrl":"https:\/\/www.websupport.sk\/blog\/app\/uploads\/sites\/2\/2017\/06\/tedx-ba-thumb.jpg","width":1920,"height":2255,"caption":"WebSupport podporuje TEDx"},{"@type":"BreadcrumbList","@id":"https:\/\/www.websupport.sk\/blog\/2017\/06\/tedxbratislava-2017\/#breadcrumb","itemListElement":[{"@type":"ListItem","position":1,"name":"Home","item":"https:\/\/www.websupport.sk\/blog\/"},{"@type":"ListItem","position":2,"name":"Podporujeme TEDxBratislava 2017"}]},{"@type":"WebSite","@id":"https:\/\/www.websupport.sk\/blog\/#website","url":"https:\/\/www.websupport.sk\/blog\/","name":"Websupport blog","description":"Websupport blog","publisher":{"@id":"https:\/\/www.websupport.sk\/blog\/#organization"},"potentialAction":[{"@type":"SearchAction","target":{"@type":"EntryPoint","urlTemplate":"https:\/\/www.websupport.sk\/blog\/?s={search_term_string}"},"query-input":{"@type":"PropertyValueSpecification","valueRequired":true,"valueName":"search_term_string"}}],"inLanguage":"sk-SK"},{"@type":"Organization","@id":"https:\/\/www.websupport.sk\/blog\/#organization","name":"Websupport","url":"https:\/\/www.websupport.sk\/blog\/","logo":{"@type":"ImageObject","inLanguage":"sk-SK","@id":"https:\/\/www.websupport.sk\/blog\/#\/schema\/logo\/image\/","url":"https:\/\/www.websupport.sk\/blog\/app\/uploads\/sites\/2\/2021\/08\/websupport-logo.svg","contentUrl":"https:\/\/www.websupport.sk\/blog\/app\/uploads\/sites\/2\/2021\/08\/websupport-logo.svg","width":153,"height":48,"caption":"Websupport"},"image":{"@id":"https:\/\/www.websupport.sk\/blog\/#\/schema\/logo\/image\/"}},{"@type":"Person","@id":"https:\/\/www.websupport.sk\/blog\/#\/schema\/person\/1ea42c977359d5a825d7cbc2a46e12fd","name":"Barbora Ili\u0107","image":{"@type":"ImageObject","inLanguage":"sk-SK","@id":"https:\/\/secure.gravatar.com\/avatar\/5c5e819eb148ed3b87a6bef0740230ecc742a51e4ed370c2711a9a44e66e66a5?s=96&d=mm&r=g","url":"https:\/\/secure.gravatar.com\/avatar\/5c5e819eb148ed3b87a6bef0740230ecc742a51e4ed370c2711a9a44e66e66a5?s=96&d=mm&r=g","contentUrl":"https:\/\/secure.gravatar.com\/avatar\/5c5e819eb148ed3b87a6bef0740230ecc742a51e4ed370c2711a9a44e66e66a5?s=96&d=mm&r=g","caption":"Barbora Ili\u0107"},"description":"Miluje inovat\u00edvne rie\u0161enia, p\u00ed\u0161e pre svetov\u00e9 medi\u00e1 a spolupracuje s r\u00f4znymi startupmi. Tvor\u00ed komunika\u010dn\u00e9 strat\u00e9gie, je market\u00e9rka, milovn\u00ed\u010dka zdrav\u00e9ho jedla a v\u00e1\u0161niv\u00e1 cestovate\u013eka.","sameAs":["https:\/\/www.facebook.com\/bezprostredna?fref=ts&ref=br_tf"],"url":"https:\/\/www.websupport.sk\/blog\/author\/barbora-ilic\/"}]}},"_links":{"self":[{"href":"https:\/\/www.websupport.sk\/blog\/wp-json\/wp\/v2\/posts\/10596","targetHints":{"allow":["GET"]}}],"collection":[{"href":"https:\/\/www.websupport.sk\/blog\/wp-json\/wp\/v2\/posts"}],"about":[{"href":"https:\/\/www.websupport.sk\/blog\/wp-json\/wp\/v2\/types\/post"}],"author":[{"embeddable":true,"href":"https:\/\/www.websupport.sk\/blog\/wp-json\/wp\/v2\/users\/87"}],"replies":[{"embeddable":true,"href":"https:\/\/www.websupport.sk\/blog\/wp-json\/wp\/v2\/comments?post=10596"}],"version-history":[{"count":1,"href":"https:\/\/www.websupport.sk\/blog\/wp-json\/wp\/v2\/posts\/10596\/revisions"}],"predecessor-version":[{"id":34293,"href":"https:\/\/www.websupport.sk\/blog\/wp-json\/wp\/v2\/posts\/10596\/revisions\/34293"}],"wp:featuredmedia":[{"embeddable":true,"href":"https:\/\/www.websupport.sk\/blog\/wp-json\/wp\/v2\/media\/10607"}],"wp:attachment":[{"href":"https:\/\/www.websupport.sk\/blog\/wp-json\/wp\/v2\/media?parent=10596"}],"wp:term":[{"taxonomy":"category","embeddable":true,"href":"https:\/\/www.websupport.sk\/blog\/wp-json\/wp\/v2\/categories?post=10596"},{"taxonomy":"post_tag","embeddable":true,"href":"https:\/\/www.websupport.sk\/blog\/wp-json\/wp\/v2\/tags?post=10596"}],"curies":[{"name":"wp","href":"https:\/\/api.w.org\/{rel}","templated":true}]}}