{"id":10178,"date":"2017-04-07T12:07:37","date_gmt":"2017-04-07T10:07:37","guid":{"rendered":"https:\/\/www.websupport.sk\/blog\/?p=10178"},"modified":"2025-03-11T21:07:05","modified_gmt":"2025-03-11T20:07:05","slug":"zodpovednost-za-spolocnost-nesieme-vsetci","status":"publish","type":"post","link":"https:\/\/www.websupport.sk\/blog\/2017\/04\/zodpovednost-za-spolocnost-nesieme-vsetci\/","title":{"rendered":"Zodpovednos\u0165 za spolo\u010dnos\u0165 nesieme v\u0161etci"},"content":{"rendered":"<span class=\"span-reading-time rt-reading-time\" style=\"display: block;\"><span class=\"rt-label rt-prefix\"><b>Doba \u010d\u00edtania:<\/b><\/span> <span class=\"rt-time\"> 3<\/span> <span class=\"rt-label rt-postfix\">min.<\/span><\/span><p>Od po\u010diatku n\u00e1\u0161ho podnikania investujeme do podpory online prostredia. Deje sa tak v r\u00f4znych form\u00e1ch, \u010di u\u017e finan\u010dn\u00fdch, mentorsk\u00fdch alebo medi\u00e1lnych. Rob\u00edme to v prvom rade z vlastn\u00e9ho presved\u010denia, preto\u017ee to pova\u017eujeme za d\u00f4le\u017eit\u00e9. Venujeme tomu relat\u00edvne ve\u013ea \u010dasu, ktor\u00fd by sme inak mohli venova\u0165 ziskovej\u0161\u00edm aktivit\u00e1m. Robi\u0165 biznis v\u0161ak nie je v\u0161etko, resp. nie je to len o tom. Podnikanie je aj o zodpovednosti.<\/p>\n<blockquote><p>\u201cSvet v online prostred\u00ed sa men\u00ed a zodpovednos\u0165 za\u0148 nesieme v\u0161etci.\u201d<\/p><\/blockquote>\n<p>V\u017edy sme boli hrd\u00fdmi partnermi a sponzormi ve\u013ek\u00fdch konferenci\u00ed, mal\u00fdch eventov, meetupov, s\u00fa\u0165a\u017e\u00ed, kurzov, workshopov, \u010di \u0161kolen\u00ed. T\u00e1to podpora pre n\u00e1s nikdy nebola o umiestnen\u00ed loga alebo rollup banneru. Sna\u017e\u00edme sa, aby konkr\u00e9tny v\u00fdber podujat\u00ed kore\u0161pondoval s celkovou v\u00edziou firmy a na\u0161a podpora bola \u010do najviac efekt\u00edvna. Doteraz sme sa s\u00fastredili najm\u00e4 na technologick\u00e9, marketingov\u00e9 a in\u00e9 \u0161pecializovan\u00e9 eventy, no tento rok sme cel\u00fa strat\u00e9giu finan\u010dnej a medi\u00e1lnej podpory uchopili trochu inak, ako v minul\u00fdch rokoch.<\/p>\n<p>Svet v online prostred\u00ed sa men\u00ed a zodpovednos\u0165 za\u0148 nesieme v\u0161etci. Firmy investuj\u00fa nemal\u00e9 prostriedky do v\u00fdvoja technol\u00f3gi\u00ed, no trochu pri tom zab\u00fadaj\u00fa na samotn\u00fdch \u013eud\u00ed a tvoria tak obrovsk\u00fa priepas\u0165. Aj my si tento fakt uvedomujeme a preto sme sa tento rok rozhodli podpori\u0165 miesta, ktor\u00e9 dlhodobo pracuj\u00fa s \u013eudmi, podporuj\u00fa ich kreat\u00edvne my\u0161lienky, pon\u00fakaj\u00fa priestor na ich realiz\u00e1ciu a pon\u00fakaj\u00fa priestor na zdie\u013eanie my\u0161lienok.<\/p>\n<blockquote><p>\u201cSpolo\u010dnos\u0165 je posadnut\u00e1 v\u00fdvojom nov\u00fdch technol\u00f3gi\u00ed a r\u00f4znych zlep\u0161ov\u00e1kov, no nesmieme zab\u00fada\u0165 na podporu samotn\u00fdch \u013eud\u00ed.\u201d<\/p><\/blockquote>\n<p>Tento rok sme vy\u010dlenili finan\u010dn\u00fd sponzoring <strong>pre vybran\u00e9 coworkingov\u00e9 centr\u00e1 a v\u0161etky TEDx podujatia<\/strong> na celom Slovensku. V\u00fdber coworkingov reflektuje aj geografick\u00fa d\u00f4le\u017eitos\u0165 a nutnos\u0165 podpory na \u00fazem\u00ed cel\u00e9ho Slovenska. Chceme vysla\u0165 jasn\u00fd sign\u00e1l, \u017ee n\u00e1m z\u00e1le\u017e\u00ed na miestach, kde vznikaj\u00fa skvel\u00e9 n\u00e1pady a stret\u00e1vaj\u00fa sa tvoriv\u00ed \u013eudia.<\/p>\n<h2>Podpor\u00edme coworkingy<\/h2>\n<p>Sme radi, \u017ee na Slovensku vznikaj\u00fa kreat\u00edvne miesta, coworkingy a huby. Sme presved\u010den\u00ed, \u017ee aj mal\u00e1 pomoc im dok\u00e1\u017ee pom\u00f4c\u0165. Preto sme ka\u017ed\u00e9mu zapojen\u00e9mu coworkingov\u00e9mu centru pon\u00fakli podporu na 5 \u00farovniach, ktor\u00e9 zah\u0155\u0148aj\u00fa finan\u010dn\u00fa podporu, bezplatn\u00e9 vyu\u017e\u00edvanie na\u0161ich hostingov\u00fdch slu\u017eieb, medi\u00e1lnu podporu, sk\u00fasen\u00fdch mentorov a hostingov\u00e9 slu\u017eby pre \u010dlenov coworkingov.<\/p>\n<p><img loading=\"lazy\" decoding=\"async\" class=\"size-full wp-image-10191 aligncenter\" src=\"https:\/\/www.websupport.sk\/blogoads\/sites\/2\/2017\/04\/mapa.png\" alt=\"Mapa - podpora coworkingov\" width=\"625\" height=\"328\" srcset=\"https:\/\/www.websupport.sk\/blog\/app\/uploads\/sites\/2\/2017\/04\/mapa.png 625w, https:\/\/www.websupport.sk\/blog\/app\/uploads\/sites\/2\/2017\/04\/mapa-300x157.png 300w, https:\/\/www.websupport.sk\/blog\/app\/uploads\/sites\/2\/2017\/04\/mapa-530x278.png 530w\" sizes=\"auto, (max-width: 625px) 100vw, 625px\" \/><\/p>\n<h2>Podpor\u00edme v\u0161etky TEDx<\/h2>\n<p>Ka\u017ed\u00fd rok tam chod\u00edme, nas\u00e1vame in\u0161pir\u00e1ciu a energiu. Bratislavsk\u00fd TEDx podporujeme od jeho \u00fapln\u00e9ho za\u010diatku. Je skvel\u00e9, \u017ee postupom \u010dasu pribudli aj \u010fal\u0161ie podujatia v r\u00e1mci TEDx-u po celom Slovensku a preto sme vy\u010dlenili a alokovali finan\u010dn\u00e9 zdroje aj pre tieto podujatia, ktor\u00e9 si zasl\u00fa\u017eia na\u0161u podporu.<\/p>\n<p>Reflektujeme s\u00fa\u010dasn\u00fd svet. Uvedomujeme si, \u017ee sme nato\u013eko zanieten\u00ed a fascinovan\u00ed technol\u00f3giami, \u017ee zab\u00fadame na \u013eud\u00ed a vhodn\u00e9 vyu\u017eitie. Zab\u00fadame komunikova\u0165 so zvy\u0161kom sveta a rie\u0161i\u0165 d\u00f4le\u017eit\u00e9 probl\u00e9my. Nesmieme by\u0165 zah\u013eaden\u00ed len na biznis. Mali by sme reagova\u0165 na svetov\u00e9, ale najm\u00e4 lok\u00e1lne probl\u00e9my a spolo\u010dne h\u013eada\u0165 rie\u0161enia. Nemali by sme zab\u00fada\u0165 na to, \u017ee m\u00e1me v ruk\u00e1ch obrovsk\u00fa moc.<\/p>\n<h2>Zapojte sa aj vy<\/h2>\n<p>Pochopite\u013ene, nedok\u00e1\u017eame podpori\u0165 a zastre\u0161i\u0165 \u00faplne v\u0161etky coworkingov\u00e9 centr\u00e1, no z\u00e1rove\u0148 sme otvoren\u00ed spolupr\u00e1cam. Ak vediete vlastn\u00e9 coworkingov\u00e9 centurm a chcete aj vy zapoji\u0165, dajte n\u00e1m vedie\u0165 na <a href=\"mailto:komunita@websupport.sk\">komunita@websupport.sk<\/a>.<\/p>\n","protected":false},"excerpt":{"rendered":"<p>Od po\u010diatku n\u00e1\u0161ho podnikania investujeme do podpory online prostredia. Deje sa tak v r\u00f4znych form\u00e1ch, \u010di u\u017e finan\u010dn\u00fdch, mentorsk\u00fdch alebo medi\u00e1lnych. Rob\u00edme to v prvom rade z vlastn\u00e9ho presved\u010denia, preto\u017ee to pova\u017eujeme za d\u00f4le\u017eit\u00e9. Venujeme tomu relat\u00edvne ve\u013ea \u010dasu, ktor\u00fd by sme inak mohli venova\u0165 ziskovej\u0161\u00edm aktivit\u00e1m. Robi\u0165 biznis v\u0161ak nie je v\u0161etko, resp. nie [&hellip;]<\/p>\n","protected":false},"author":85,"featured_media":10179,"comment_status":"closed","ping_status":"open","sticky":false,"template":"","format":"standard","meta":{"footnotes":""},"categories":[5,11],"tags":[1079,536,779,791,792,842,956],"class_list":["post-10178","post","type-post","status-publish","format-standard","has-post-thumbnail","hentry","category-novinky","category-zakulisie","tag-coworkingy","tag-najlepsi-blog","tag-slovensko","tag-spolocnost","tag-sponzoring","tag-tedx-2","tag-websupport"],"yoast_head":"<!-- This site is optimized with the Yoast SEO plugin v27.4 - https:\/\/yoast.com\/product\/yoast-seo-wordpress\/ -->\n<title>Zodpovednos\u0165 za spolo\u010dnos\u0165 nesieme v\u0161etci - Websupport blog<\/title>\n<meta name=\"robots\" content=\"index, follow, max-snippet:-1, max-image-preview:large, max-video-preview:-1\" \/>\n<link rel=\"canonical\" href=\"https:\/\/www.websupport.sk\/blog\/2017\/04\/zodpovednost-za-spolocnost-nesieme-vsetci\/\" \/>\n<meta property=\"og:locale\" content=\"sk_SK\" \/>\n<meta property=\"og:type\" content=\"article\" \/>\n<meta property=\"og:title\" content=\"Zodpovednos\u0165 za spolo\u010dnos\u0165 nesieme v\u0161etci - Websupport blog\" \/>\n<meta property=\"og:description\" content=\"Od po\u010diatku n\u00e1\u0161ho podnikania investujeme do podpory online prostredia. Deje sa tak v r\u00f4znych form\u00e1ch, \u010di u\u017e finan\u010dn\u00fdch, mentorsk\u00fdch alebo medi\u00e1lnych. Rob\u00edme to v prvom rade z vlastn\u00e9ho presved\u010denia, preto\u017ee to pova\u017eujeme za d\u00f4le\u017eit\u00e9. Venujeme tomu relat\u00edvne ve\u013ea \u010dasu, ktor\u00fd by sme inak mohli venova\u0165 ziskovej\u0161\u00edm aktivit\u00e1m. Robi\u0165 biznis v\u0161ak nie je v\u0161etko, resp. nie [&hellip;]\" \/>\n<meta property=\"og:url\" content=\"https:\/\/www.websupport.sk\/blog\/2017\/04\/zodpovednost-za-spolocnost-nesieme-vsetci\/\" \/>\n<meta property=\"og:site_name\" content=\"Websupport blog\" \/>\n<meta property=\"article:author\" content=\"https:\/\/www.facebook.com\/galgan\" \/>\n<meta property=\"article:published_time\" content=\"2017-04-07T10:07:37+00:00\" \/>\n<meta property=\"article:modified_time\" content=\"2025-03-11T20:07:05+00:00\" \/>\n<meta property=\"og:image\" content=\"https:\/\/www.websupport.sk\/blog\/app\/uploads\/sites\/2\/2017\/04\/sponzoring-websupport-ws.jpg\" \/>\n\t<meta property=\"og:image:width\" content=\"1920\" \/>\n\t<meta property=\"og:image:height\" content=\"1416\" \/>\n\t<meta property=\"og:image:type\" content=\"image\/jpeg\" \/>\n<meta name=\"author\" content=\"Richard \u010cerm\u00e1k\" \/>\n<meta name=\"twitter:card\" content=\"summary_large_image\" \/>\n<meta name=\"twitter:label1\" content=\"Autor\" \/>\n\t<meta name=\"twitter:data1\" content=\"Richard \u010cerm\u00e1k\" \/>\n\t<meta name=\"twitter:label2\" content=\"Predpokladan\u00fd \u010das \u010d\u00edtania\" \/>\n\t<meta name=\"twitter:data2\" content=\"3 min\u00faty\" \/>\n<script type=\"application\/ld+json\" class=\"yoast-schema-graph\">{\"@context\":\"https:\\\/\\\/schema.org\",\"@graph\":[{\"@type\":\"Article\",\"@id\":\"https:\\\/\\\/www.websupport.sk\\\/blog\\\/2017\\\/04\\\/zodpovednost-za-spolocnost-nesieme-vsetci\\\/#article\",\"isPartOf\":{\"@id\":\"https:\\\/\\\/www.websupport.sk\\\/blog\\\/2017\\\/04\\\/zodpovednost-za-spolocnost-nesieme-vsetci\\\/\"},\"author\":{\"name\":\"Richard \u010cerm\u00e1k\",\"@id\":\"https:\\\/\\\/www.websupport.sk\\\/blog\\\/#\\\/schema\\\/person\\\/c5007b5829a2d6df7a223d5c714ab217\"},\"headline\":\"Zodpovednos\u0165 za spolo\u010dnos\u0165 nesieme v\u0161etci\",\"datePublished\":\"2017-04-07T10:07:37+00:00\",\"dateModified\":\"2025-03-11T20:07:05+00:00\",\"mainEntityOfPage\":{\"@id\":\"https:\\\/\\\/www.websupport.sk\\\/blog\\\/2017\\\/04\\\/zodpovednost-za-spolocnost-nesieme-vsetci\\\/\"},\"wordCount\":622,\"publisher\":{\"@id\":\"https:\\\/\\\/www.websupport.sk\\\/blog\\\/#organization\"},\"image\":{\"@id\":\"https:\\\/\\\/www.websupport.sk\\\/blog\\\/2017\\\/04\\\/zodpovednost-za-spolocnost-nesieme-vsetci\\\/#primaryimage\"},\"thumbnailUrl\":\"https:\\\/\\\/www.websupport.sk\\\/blog\\\/app\\\/uploads\\\/sites\\\/2\\\/2017\\\/04\\\/sponzoring-websupport-ws.jpg\",\"keywords\":[\"coworkingy\",\"najlepsi blog\",\"slovensko\",\"spolocnost\",\"sponzoring\",\"tedx\",\"websupport\"],\"articleSection\":[\"Novinky\",\"Z\u00e1kulisie\"],\"inLanguage\":\"sk-SK\"},{\"@type\":\"WebPage\",\"@id\":\"https:\\\/\\\/www.websupport.sk\\\/blog\\\/2017\\\/04\\\/zodpovednost-za-spolocnost-nesieme-vsetci\\\/\",\"url\":\"https:\\\/\\\/www.websupport.sk\\\/blog\\\/2017\\\/04\\\/zodpovednost-za-spolocnost-nesieme-vsetci\\\/\",\"name\":\"Zodpovednos\u0165 za spolo\u010dnos\u0165 nesieme v\u0161etci - Websupport blog\",\"isPartOf\":{\"@id\":\"https:\\\/\\\/www.websupport.sk\\\/blog\\\/#website\"},\"primaryImageOfPage\":{\"@id\":\"https:\\\/\\\/www.websupport.sk\\\/blog\\\/2017\\\/04\\\/zodpovednost-za-spolocnost-nesieme-vsetci\\\/#primaryimage\"},\"image\":{\"@id\":\"https:\\\/\\\/www.websupport.sk\\\/blog\\\/2017\\\/04\\\/zodpovednost-za-spolocnost-nesieme-vsetci\\\/#primaryimage\"},\"thumbnailUrl\":\"https:\\\/\\\/www.websupport.sk\\\/blog\\\/app\\\/uploads\\\/sites\\\/2\\\/2017\\\/04\\\/sponzoring-websupport-ws.jpg\",\"datePublished\":\"2017-04-07T10:07:37+00:00\",\"dateModified\":\"2025-03-11T20:07:05+00:00\",\"breadcrumb\":{\"@id\":\"https:\\\/\\\/www.websupport.sk\\\/blog\\\/2017\\\/04\\\/zodpovednost-za-spolocnost-nesieme-vsetci\\\/#breadcrumb\"},\"inLanguage\":\"sk-SK\",\"potentialAction\":[{\"@type\":\"ReadAction\",\"target\":[\"https:\\\/\\\/www.websupport.sk\\\/blog\\\/2017\\\/04\\\/zodpovednost-za-spolocnost-nesieme-vsetci\\\/\"]}]},{\"@type\":\"ImageObject\",\"inLanguage\":\"sk-SK\",\"@id\":\"https:\\\/\\\/www.websupport.sk\\\/blog\\\/2017\\\/04\\\/zodpovednost-za-spolocnost-nesieme-vsetci\\\/#primaryimage\",\"url\":\"https:\\\/\\\/www.websupport.sk\\\/blog\\\/app\\\/uploads\\\/sites\\\/2\\\/2017\\\/04\\\/sponzoring-websupport-ws.jpg\",\"contentUrl\":\"https:\\\/\\\/www.websupport.sk\\\/blog\\\/app\\\/uploads\\\/sites\\\/2\\\/2017\\\/04\\\/sponzoring-websupport-ws.jpg\",\"width\":1920,\"height\":1416,\"caption\":\"Sponzoring 2017\"},{\"@type\":\"BreadcrumbList\",\"@id\":\"https:\\\/\\\/www.websupport.sk\\\/blog\\\/2017\\\/04\\\/zodpovednost-za-spolocnost-nesieme-vsetci\\\/#breadcrumb\",\"itemListElement\":[{\"@type\":\"ListItem\",\"position\":1,\"name\":\"Home\",\"item\":\"https:\\\/\\\/www.websupport.sk\\\/blog\\\/\"},{\"@type\":\"ListItem\",\"position\":2,\"name\":\"Zodpovednos\u0165 za spolo\u010dnos\u0165 nesieme v\u0161etci\"}]},{\"@type\":\"WebSite\",\"@id\":\"https:\\\/\\\/www.websupport.sk\\\/blog\\\/#website\",\"url\":\"https:\\\/\\\/www.websupport.sk\\\/blog\\\/\",\"name\":\"Websupport blog\",\"description\":\"Websupport blog\",\"publisher\":{\"@id\":\"https:\\\/\\\/www.websupport.sk\\\/blog\\\/#organization\"},\"potentialAction\":[{\"@type\":\"SearchAction\",\"target\":{\"@type\":\"EntryPoint\",\"urlTemplate\":\"https:\\\/\\\/www.websupport.sk\\\/blog\\\/?s={search_term_string}\"},\"query-input\":{\"@type\":\"PropertyValueSpecification\",\"valueRequired\":true,\"valueName\":\"search_term_string\"}}],\"inLanguage\":\"sk-SK\"},{\"@type\":\"Organization\",\"@id\":\"https:\\\/\\\/www.websupport.sk\\\/blog\\\/#organization\",\"name\":\"Websupport\",\"url\":\"https:\\\/\\\/www.websupport.sk\\\/blog\\\/\",\"logo\":{\"@type\":\"ImageObject\",\"inLanguage\":\"sk-SK\",\"@id\":\"https:\\\/\\\/www.websupport.sk\\\/blog\\\/#\\\/schema\\\/logo\\\/image\\\/\",\"url\":\"https:\\\/\\\/www.websupport.sk\\\/blog\\\/app\\\/uploads\\\/sites\\\/2\\\/2021\\\/08\\\/websupport-logo.svg\",\"contentUrl\":\"https:\\\/\\\/www.websupport.sk\\\/blog\\\/app\\\/uploads\\\/sites\\\/2\\\/2021\\\/08\\\/websupport-logo.svg\",\"width\":153,\"height\":48,\"caption\":\"Websupport\"},\"image\":{\"@id\":\"https:\\\/\\\/www.websupport.sk\\\/blog\\\/#\\\/schema\\\/logo\\\/image\\\/\"}},{\"@type\":\"Person\",\"@id\":\"https:\\\/\\\/www.websupport.sk\\\/blog\\\/#\\\/schema\\\/person\\\/c5007b5829a2d6df7a223d5c714ab217\",\"name\":\"Richard \u010cerm\u00e1k\",\"image\":{\"@type\":\"ImageObject\",\"inLanguage\":\"sk-SK\",\"@id\":\"https:\\\/\\\/secure.gravatar.com\\\/avatar\\\/69bb230a5d8ccf988f4d1761dbfb4d5687bfc7e3eae26e2b7c1888200e64b1be?s=96&d=mm&r=g\",\"url\":\"https:\\\/\\\/secure.gravatar.com\\\/avatar\\\/69bb230a5d8ccf988f4d1761dbfb4d5687bfc7e3eae26e2b7c1888200e64b1be?s=96&d=mm&r=g\",\"contentUrl\":\"https:\\\/\\\/secure.gravatar.com\\\/avatar\\\/69bb230a5d8ccf988f4d1761dbfb4d5687bfc7e3eae26e2b7c1888200e64b1be?s=96&d=mm&r=g\",\"caption\":\"Richard \u010cerm\u00e1k\"},\"description\":\"Riadi brandov\u00fa \u010das\u0165 slovensk\u00e9ho Websupportu, tvor\u00ed obsahov\u00e9 strat\u00e9gie, partnersk\u00e9 a sponzoringov\u00e9 aktivity, zastre\u0161uje komunik\u00e1ciu firmy.\",\"sameAs\":[\"https:\\\/\\\/www.facebook.com\\\/galgan\",\"https:\\\/\\\/www.instagram.com\\\/richardcermak\\\/\",\"https:\\\/\\\/www.linkedin.com\\\/in\\\/richard-ermk-9a11474b\\\/#snip=false\",\"https:\\\/\\\/soundcloud.com\\\/websupport_sk\"],\"url\":\"https:\\\/\\\/www.websupport.sk\\\/blog\\\/author\\\/richard\\\/\"}]}<\/script>\n<!-- \/ Yoast SEO plugin. -->","yoast_head_json":{"title":"Zodpovednos\u0165 za spolo\u010dnos\u0165 nesieme v\u0161etci - Websupport blog","robots":{"index":"index","follow":"follow","max-snippet":"max-snippet:-1","max-image-preview":"max-image-preview:large","max-video-preview":"max-video-preview:-1"},"canonical":"https:\/\/www.websupport.sk\/blog\/2017\/04\/zodpovednost-za-spolocnost-nesieme-vsetci\/","og_locale":"sk_SK","og_type":"article","og_title":"Zodpovednos\u0165 za spolo\u010dnos\u0165 nesieme v\u0161etci - Websupport blog","og_description":"Od po\u010diatku n\u00e1\u0161ho podnikania investujeme do podpory online prostredia. Deje sa tak v r\u00f4znych form\u00e1ch, \u010di u\u017e finan\u010dn\u00fdch, mentorsk\u00fdch alebo medi\u00e1lnych. Rob\u00edme to v prvom rade z vlastn\u00e9ho presved\u010denia, preto\u017ee to pova\u017eujeme za d\u00f4le\u017eit\u00e9. Venujeme tomu relat\u00edvne ve\u013ea \u010dasu, ktor\u00fd by sme inak mohli venova\u0165 ziskovej\u0161\u00edm aktivit\u00e1m. Robi\u0165 biznis v\u0161ak nie je v\u0161etko, resp. nie [&hellip;]","og_url":"https:\/\/www.websupport.sk\/blog\/2017\/04\/zodpovednost-za-spolocnost-nesieme-vsetci\/","og_site_name":"Websupport blog","article_author":"https:\/\/www.facebook.com\/galgan","article_published_time":"2017-04-07T10:07:37+00:00","article_modified_time":"2025-03-11T20:07:05+00:00","og_image":[{"width":1920,"height":1416,"url":"https:\/\/www.websupport.sk\/blog\/app\/uploads\/sites\/2\/2017\/04\/sponzoring-websupport-ws.jpg","type":"image\/jpeg"}],"author":"Richard \u010cerm\u00e1k","twitter_card":"summary_large_image","twitter_misc":{"Autor":"Richard \u010cerm\u00e1k","Predpokladan\u00fd \u010das \u010d\u00edtania":"3 min\u00faty"},"schema":{"@context":"https:\/\/schema.org","@graph":[{"@type":"Article","@id":"https:\/\/www.websupport.sk\/blog\/2017\/04\/zodpovednost-za-spolocnost-nesieme-vsetci\/#article","isPartOf":{"@id":"https:\/\/www.websupport.sk\/blog\/2017\/04\/zodpovednost-za-spolocnost-nesieme-vsetci\/"},"author":{"name":"Richard \u010cerm\u00e1k","@id":"https:\/\/www.websupport.sk\/blog\/#\/schema\/person\/c5007b5829a2d6df7a223d5c714ab217"},"headline":"Zodpovednos\u0165 za spolo\u010dnos\u0165 nesieme v\u0161etci","datePublished":"2017-04-07T10:07:37+00:00","dateModified":"2025-03-11T20:07:05+00:00","mainEntityOfPage":{"@id":"https:\/\/www.websupport.sk\/blog\/2017\/04\/zodpovednost-za-spolocnost-nesieme-vsetci\/"},"wordCount":622,"publisher":{"@id":"https:\/\/www.websupport.sk\/blog\/#organization"},"image":{"@id":"https:\/\/www.websupport.sk\/blog\/2017\/04\/zodpovednost-za-spolocnost-nesieme-vsetci\/#primaryimage"},"thumbnailUrl":"https:\/\/www.websupport.sk\/blog\/app\/uploads\/sites\/2\/2017\/04\/sponzoring-websupport-ws.jpg","keywords":["coworkingy","najlepsi blog","slovensko","spolocnost","sponzoring","tedx","websupport"],"articleSection":["Novinky","Z\u00e1kulisie"],"inLanguage":"sk-SK"},{"@type":"WebPage","@id":"https:\/\/www.websupport.sk\/blog\/2017\/04\/zodpovednost-za-spolocnost-nesieme-vsetci\/","url":"https:\/\/www.websupport.sk\/blog\/2017\/04\/zodpovednost-za-spolocnost-nesieme-vsetci\/","name":"Zodpovednos\u0165 za spolo\u010dnos\u0165 nesieme v\u0161etci - Websupport blog","isPartOf":{"@id":"https:\/\/www.websupport.sk\/blog\/#website"},"primaryImageOfPage":{"@id":"https:\/\/www.websupport.sk\/blog\/2017\/04\/zodpovednost-za-spolocnost-nesieme-vsetci\/#primaryimage"},"image":{"@id":"https:\/\/www.websupport.sk\/blog\/2017\/04\/zodpovednost-za-spolocnost-nesieme-vsetci\/#primaryimage"},"thumbnailUrl":"https:\/\/www.websupport.sk\/blog\/app\/uploads\/sites\/2\/2017\/04\/sponzoring-websupport-ws.jpg","datePublished":"2017-04-07T10:07:37+00:00","dateModified":"2025-03-11T20:07:05+00:00","breadcrumb":{"@id":"https:\/\/www.websupport.sk\/blog\/2017\/04\/zodpovednost-za-spolocnost-nesieme-vsetci\/#breadcrumb"},"inLanguage":"sk-SK","potentialAction":[{"@type":"ReadAction","target":["https:\/\/www.websupport.sk\/blog\/2017\/04\/zodpovednost-za-spolocnost-nesieme-vsetci\/"]}]},{"@type":"ImageObject","inLanguage":"sk-SK","@id":"https:\/\/www.websupport.sk\/blog\/2017\/04\/zodpovednost-za-spolocnost-nesieme-vsetci\/#primaryimage","url":"https:\/\/www.websupport.sk\/blog\/app\/uploads\/sites\/2\/2017\/04\/sponzoring-websupport-ws.jpg","contentUrl":"https:\/\/www.websupport.sk\/blog\/app\/uploads\/sites\/2\/2017\/04\/sponzoring-websupport-ws.jpg","width":1920,"height":1416,"caption":"Sponzoring 2017"},{"@type":"BreadcrumbList","@id":"https:\/\/www.websupport.sk\/blog\/2017\/04\/zodpovednost-za-spolocnost-nesieme-vsetci\/#breadcrumb","itemListElement":[{"@type":"ListItem","position":1,"name":"Home","item":"https:\/\/www.websupport.sk\/blog\/"},{"@type":"ListItem","position":2,"name":"Zodpovednos\u0165 za spolo\u010dnos\u0165 nesieme v\u0161etci"}]},{"@type":"WebSite","@id":"https:\/\/www.websupport.sk\/blog\/#website","url":"https:\/\/www.websupport.sk\/blog\/","name":"Websupport blog","description":"Websupport blog","publisher":{"@id":"https:\/\/www.websupport.sk\/blog\/#organization"},"potentialAction":[{"@type":"SearchAction","target":{"@type":"EntryPoint","urlTemplate":"https:\/\/www.websupport.sk\/blog\/?s={search_term_string}"},"query-input":{"@type":"PropertyValueSpecification","valueRequired":true,"valueName":"search_term_string"}}],"inLanguage":"sk-SK"},{"@type":"Organization","@id":"https:\/\/www.websupport.sk\/blog\/#organization","name":"Websupport","url":"https:\/\/www.websupport.sk\/blog\/","logo":{"@type":"ImageObject","inLanguage":"sk-SK","@id":"https:\/\/www.websupport.sk\/blog\/#\/schema\/logo\/image\/","url":"https:\/\/www.websupport.sk\/blog\/app\/uploads\/sites\/2\/2021\/08\/websupport-logo.svg","contentUrl":"https:\/\/www.websupport.sk\/blog\/app\/uploads\/sites\/2\/2021\/08\/websupport-logo.svg","width":153,"height":48,"caption":"Websupport"},"image":{"@id":"https:\/\/www.websupport.sk\/blog\/#\/schema\/logo\/image\/"}},{"@type":"Person","@id":"https:\/\/www.websupport.sk\/blog\/#\/schema\/person\/c5007b5829a2d6df7a223d5c714ab217","name":"Richard \u010cerm\u00e1k","image":{"@type":"ImageObject","inLanguage":"sk-SK","@id":"https:\/\/secure.gravatar.com\/avatar\/69bb230a5d8ccf988f4d1761dbfb4d5687bfc7e3eae26e2b7c1888200e64b1be?s=96&d=mm&r=g","url":"https:\/\/secure.gravatar.com\/avatar\/69bb230a5d8ccf988f4d1761dbfb4d5687bfc7e3eae26e2b7c1888200e64b1be?s=96&d=mm&r=g","contentUrl":"https:\/\/secure.gravatar.com\/avatar\/69bb230a5d8ccf988f4d1761dbfb4d5687bfc7e3eae26e2b7c1888200e64b1be?s=96&d=mm&r=g","caption":"Richard \u010cerm\u00e1k"},"description":"Riadi brandov\u00fa \u010das\u0165 slovensk\u00e9ho Websupportu, tvor\u00ed obsahov\u00e9 strat\u00e9gie, partnersk\u00e9 a sponzoringov\u00e9 aktivity, zastre\u0161uje komunik\u00e1ciu firmy.","sameAs":["https:\/\/www.facebook.com\/galgan","https:\/\/www.instagram.com\/richardcermak\/","https:\/\/www.linkedin.com\/in\/richard-ermk-9a11474b\/#snip=false","https:\/\/soundcloud.com\/websupport_sk"],"url":"https:\/\/www.websupport.sk\/blog\/author\/richard\/"}]}},"_links":{"self":[{"href":"https:\/\/www.websupport.sk\/blog\/wp-json\/wp\/v2\/posts\/10178","targetHints":{"allow":["GET"]}}],"collection":[{"href":"https:\/\/www.websupport.sk\/blog\/wp-json\/wp\/v2\/posts"}],"about":[{"href":"https:\/\/www.websupport.sk\/blog\/wp-json\/wp\/v2\/types\/post"}],"author":[{"embeddable":true,"href":"https:\/\/www.websupport.sk\/blog\/wp-json\/wp\/v2\/users\/85"}],"replies":[{"embeddable":true,"href":"https:\/\/www.websupport.sk\/blog\/wp-json\/wp\/v2\/comments?post=10178"}],"version-history":[{"count":1,"href":"https:\/\/www.websupport.sk\/blog\/wp-json\/wp\/v2\/posts\/10178\/revisions"}],"predecessor-version":[{"id":34254,"href":"https:\/\/www.websupport.sk\/blog\/wp-json\/wp\/v2\/posts\/10178\/revisions\/34254"}],"wp:featuredmedia":[{"embeddable":true,"href":"https:\/\/www.websupport.sk\/blog\/wp-json\/wp\/v2\/media\/10179"}],"wp:attachment":[{"href":"https:\/\/www.websupport.sk\/blog\/wp-json\/wp\/v2\/media?parent=10178"}],"wp:term":[{"taxonomy":"category","embeddable":true,"href":"https:\/\/www.websupport.sk\/blog\/wp-json\/wp\/v2\/categories?post=10178"},{"taxonomy":"post_tag","embeddable":true,"href":"https:\/\/www.websupport.sk\/blog\/wp-json\/wp\/v2\/tags?post=10178"}],"curies":[{"name":"wp","href":"https:\/\/api.w.org\/{rel}","templated":true}]}}